{"id":891,"date":"2020-11-02T07:25:29","date_gmt":"2020-11-02T07:25:29","guid":{"rendered":"https:\/\/ss-cg.org\/?p=891"},"modified":"2020-11-02T08:20:56","modified_gmt":"2020-11-02T08:20:56","slug":"saopstenje-za-javnost-audio-bajke","status":"publish","type":"post","link":"https:\/\/ss-cg.org\/?p=891","title":{"rendered":"SAOP\u0160TENJE ZA JAVNOST AUDIO BAJKE"},"content":{"rendered":"<p>Po\u0161tovani i po\u0161tovane,<\/p>\n<p>&nbsp;<\/p>\n<p>Savez slijepih Crne Gore u aprilu mjesecu, na dan knjige, pokrenuo je aktivnost pod nazivom: Audio poezija. Rije\u010d je o prilago\u0111avanju poezije u audio formatu, koja je prvenstveno namijenjena osobama o\u0161te\u0107enog vida, osobama koje ne mogu \u010ditati standardnu \u0161tampu, ali i ukupnoj javnosti, koja preferira konzumiranje poezije posredstvom audio-vizuelnih objava.<\/p>\n<p>&nbsp;<\/p>\n<p>S ponosom mo\u017eemo ista\u0107i da smo do danas kreirali i objavili preko 300 audio fajlova sa poetskim sadr\u017eajima, na \u010demu posebno zahvaljujemo volonterima. Tako\u0111e smo potpisali i memorandume o saradnji sa: Ratkovi\u0107evim ve\u010derima poezije iz Bijelog Polja, Forumom mladih pisaca KIC-a iz Podgorice i Knji\u017eevnim klubom JU Zahumlja \u201cPoenta poetika\u201d iz Nik\u0161i\u0107a.<\/p>\n<p>&nbsp;<\/p>\n<p>Od novembra mjeseca, sadr\u017eaj \u0107emo upotpuniti sa audio bajkama za na\u0161e najmla\u0111e. Svakog petka, na youtube kanalu i na dru\u0161tvenim mre\u017eama na\u0107i \u0107e se po jedna bajka u audio formatu. \u017delimo ista\u0107i da smo u ovom segmentu uspostavili saradnju sa EU Info centrom, koji je ustupio evropske bajke kreirane u okviru kampanje &#8221;EU na dlanu&#8221;.<\/p>\n<p>&nbsp;<\/p>\n<p>Na kraju, vjerujemo i o\u010dekujemo da \u0107e se mnogi priklju\u010diti realizaciji na\u0161e aktivnosti u razvijanju i boga\u0107enju sadr\u017eaja.<\/p>\n<p>&nbsp;<\/p>\n<p>Posjetite youtube kanal: <a href=\"https:\/\/www.youtube.com\/channel\/UCdvyiF17qzsPiDqC315IcXA\">https:\/\/www.youtube.com\/channel\/UCdvyiF17qzsPiDqC315IcXA<\/a>, facebook stranicu: \u00a0<a href=\"https:\/\/www.facebook.com\/pg\/Audio-poezija-103936691300761\/posts\/\">https:\/\/www.facebook.com\/pg\/Audio-poezija-103936691300761\/posts\/<\/a>,<\/p>\n<p>instagram stranicu: <a href=\"https:\/\/instagram.com\/audiopoezija?igshid=160a7uuc0uo4q\">https:\/\/instagram.com\/audiopoezija?igshid=160a7uuc0uo4q<\/a> .<\/p>\n<p>&nbsp;<\/p>\n<p>&nbsp;<\/p>\n<p>S po\u0161tovanjem,<\/p>\n<p>&nbsp;<\/p>\n","protected":false},"excerpt":{"rendered":"<p>Po\u0161tovani i po\u0161tovane, &nbsp; Savez slijepih Crne Gore u aprilu mjesecu, na dan knjige, pokrenuo je aktivnost pod nazivom: Audio poezija. Rije\u010d je o prilago\u0111avanju&#8230;<\/p>\n<div class=\"more-link-wrapper\"><a class=\"more-link\" href=\"https:\/\/ss-cg.org\/?p=891\">Op\u0161irnije<span class=\"screen-reader-text\">SAOP\u0160TENJE ZA JAVNOST AUDIO BAJKE<\/span><\/a><\/div>\n","protected":false},"author":3,"featured_media":846,"comment_status":"open","ping_status":"open","sticky":false,"template":"","format":"standard","meta":{"footnotes":""},"categories":[23],"tags":[309,173,48],"class_list":["post-891","post","type-post","status-publish","format-standard","has-post-thumbnail","hentry","category-aktuelnosti","tag-audio-bajke","tag-saopstenje-za-javnost","tag-savez-slijepih-crne-gore","ratio-2-1","entry"],"_links":{"self":[{"href":"https:\/\/ss-cg.org\/index.php?rest_route=\/wp\/v2\/posts\/891","targetHints":{"allow":["GET"]}}],"collection":[{"href":"https:\/\/ss-cg.org\/index.php?rest_route=\/wp\/v2\/posts"}],"about":[{"href":"https:\/\/ss-cg.org\/index.php?rest_route=\/wp\/v2\/types\/post"}],"author":[{"embeddable":true,"href":"https:\/\/ss-cg.org\/index.php?rest_route=\/wp\/v2\/users\/3"}],"replies":[{"embeddable":true,"href":"https:\/\/ss-cg.org\/index.php?rest_route=%2Fwp%2Fv2%2Fcomments&post=891"}],"version-history":[{"count":2,"href":"https:\/\/ss-cg.org\/index.php?rest_route=\/wp\/v2\/posts\/891\/revisions"}],"predecessor-version":[{"id":893,"href":"https:\/\/ss-cg.org\/index.php?rest_route=\/wp\/v2\/posts\/891\/revisions\/893"}],"wp:featuredmedia":[{"embeddable":true,"href":"https:\/\/ss-cg.org\/index.php?rest_route=\/wp\/v2\/media\/846"}],"wp:attachment":[{"href":"https:\/\/ss-cg.org\/index.php?rest_route=%2Fwp%2Fv2%2Fmedia&parent=891"}],"wp:term":[{"taxonomy":"category","embeddable":true,"href":"https:\/\/ss-cg.org\/index.php?rest_route=%2Fwp%2Fv2%2Fcategories&post=891"},{"taxonomy":"post_tag","embeddable":true,"href":"https:\/\/ss-cg.org\/index.php?rest_route=%2Fwp%2Fv2%2Ftags&post=891"}],"curies":[{"name":"wp","href":"https:\/\/api.w.org\/{rel}","templated":true}]}}