{"id":814,"date":"2019-07-22T09:36:14","date_gmt":"2019-07-22T09:36:14","guid":{"rendered":"https:\/\/ss-cg.org\/?p=814"},"modified":"2021-01-19T12:21:49","modified_gmt":"2021-01-19T12:21:49","slug":"potpisan-memorandum-o-saradnji-izmedju-saveza-slijepih-crne-gore-i-nvo-safra","status":"publish","type":"post","link":"https:\/\/ss-cg.org\/?p=814","title":{"rendered":"Potpisan memorandum o saradnji izme\u0111u Saveza slijepih Crne Gore i NVO Safra"},"content":{"rendered":"<p>U \u010detvrtak 18.jula, NVO Safra I Savez slijepih Crne Gore potpisali su Memorandum o saradnji u procesu pripremanja literature u audio formatu, potrebne studentima kojima je neophodno prilago\u0111avanje literature, u cilju omogu\u0107avanja lak\u0161eg studiranja. Sva literatura konvertovana u audio formatu \u0107e se na\u0107ina web platformi u formi skladi\u0161ta snimljenog audio sadr\u017eaja.<\/p>\n<p>&nbsp;<\/p>\n","protected":false},"excerpt":{"rendered":"<p>U \u010detvrtak 18.jula, NVO Safra I Savez slijepih Crne Gore potpisali su Memorandum o saradnji u procesu pripremanja literature u audio formatu, potrebne studentima kojima&#8230;<\/p>\n<div class=\"more-link-wrapper\"><a class=\"more-link\" href=\"https:\/\/ss-cg.org\/?p=814\">Op\u0161irnije<span class=\"screen-reader-text\">Potpisan memorandum o saradnji izme\u0111u Saveza slijepih Crne Gore i NVO Safra<\/span><\/a><\/div>\n","protected":false},"author":3,"featured_media":1277,"comment_status":"open","ping_status":"open","sticky":false,"template":"","format":"standard","meta":{"footnotes":""},"categories":[23],"tags":[256,255,48],"class_list":["post-814","post","type-post","status-publish","format-standard","has-post-thumbnail","hentry","category-aktuelnosti","tag-memorandum-o-saradnji","tag-nvo-safra","tag-savez-slijepih-crne-gore","ratio-2-1","entry"],"_links":{"self":[{"href":"https:\/\/ss-cg.org\/index.php?rest_route=\/wp\/v2\/posts\/814","targetHints":{"allow":["GET"]}}],"collection":[{"href":"https:\/\/ss-cg.org\/index.php?rest_route=\/wp\/v2\/posts"}],"about":[{"href":"https:\/\/ss-cg.org\/index.php?rest_route=\/wp\/v2\/types\/post"}],"author":[{"embeddable":true,"href":"https:\/\/ss-cg.org\/index.php?rest_route=\/wp\/v2\/users\/3"}],"replies":[{"embeddable":true,"href":"https:\/\/ss-cg.org\/index.php?rest_route=%2Fwp%2Fv2%2Fcomments&post=814"}],"version-history":[{"count":2,"href":"https:\/\/ss-cg.org\/index.php?rest_route=\/wp\/v2\/posts\/814\/revisions"}],"predecessor-version":[{"id":816,"href":"https:\/\/ss-cg.org\/index.php?rest_route=\/wp\/v2\/posts\/814\/revisions\/816"}],"wp:featuredmedia":[{"embeddable":true,"href":"https:\/\/ss-cg.org\/index.php?rest_route=\/wp\/v2\/media\/1277"}],"wp:attachment":[{"href":"https:\/\/ss-cg.org\/index.php?rest_route=%2Fwp%2Fv2%2Fmedia&parent=814"}],"wp:term":[{"taxonomy":"category","embeddable":true,"href":"https:\/\/ss-cg.org\/index.php?rest_route=%2Fwp%2Fv2%2Fcategories&post=814"},{"taxonomy":"post_tag","embeddable":true,"href":"https:\/\/ss-cg.org\/index.php?rest_route=%2Fwp%2Fv2%2Ftags&post=814"}],"curies":[{"name":"wp","href":"https:\/\/api.w.org\/{rel}","templated":true}]}}