{"id":739,"date":"2020-09-30T12:10:56","date_gmt":"2020-09-30T12:10:56","guid":{"rendered":"https:\/\/ss-cg.org\/?p=739"},"modified":"2020-09-30T12:10:56","modified_gmt":"2020-09-30T12:10:56","slug":"rodna-ravnopravnost-2","status":"publish","type":"post","link":"https:\/\/ss-cg.org\/?p=739","title":{"rendered":"Rodna ravnopravnost"},"content":{"rendered":"<p class=\"s4\"><span class=\"s2\"><span class=\"bumpedFont15\">U srijedu 30<\/span><\/span><span class=\"s2\"><span class=\"bumpedFont15\">.septembra u prostorijama Saveza slijepih Crne Gore odr\u017eana je radionica \u201e<\/span><\/span><span class=\"s2\"><span class=\"bumpedFont15\">Presjek doma\u0107e i me\u0111unarodne pravne regulative iz oblasti rodne ravnopravnosti<\/span><\/span><span class=\"s2\"><span class=\"bumpedFont15\">\u201c <\/span><\/span><span class=\"s2\"><span class=\"bumpedFont15\">u okviru projekta \u201eOsna\u017eivanje slijepih \u017eena za borbu protiv nasilja, diskriminacije i rodne ravnopravnosti\u201c. Radionici su prisustvovali i mu\u0161karci i \u017eene o\u0161te\u0107enog vida, koji su <\/span><\/span><span class=\"s2\"><span class=\"bumpedFont15\">imali priliku da saznaju vi\u0161e o Konvenciji UN o pravima OSI, Zakonu o zabrani diskriminaciji OSI, Zakonu o rodnoj ravnopravnosti, Pekin\u0161koj deklaraciji, CEDAW, GREVIO izvje\u0161taju, Izvje\u0161taju PAPRR. <\/span><\/span><\/p>\n<p class=\"s4\"><span class=\"s2\"><span class=\"bumpedFont15\">Ovo je druga <\/span><\/span><span class=\"s2\"><span class=\"bumpedFont15\">od \u010detiri radionice koje \u0107e se odr\u017eati u periodu septembar-oktobar. <\/span><\/span><\/p>\n<p class=\"s4\"><span class=\"s2\"><span class=\"bumpedFont15\">Tre\u0107a<\/span><\/span><span class=\"s2\"><span class=\"bumpedFont15\"> radionica na temu \u201e<\/span><\/span><span class=\"s2\"><span class=\"bumpedFont15\">Diskri<\/span><\/span><a name=\"_GoBack\"><\/a><span class=\"s2\"><span class=\"bumpedFont15\">minacija \u017eena o\u0161te\u0107enog vida\u201c <\/span><\/span><span class=\"s2\"><span class=\"bumpedFont15\">\u0107e biti odr\u017e<\/span><\/span><span class=\"s2\"><span class=\"bumpedFont15\">ana u srijedu 7.oktob<\/span><\/span><span class=\"s2\"><span class=\"bumpedFont15\">ra. <\/span><\/span><\/p>\n<p class=\"s5\"><span class=\"s2\"><span class=\"bumpedFont15\">Ciljevi projekta su: <\/span><\/span><\/p>\n<div class=\"s7\"><span class=\"s6\">\u2022 <\/span><span class=\"s2\"><span class=\"bumpedFont15\">Doprinijeti pove\u0107anju znanja osoba o\u0161te\u0107enog vida, posebno \u017eena o rodnoj ravnopravnosti, ljudskim pravima, nasilju i borbi protiv diskriminacije. <\/span><\/span><\/div>\n<div class=\"s7\"><span class=\"s6\">\u2022 <\/span><span class=\"s2\"><span class=\"bumpedFont15\">Raditi na osna\u017eivanju \u017eena i mu\u0161karaca \u00a0o\u0161te\u0107enog vida iz Beograda, Podgorice i Tuzle kako bi se aktivnije uklju\u010dili u dru\u0161tveni \u017eivot s naglaskom na pitanja koja se njih direktno ti\u010du.<\/span><\/span><\/div>\n<p class=\"s5\"><span class=\"s2\"><span class=\"bumpedFont15\">Projekat sprovodi Udru\u017eenje gra\u0111ana o\u0161te\u0107enog vida Tuzla u partnerstvu sa Gradskom organizacijom slepih Beograd i Savezom slijepih Crne Gore \u00a0u okviru Zajedni\u010dkog regionalnog programa \u201eDijalog za budu\u0107nost: unaprije\u0111enje dijaloga i dru\u0161tvene kohezije u, i izme\u0111u, Bosne i Hercegovine, Crne Gore i Republike Srbije\u201c, koji sprovode UNDP, UNICEF i UNESCO, a finansira ga Fond UN-a za izgradnju mira (UN PBF). <\/span><\/span><\/p>\n<p>&nbsp;<\/p>\n<p><span class=\"s2\"><span class=\"bumpedFont15\">Katarina Bigovi\u0107<\/span><\/span><\/p>\n","protected":false},"excerpt":{"rendered":"<p>U srijedu 30.septembra u prostorijama Saveza slijepih Crne Gore odr\u017eana je radionica \u201ePresjek doma\u0107e i me\u0111unarodne pravne regulative iz oblasti rodne ravnopravnosti\u201c u okviru projekta&#8230;<\/p>\n<div class=\"more-link-wrapper\"><a class=\"more-link\" href=\"https:\/\/ss-cg.org\/?p=739\">Op\u0161irnije<span class=\"screen-reader-text\">Rodna ravnopravnost<\/span><\/a><\/div>\n","protected":false},"author":3,"featured_media":740,"comment_status":"open","ping_status":"open","sticky":false,"template":"","format":"standard","meta":{"footnotes":""},"categories":[23],"tags":[214,205,48],"class_list":["post-739","post","type-post","status-publish","format-standard","has-post-thumbnail","hentry","category-aktuelnosti","tag-radionica","tag-rodna-ravnopravnost","tag-savez-slijepih-crne-gore","ratio-2-1","entry"],"_links":{"self":[{"href":"https:\/\/ss-cg.org\/index.php?rest_route=\/wp\/v2\/posts\/739","targetHints":{"allow":["GET"]}}],"collection":[{"href":"https:\/\/ss-cg.org\/index.php?rest_route=\/wp\/v2\/posts"}],"about":[{"href":"https:\/\/ss-cg.org\/index.php?rest_route=\/wp\/v2\/types\/post"}],"author":[{"embeddable":true,"href":"https:\/\/ss-cg.org\/index.php?rest_route=\/wp\/v2\/users\/3"}],"replies":[{"embeddable":true,"href":"https:\/\/ss-cg.org\/index.php?rest_route=%2Fwp%2Fv2%2Fcomments&post=739"}],"version-history":[{"count":1,"href":"https:\/\/ss-cg.org\/index.php?rest_route=\/wp\/v2\/posts\/739\/revisions"}],"predecessor-version":[{"id":741,"href":"https:\/\/ss-cg.org\/index.php?rest_route=\/wp\/v2\/posts\/739\/revisions\/741"}],"wp:featuredmedia":[{"embeddable":true,"href":"https:\/\/ss-cg.org\/index.php?rest_route=\/wp\/v2\/media\/740"}],"wp:attachment":[{"href":"https:\/\/ss-cg.org\/index.php?rest_route=%2Fwp%2Fv2%2Fmedia&parent=739"}],"wp:term":[{"taxonomy":"category","embeddable":true,"href":"https:\/\/ss-cg.org\/index.php?rest_route=%2Fwp%2Fv2%2Fcategories&post=739"},{"taxonomy":"post_tag","embeddable":true,"href":"https:\/\/ss-cg.org\/index.php?rest_route=%2Fwp%2Fv2%2Ftags&post=739"}],"curies":[{"name":"wp","href":"https:\/\/api.w.org\/{rel}","templated":true}]}}