{"id":587,"date":"2020-06-22T08:24:59","date_gmt":"2020-06-22T08:24:59","guid":{"rendered":"https:\/\/ss-cg.org\/?p=587"},"modified":"2020-06-22T08:24:59","modified_gmt":"2020-06-22T08:24:59","slug":"odrzan-trening-za-mlade-trazioce-zaposlenja","status":"publish","type":"post","link":"https:\/\/ss-cg.org\/?p=587","title":{"rendered":"Odr\u017ean trening za mlade tra\u017eioce zaposlenja"},"content":{"rendered":"<p><strong><img loading=\"lazy\" decoding=\"async\" class=\"alignnone size-medium wp-image-588\" src=\"https:\/\/ss-cg.org\/wp-content\/uploads\/2020\/06\/21AE1DF7-CE46-402E-93FF-FE6CF660392C-300x225.jpeg\" alt=\"\" width=\"300\" height=\"225\" srcset=\"https:\/\/ss-cg.org\/wp-content\/uploads\/2020\/06\/21AE1DF7-CE46-402E-93FF-FE6CF660392C-300x225.jpeg 300w, https:\/\/ss-cg.org\/wp-content\/uploads\/2020\/06\/21AE1DF7-CE46-402E-93FF-FE6CF660392C-1024x768.jpeg 1024w, https:\/\/ss-cg.org\/wp-content\/uploads\/2020\/06\/21AE1DF7-CE46-402E-93FF-FE6CF660392C-768x576.jpeg 768w, https:\/\/ss-cg.org\/wp-content\/uploads\/2020\/06\/21AE1DF7-CE46-402E-93FF-FE6CF660392C-1536x1152.jpeg 1536w, https:\/\/ss-cg.org\/wp-content\/uploads\/2020\/06\/21AE1DF7-CE46-402E-93FF-FE6CF660392C.jpeg 1600w\" sizes=\"auto, (max-width: 300px) 100vw, 300px\" \/><\/strong><\/p>\n<p>U prostorijama Saveza slijepih Crne Gore u petak je odr\u017ean tre\u0107i trening na temu zapo\u0161ljavanja za osobe o\u0161te\u0107enog vida. Trening je dio aktivnosti ADVISE, koji sprovodi Evropski savez slijepih. Ova aktivnost je pilotirana u \u010detiri dr\u017eave Poljskoj, Austriji, \u0160paniji i Crnoj Gori.<br \/>\nTreningu je prisustvovalo 11 osoba o\u0161te\u0107enog vida. Trening je vodila Katarina Bigovi\u0107 koja je pro\u0161le godine prisustvovala treningu za trenere u Parizu.<br \/>\nOvim, tre\u0107im treningom se zavr\u0161avaju aktivnosti u okviru ADVISE.<br \/>\nSavez slijepih \u0107e i dalje u okviru svog rada akcentovati politiku zapo\u0161ljavanja i unaprje\u0111enje.<\/p>\n<p>&nbsp;<\/p>\n","protected":false},"excerpt":{"rendered":"<p>U prostorijama Saveza slijepih Crne Gore u petak je odr\u017ean tre\u0107i trening na temu zapo\u0161ljavanja za osobe o\u0161te\u0107enog vida. Trening je dio aktivnosti ADVISE, koji&#8230;<\/p>\n<div class=\"more-link-wrapper\"><a class=\"more-link\" href=\"https:\/\/ss-cg.org\/?p=587\">Op\u0161irnije<span class=\"screen-reader-text\">Odr\u017ean trening za mlade tra\u017eioce zaposlenja<\/span><\/a><\/div>\n","protected":false},"author":3,"featured_media":588,"comment_status":"open","ping_status":"open","sticky":false,"template":"","format":"standard","meta":{"footnotes":""},"categories":[23],"tags":[172,137,124,48,171],"class_list":["post-587","post","type-post","status-publish","format-standard","has-post-thumbnail","hentry","category-aktuelnosti","tag-advise","tag-ebu","tag-osobe-ostecenog-vida","tag-savez-slijepih-crne-gore","tag-trening","ratio-2-1","entry"],"_links":{"self":[{"href":"https:\/\/ss-cg.org\/index.php?rest_route=\/wp\/v2\/posts\/587","targetHints":{"allow":["GET"]}}],"collection":[{"href":"https:\/\/ss-cg.org\/index.php?rest_route=\/wp\/v2\/posts"}],"about":[{"href":"https:\/\/ss-cg.org\/index.php?rest_route=\/wp\/v2\/types\/post"}],"author":[{"embeddable":true,"href":"https:\/\/ss-cg.org\/index.php?rest_route=\/wp\/v2\/users\/3"}],"replies":[{"embeddable":true,"href":"https:\/\/ss-cg.org\/index.php?rest_route=%2Fwp%2Fv2%2Fcomments&post=587"}],"version-history":[{"count":1,"href":"https:\/\/ss-cg.org\/index.php?rest_route=\/wp\/v2\/posts\/587\/revisions"}],"predecessor-version":[{"id":595,"href":"https:\/\/ss-cg.org\/index.php?rest_route=\/wp\/v2\/posts\/587\/revisions\/595"}],"wp:featuredmedia":[{"embeddable":true,"href":"https:\/\/ss-cg.org\/index.php?rest_route=\/wp\/v2\/media\/588"}],"wp:attachment":[{"href":"https:\/\/ss-cg.org\/index.php?rest_route=%2Fwp%2Fv2%2Fmedia&parent=587"}],"wp:term":[{"taxonomy":"category","embeddable":true,"href":"https:\/\/ss-cg.org\/index.php?rest_route=%2Fwp%2Fv2%2Fcategories&post=587"},{"taxonomy":"post_tag","embeddable":true,"href":"https:\/\/ss-cg.org\/index.php?rest_route=%2Fwp%2Fv2%2Ftags&post=587"}],"curies":[{"name":"wp","href":"https:\/\/api.w.org\/{rel}","templated":true}]}}