{"id":5477,"date":"2026-03-30T13:08:24","date_gmt":"2026-03-30T13:08:24","guid":{"rendered":"https:\/\/ss-cg.org\/?p=5477"},"modified":"2026-03-31T08:40:13","modified_gmt":"2026-03-31T08:40:13","slug":"vladavina-prava-je-cilj-koji-nema-alternativu","status":"publish","type":"post","link":"https:\/\/ss-cg.org\/?p=5477","title":{"rendered":"Vladavina prava je cilj koji nema alternativu"},"content":{"rendered":"<p>Punopravno \u010dlanstvo Crne Gore u Evropskoj uniji, je izme\u0111uostalog moja potreba i izbor, a ne nametnuto rje\u0161enje. Biti dio otvorenog tr\u017ei\u0161ta, za protok ljudi, roba, usluga i kapitala, prednost je koja se nesmije propu\u0161titi. Putovanja bez viza i paso\u0161kih kontrola omogu\u0107avaju nam brojna poznanstva, razmjenu iskustava, oboga\u0107uju znanja, a sve nas to \u010dini konkurentnim na tr\u017ei\u0161tu rada, koje garantuje bolji \u017eivotni standard.<br \/>\nOsobama s invaliditetom standardi porodice razvijenih dr\u017eava i naroda, garantuju bolju pristupa\u010dnost ne samo fizi\u010dke sredine, ve\u0107 dostupnije informacije, bez kojih se ne mo\u017ee govoriti o ravnopravnosti u \u0161iroj dru\u0161tvenoj zajednici.<br \/>\nIskustva koja sam stekao borave\u0107i u skoro svim \u010dlanicama Evropske unije su takva da sam se prilikom svakog povratka u Crnu Goru pitao, ne kada \u0107emo dosti\u0107i njihove standarde, ve\u0107 zbog \u010dega to nijesmo uradili prije nego, \u0161to nam to drugi postave kao uslov da bi se na\u0161li u njihovom dru\u0161tvu.<br \/>\nU Briselu i drugim prestonicama sresti osobu s invaliditetom u dr\u017eavnim institucijama i na mjestima odlu\u010divanja je toliko uobi\u010dajna pojava, kao kod nas iza\u0107i na pi\u0107e u toku radnog vremena.<br \/>\nDok sam se pro\u0161log prolje\u0107a sa prijateljima borio za o\u010duvanje prava iz oblasti zapo\u0161ljavanja i profesionalne rehabilitacije, osje\u0107o sam dozu nelagode, \u0161to u mojoj Crnoj Gori treba da ljudima na mjestima dono\u0161enja odluka, moram obja\u0161njavati da osobe s invaliditetom mogu podjednako kvalitetno kao I drugi obavljati poslove za koje su \u0161kolovani i da im za to pripada pravo na zaradu kao i na\u0161im kolegama, sa istim stepenom stru\u010dne spreme i pribli\u017eno istim godinama radnog sta\u017ea. Po\u0161tovanje na\u010dela &#8220;Ni\u0161ta o nama bez nas&#8221; u Evropskoj uniji se podrazumijeva, a kod nas je izuzetak, a ne pravilo.<br \/>\nU\u010de\u0161\u0107e u javnom I politi\u010dkom \u017eivotu osoba s invaliditetom kod nas je ravno incidentu.<br \/>\nKada se I to desi \u010de\u0161\u0107e su to situacije gdje politi\u010dke partije poku\u0161avaju da profitiraju nego \u0161to imaju iskrenu namjeru da unaprijede polo\u017eaj jedne od najmarginalizovanije grupe gra\u0111ana u Crnoj Gori. Ljudi iz populacije kojoj i sam pripadam i ne pomi\u0161ljaju da se jednog dana mogu na\u0107i na \u010delu nekog ministarstva, voditi politi\u010dku partiju ili predstavljati svoju dr\u017eavu sa pozicije ambasadora, \u0161to su pojave na koje mo\u017eemo nai\u0107i u dr\u017eavama \u010dije dru\u0161tvo \u017eelimo.<br \/>\nNaravno na\u0161i nedostaci, nijesu takvi i toliki da se relativno brzo ne mogu odkloniti, ako za to postoji dobra volja.<\/p>\n<p>Vrijednosti koje imamo, a koje nas preporu\u010duju za tako \u0161iroko i napredno dru\u0161tvo su takve da bih po\u017eeljeli mnogo ve\u0107i narodi i bogatije zajednice. Istorijsko nasle\u0111e, duhovne, kulturne I tradicionalne vrijednosti su ne\u0161to \u010demu su se divili i zbog \u010dega su na\u0161 jezik u\u010dili neki od najpoznatijih nau\u010dnika i umjetnika iz dr\u017eava koje su u pro\u0161losti bile carevine I imperije, kojima se divio ostatak svijeta. U dru\u0161tvo velikih I bogatih se ne ide kao prosjak, ve\u0107, kao dostojanstven i ponosan na ono \u0161to nam je ostalo u naslije\u0111e, koje smo mi dodatno unaprijedili i sa \u010dim se mo\u017eemo legitimisati na svakom kraju na\u0161e planete.<br \/>\nPripadam onim ljudima koji se ne pla\u0161e \u010dlanstva u Evropskoj uniji zbog odlaska kvalitetnih kadrova i mladih ljudi, jer vrijednosti o kojima sam ve\u0107 pisao i prirodne ljepote Crne Gore sigurno \u0107e privu\u0107i brojne gra\u0111ane drugih dr\u017eava koji \u0107e po\u017eeljeti da u na\u0161oj dr\u017eavi \u017eive i grade budu\u0107nost svojih porodica.<br \/>\nVladavina prava podrazumijeva po\u0161tovanje zakona i isklju\u010divanje volje pojedinca, bez obzira na kojem se mjestu nalazi. Jednakost pred zakonom bez obzira na boju ko\u017ee, nacionalnu pripadnost, dr\u017eavljanstvo, etni\u010dko porijeklo, invaliditet, socijalno stanje, vjersko I filosofsko uvjerenje je cilj bez kojeg se ne mogu zamisliti demokratska dru\u0161tva.<br \/>\nPreostalo vrijeme do punopravnog \u010dlanstva u Evropskoj uniji moramo iskoristiti kako bi uskladili na\u0161e zakone sa pravnom tekovinom EU, ve\u0107 I promijenili navike da poslove zavr\u0161avamo po\u0161tuju\u0107i jasno propisanu proceduru, a ne koriste\u0107i se nepotisti\u010dkim vezama i politi\u010dkim preporukama.<\/p>\n<p>Autor teksta: Radenko Lacmanovi\u0107, ekspert u oblasti za\u0161tite li\u010dnih podataka i slobodnog pristupa informacija<\/p>\n","protected":false},"excerpt":{"rendered":"<p>Punopravno \u010dlanstvo Crne Gore u Evropskoj uniji, je izme\u0111uostalog moja potreba i izbor, a ne nametnuto rje\u0161enje. Biti dio otvorenog tr\u017ei\u0161ta, za protok ljudi, roba,&#8230;<\/p>\n<div class=\"more-link-wrapper\"><a class=\"more-link\" href=\"https:\/\/ss-cg.org\/?p=5477\">Op\u0161irnije<span class=\"screen-reader-text\">Vladavina prava je cilj koji nema alternativu<\/span><\/a><\/div>\n","protected":false},"author":3,"featured_media":5478,"comment_status":"open","ping_status":"open","sticky":false,"template":"","format":"standard","meta":{"footnotes":""},"categories":[23],"tags":[498,1708,1656,28,382,1657,32],"class_list":["post-5477","post","type-post","status-publish","format-standard","has-post-thumbnail","hentry","category-aktuelnosti","tag-eu","tag-eu-integracije","tag-jednaki-u-procesu","tag-osi","tag-radenko-lacmanovic","tag-ravnopravni-u-buducnosti","tag-sscg","ratio-2-1","entry"],"_links":{"self":[{"href":"https:\/\/ss-cg.org\/index.php?rest_route=\/wp\/v2\/posts\/5477","targetHints":{"allow":["GET"]}}],"collection":[{"href":"https:\/\/ss-cg.org\/index.php?rest_route=\/wp\/v2\/posts"}],"about":[{"href":"https:\/\/ss-cg.org\/index.php?rest_route=\/wp\/v2\/types\/post"}],"author":[{"embeddable":true,"href":"https:\/\/ss-cg.org\/index.php?rest_route=\/wp\/v2\/users\/3"}],"replies":[{"embeddable":true,"href":"https:\/\/ss-cg.org\/index.php?rest_route=%2Fwp%2Fv2%2Fcomments&post=5477"}],"version-history":[{"count":3,"href":"https:\/\/ss-cg.org\/index.php?rest_route=\/wp\/v2\/posts\/5477\/revisions"}],"predecessor-version":[{"id":5486,"href":"https:\/\/ss-cg.org\/index.php?rest_route=\/wp\/v2\/posts\/5477\/revisions\/5486"}],"wp:featuredmedia":[{"embeddable":true,"href":"https:\/\/ss-cg.org\/index.php?rest_route=\/wp\/v2\/media\/5478"}],"wp:attachment":[{"href":"https:\/\/ss-cg.org\/index.php?rest_route=%2Fwp%2Fv2%2Fmedia&parent=5477"}],"wp:term":[{"taxonomy":"category","embeddable":true,"href":"https:\/\/ss-cg.org\/index.php?rest_route=%2Fwp%2Fv2%2Fcategories&post=5477"},{"taxonomy":"post_tag","embeddable":true,"href":"https:\/\/ss-cg.org\/index.php?rest_route=%2Fwp%2Fv2%2Ftags&post=5477"}],"curies":[{"name":"wp","href":"https:\/\/api.w.org\/{rel}","templated":true}]}}