{"id":5474,"date":"2026-03-26T12:09:07","date_gmt":"2026-03-26T12:09:07","guid":{"rendered":"https:\/\/ss-cg.org\/?p=5474"},"modified":"2026-03-26T12:09:07","modified_gmt":"2026-03-26T12:09:07","slug":"realizovan-prvi-medjunarodni-program-mobilnosti-u-okviru-erasmus-projekta-youth-impact","status":"publish","type":"post","link":"https:\/\/ss-cg.org\/?p=5474","title":{"rendered":"Realizovan prvi me\u0111unarodni program mobilnosti u okviru Erasmus+ projekta Youth IMPACT"},"content":{"rendered":"<p>U Budvi je u periodu od 20. do 25. marta 2026. godine, u hotelu Mediteran, realizovan prvi me\u0111unarodni program mobilnosti u okviru Erasmus+ projekta Youth IMPACT. Tokom programa, mladi iz Crne Gore, Hrvatske, Slovenije i Bosne i Hercegovine pro\u0161li su kroz intenzivan proces u\u010denja, razmjene iskustava i me\u0111usobnog povezivanja, grade\u0107i ne samo nova znanja, ve\u0107 i sna\u017ene me\u0111uljudske veze.<\/p>\n<p>Program je zapo\u010deo u znaku upoznavanja i stvaranja sigurnog prostora za sve u\u010desnike. Ve\u0107 tokom prvog dana, kroz neformalne i interaktivne aktivnosti, u\u010desnici su imali priliku da podijele svoje pri\u010de, o\u010dekivanja i razloge zbog kojih su se prijavili. Upravo taj po\u010detni korak bio je klju\u010dan za stvaranje otvorene atmosfere povjerenja, koja je obilje\u017eila cijeli trening.<\/p>\n<p>Ve\u0107 narednog dana, kroz zvani\u010dno otvaranje i pa\u017eljivo osmi\u0161ljene aktivnosti, grupa je po\u010dela da se oblikuje kao tim. U\u010desnici su zajedno definisali pravila rada i o\u010dekivanja, dok su edukativne sesije bile usmjerene na razumijevanje invaliditeta, razbijanje predrasuda i razvoj komunikacionih vje\u0161tina. Kroz aktivno slu\u0161anje i timski rad, postavljen je temelj za kvalitetnu saradnju u danima koji su slijedili.<\/p>\n<p>Tre\u0107i dan donio je dublje promi\u0161ljanje o izazovima sa kojima se suo\u010davaju mladi o\u0161te\u0107enog vida. Kroz dinami\u010dnu debatu o ulozi tehnologije u unapre\u0111enju kvaliteta \u017eivota, u\u010desnici su razvijali sposobnost argumentacije, ali i u\u010dili da uva\u017ee razli\u010dita mi\u0161ljenja. Interaktivne metode, poput igranja uloga, dodatno su podstakle razvoj empatije i razumijevanje perspektiva drugih. Razgovori su se prirodno usmjerili ka prepoznavanju prepreka \u2013 od dru\u0161tvenih stavova do fizi\u010dkih i komunikacionih barijera \u2013 uz zajedni\u010dko promi\u0161ljanje o mogu\u0107im rje\u0161enjima.<\/p>\n<p>Kako je program odmicao, fokus se sve vi\u0161e pomjerao ka prakti\u010dnim vje\u0161tinama i svakodnevnim izazovima. \u010cetvrti dan bio je posve\u0107en razumijevanju razli\u010ditih vrsta barijera kroz perspektivu razli\u010ditih dru\u0161tvenih aktera, ali i ja\u010danju samostalnosti u\u010desnika. Kroz konkretne primjere i razmjenu iskustava, radilo se na razvoju \u017eivotnih vje\u0161tina, poput upravljanja vremenom i brige o sebi. Poseban trenutak tog dana bio je zajedni\u010dki obilazak Starog grada Budve, koji je omogu\u0107io u\u010desnicima da se dodatno pove\u017eu i van formalnog dijela programa.<\/p>\n<p>Zavr\u0161ni dan treninga bio je usmjeren ka budu\u0107nosti i mogu\u0107nostima koje stoje pred mladima o\u0161te\u0107enog vida. Kroz analizu pravnog okvira i diskusije o zapo\u0161ljavanju, u\u010desnici su dobili \u0161iru sliku o svom polo\u017eaju na tr\u017ei\u0161tu rada. Simulacije razgovora za posao omogu\u0107ile su im da uvje\u017ebaju predstavljanje, komunikaciju i snala\u017eenje u realnim situacijama, dok su sesije o digitalnim vje\u0161tinama dodatno naglasile njihov zna\u010daj za samostalnost i profesionalni razvoj.<\/p>\n<p>Program je zavr\u0161en u atmosferi zajedni\u0161tva i refleksije. U\u010desnici su sumirali svoja iskustva, podijelili utiske i jasno pokazali koliko ovakvi programi mogu imati sna\u017ean uticaj na li\u010dni i profesionalni razvoj. Kroz sve aktivnosti provla\u010dila se ista poruka &#8211; da povezivanje, razumijevanje i inkluzija predstavljaju temelj dru\u0161tva u kojem svi imaju jednake mogu\u0107nosti.<\/p>\n<p>Kao simbol tog zajedni\u010dkog iskustva, u\u010desnici su kroz video podijelili svoje glasove i poruke, podsje\u0107aju\u0107i da promjene po\u010dinju onda kada smo spremni da slu\u0161amo, u\u010dimo i djelujemo zajedno.<\/p>\n<p>Projekat sufinansira Evropska unija. Izra\u017eeni stavovi i mi\u0161ljenja vlasni\u0161tvo su autora i ne odra\u017eavaju nu\u017eno stavove Evropske unije ili EACEA-e. Ni Evropska unija ni tijelo koje dodjeljuje podr\u0161ku ne mogu se smatrati odgovornima za njih.<\/p>\n","protected":false},"excerpt":{"rendered":"<p>U Budvi je u periodu od 20. do 25. marta 2026. godine, u hotelu Mediteran, realizovan prvi me\u0111unarodni program mobilnosti u okviru Erasmus+ projekta Youth&#8230;<\/p>\n<div class=\"more-link-wrapper\"><a class=\"more-link\" href=\"https:\/\/ss-cg.org\/?p=5474\">Op\u0161irnije<span class=\"screen-reader-text\">Realizovan prvi me\u0111unarodni program mobilnosti u okviru Erasmus+ projekta Youth IMPACT<\/span><\/a><\/div>\n","protected":false},"author":3,"featured_media":5475,"comment_status":"open","ping_status":"open","sticky":false,"template":"","format":"standard","meta":{"footnotes":""},"categories":[23],"tags":[1183,1574,498,1710,109,124,32,1575,1718],"class_list":["post-5474","post","type-post","status-publish","format-standard","has-post-thumbnail","hentry","category-aktuelnosti","tag-budva","tag-erasmus","tag-eu","tag-hotel-mediteran","tag-mladi","tag-osobe-ostecenog-vida","tag-sscg","tag-youth-impact","tag-youth-mobility","ratio-2-1","entry"],"_links":{"self":[{"href":"https:\/\/ss-cg.org\/index.php?rest_route=\/wp\/v2\/posts\/5474","targetHints":{"allow":["GET"]}}],"collection":[{"href":"https:\/\/ss-cg.org\/index.php?rest_route=\/wp\/v2\/posts"}],"about":[{"href":"https:\/\/ss-cg.org\/index.php?rest_route=\/wp\/v2\/types\/post"}],"author":[{"embeddable":true,"href":"https:\/\/ss-cg.org\/index.php?rest_route=\/wp\/v2\/users\/3"}],"replies":[{"embeddable":true,"href":"https:\/\/ss-cg.org\/index.php?rest_route=%2Fwp%2Fv2%2Fcomments&post=5474"}],"version-history":[{"count":1,"href":"https:\/\/ss-cg.org\/index.php?rest_route=\/wp\/v2\/posts\/5474\/revisions"}],"predecessor-version":[{"id":5476,"href":"https:\/\/ss-cg.org\/index.php?rest_route=\/wp\/v2\/posts\/5474\/revisions\/5476"}],"wp:featuredmedia":[{"embeddable":true,"href":"https:\/\/ss-cg.org\/index.php?rest_route=\/wp\/v2\/media\/5475"}],"wp:attachment":[{"href":"https:\/\/ss-cg.org\/index.php?rest_route=%2Fwp%2Fv2%2Fmedia&parent=5474"}],"wp:term":[{"taxonomy":"category","embeddable":true,"href":"https:\/\/ss-cg.org\/index.php?rest_route=%2Fwp%2Fv2%2Fcategories&post=5474"},{"taxonomy":"post_tag","embeddable":true,"href":"https:\/\/ss-cg.org\/index.php?rest_route=%2Fwp%2Fv2%2Ftags&post=5474"}],"curies":[{"name":"wp","href":"https:\/\/api.w.org\/{rel}","templated":true}]}}