{"id":5464,"date":"2026-03-17T10:20:24","date_gmt":"2026-03-17T10:20:24","guid":{"rendered":"https:\/\/ss-cg.org\/?p=5464"},"modified":"2026-03-18T10:30:25","modified_gmt":"2026-03-18T10:30:25","slug":"odrzan-drugi-grupni-sastanak","status":"publish","type":"post","link":"https:\/\/ss-cg.org\/?p=5464","title":{"rendered":"Odr\u017ean drugi grupni sastanak"},"content":{"rendered":"<p dir=\"auto\">U utorak, 17. marta 2026. godine, u Podgorici je odr\u017ean drugi grupni sastanak u okviru projekta \u201eVidljiva, sna\u017ena, svoja\u201c, koji realizuje Savez slijepih Crne Gore, uz finansijsku podr\u0161ku Ministarstva socijalnog staranja, brige o porodici i demografije.<\/p>\n<p dir=\"auto\">Susret je ponovo okupio \u017eene s invaliditetom razli\u010dite \u017eivotne dobi i iskustava, koje su u sigurnom i podr\u017eavaju\u0107em prostoru razgovarale o temama partnerskih odnosa i seksualnosti.<\/p>\n<p dir=\"auto\">Kroz otvoren i iskren dijalog, u\u010desnice su razmjenjivale iskustva, dileme i stavove, uz me\u0111usobnu podr\u0161ku i osna\u017eivanje, potvr\u0111uju\u0107i koliko je va\u017eno govoriti o ovim temama bez predrasuda i u atmosferi povjerenja.<\/p>\n<p dir=\"auto\">Projekat \u201eVidljiva, sna\u017ena, svoja\u201c ima za cilj unaprje\u0111enje za\u0161tite \u017eena i djevoj\u010dica s invaliditetom, ja\u010danje njihovog samopouzdanja i informisanosti, ali i unaprje\u0111enje institucionalnog odgovora kroz edukaciju stru\u010dnih radnika i radnica.<\/p>\n<p dir=\"auto\">Hvala svim u\u010desnicama na povjerenju, otvorenosti i spremnosti da zajedno gradimo prostor podr\u0161ke i razumijevanja.<\/p>\n","protected":false},"excerpt":{"rendered":"<p>U utorak, 17. marta 2026. godine, u Podgorici je odr\u017ean drugi grupni sastanak u okviru projekta \u201eVidljiva, sna\u017ena, svoja\u201c, koji realizuje Savez slijepih Crne Gore,&#8230;<\/p>\n<div class=\"more-link-wrapper\"><a class=\"more-link\" href=\"https:\/\/ss-cg.org\/?p=5464\">Op\u0161irnije<span class=\"screen-reader-text\">Odr\u017ean drugi grupni sastanak<\/span><\/a><\/div>\n","protected":false},"author":3,"featured_media":5465,"comment_status":"open","ping_status":"open","sticky":false,"template":"","format":"standard","meta":{"footnotes":""},"categories":[23],"tags":[1716,1715,1659,32,1660,1658,1509],"class_list":["post-5464","post","type-post","status-publish","format-standard","has-post-thumbnail","hentry","category-aktuelnosti","tag-drugi-sastanak","tag-mssdcg","tag-snazna","tag-sscg","tag-svoja","tag-vidljiva","tag-zsi","ratio-2-1","entry"],"_links":{"self":[{"href":"https:\/\/ss-cg.org\/index.php?rest_route=\/wp\/v2\/posts\/5464","targetHints":{"allow":["GET"]}}],"collection":[{"href":"https:\/\/ss-cg.org\/index.php?rest_route=\/wp\/v2\/posts"}],"about":[{"href":"https:\/\/ss-cg.org\/index.php?rest_route=\/wp\/v2\/types\/post"}],"author":[{"embeddable":true,"href":"https:\/\/ss-cg.org\/index.php?rest_route=\/wp\/v2\/users\/3"}],"replies":[{"embeddable":true,"href":"https:\/\/ss-cg.org\/index.php?rest_route=%2Fwp%2Fv2%2Fcomments&post=5464"}],"version-history":[{"count":1,"href":"https:\/\/ss-cg.org\/index.php?rest_route=\/wp\/v2\/posts\/5464\/revisions"}],"predecessor-version":[{"id":5466,"href":"https:\/\/ss-cg.org\/index.php?rest_route=\/wp\/v2\/posts\/5464\/revisions\/5466"}],"wp:featuredmedia":[{"embeddable":true,"href":"https:\/\/ss-cg.org\/index.php?rest_route=\/wp\/v2\/media\/5465"}],"wp:attachment":[{"href":"https:\/\/ss-cg.org\/index.php?rest_route=%2Fwp%2Fv2%2Fmedia&parent=5464"}],"wp:term":[{"taxonomy":"category","embeddable":true,"href":"https:\/\/ss-cg.org\/index.php?rest_route=%2Fwp%2Fv2%2Fcategories&post=5464"},{"taxonomy":"post_tag","embeddable":true,"href":"https:\/\/ss-cg.org\/index.php?rest_route=%2Fwp%2Fv2%2Ftags&post=5464"}],"curies":[{"name":"wp","href":"https:\/\/api.w.org\/{rel}","templated":true}]}}