{"id":5338,"date":"2025-11-10T12:42:14","date_gmt":"2025-11-10T12:42:14","guid":{"rendered":"https:\/\/ss-cg.org\/?p=5338"},"modified":"2025-11-10T13:24:54","modified_gmt":"2025-11-10T13:24:54","slug":"odrzan-sastanak-partnerskih-organizacija-u-okviru-erasmus-projekta-youth-impact-u-podgorici","status":"publish","type":"post","link":"https:\/\/ss-cg.org\/?p=5338","title":{"rendered":"Odr\u017ean sastanak partnerskih organizacija u okviru Erasmus+ projekta \u201cYOUTH IMPACT&#8221; u Podgorici"},"content":{"rendered":"<p>Od 5. do 7. novembra 2025. godine, u Podgorici, u hotelu Bristol uspje\u0161no je odr\u017ean trodnevni sastanak partnerskih organizacija u okviru Erasmus+ projekta \u201cYOUTH IMPACT\u201d.<br \/>\nNa sastanku su u\u010destvovali predstavnici Hrvatskog saveza slijepih, Saveza slijepih i slabovidih Slovenije, Saveza slijepih Herceg-Bosne, Saveza slijepih Crne Gore, kao i partneri iz \u201cEmphasys Centre\u201d sa Kipra.<\/p>\n<p>Ovaj susret bio je prilika da se sumira napredak i klju\u010dna postignu\u0107a ostvarena tokom prve godine implementacije projekta, razmotre finansijski aspekti i planirane bud\u017eetske korekcije, te defini\u0161u naredne aktivnosti i pravci djelovanja.<\/p>\n<p>Tokom tri dana rada, partneri su rezimirali brojne aktivnosti realizovane u proteklih godinu dana u svim partnerskim zemljama &#8211; Hrvatskoj, Crnoj Gori, Sloveniji, Bosni i Hercegovini i na Kipru. Posebno su istaknute inicijalne konferencije odr\u017eane u januaru 2025. godine, koje su bile va\u017ena prilika za predstavljanje projekta, njegovih ciljeva i planiranih aktivnosti. Na tim konferencijama predstavljene su i dobre prakse, kao i inspirativna iskustva mladih osoba o\u0161te\u0107enog vida, njihovi izazovi u svakodnevnom \u017eivotu, obrazovanju i zapo\u0161ljavanju.<\/p>\n<p>Jedna od va\u017enih tema sastanka bila je komparativna analiza sprovedena u okviru projekta, kojom su ispitani kapaciteti, snage i slabosti lokalnih organizacija koje rade s mladima o\u0161te\u0107enog vida u partnerskim zemljama. Rezultati ovog istra\u017eivanja poslu\u017ei\u0107e kao temelj za dalji razvoj metodologije i unapre\u0111enje rada s mladima u okviru lokalnih zajednica.<\/p>\n<p>Posebna pa\u017enja posve\u0107ena je i aktivnostima vidljivosti i diseminacije projekta, koje uklju\u010duju kreiranje i redovno a\u017euriranje zvani\u010dnog web sajta projekta, izradu promotivnih materijala &#8211; bro\u0161ura, lifleta i postera &#8211; na svim jezicima partnerskih zemalja, \u010dime se doprinosi \u0161irenju informacija o ciljevima i zna\u010daju projekta.<\/p>\n<p>Partneri su se osvrnuli i na treninge za ja\u010danje kapaciteta partnerskih i lokalnih organizacija, uklju\u010duju\u0107i trening odr\u017ean u Mostaru, koji je doprinio razmjeni iskustava i dobrih praksi me\u0111u organizacijama iz razli\u010ditih zemalja.<\/p>\n<p>Jedna od centralnih tema sastanka bila je i priprema TOOLKIT-a &#8211; alata za premo\u0161\u0107avanje razlika, koji obuhvata razli\u010dite metode i pristupe za unapre\u0111enje svakodnevnih, komunikacionih, zapo\u0161ljava\u010dkih, digitalnih vje\u0161tina i medijske pismenosti mladih osoba o\u0161te\u0107enog vida. Zavr\u0161etak i objavljivanje TOOLKIT- a o\u010dekuje se do februara 2026. godine.<\/p>\n<p>U\u010desnici su razgovarali i o izazovima u dosada\u0161njem finansijskom i narativnom izvje\u0161tavanju, kao i o narednim izvje\u0161tajima koji predstoje u narednom periodu.<\/p>\n<p>Na kraju sastanka, posebna pa\u017enja usmjerena je na predstoje\u0107e aktivnosti u okviru projekta, me\u0111u kojima se izdvaja javna kampanja za podizanje svijesti dru\u0161tva o polo\u017eaju mladih osoba o\u0161te\u0107enog vida.<br \/>\nKampanja \u0107e obuhvatiti vebinar koji \u0107e okupiti predstavnike institucija iz oblasti obrazovanja, zapo\u0161ljavanja i omladinske politike, kao i radionicu sa omladinskim radnicima i izradu pet pozitivnih \u010dlanaka o mladima o\u0161te\u0107enog vida.<\/p>\n<p>Tako\u0111e, planiran je i priru\u010dnik za mlade o\u0161te\u0107enog vida, koji \u0107e objediniti iskustva iz partnerskih zemalja, predstaviti izazove, mogu\u0107nosti i primjere dobre prakse iz Evropske unije.<br \/>\nKao kruna aktivnosti, u narednom periodu bi\u0107e organizovani programi mobilnosti u Crnoj Gori i Bosni i Hercegovini, u trajanju od po \u0161est dana. Ovi programi omogu\u0107i\u0107e mladima iz partnerskih zemalja da razmijene iskustva, mi\u0161ljenja i da kroz interaktivne radionice i neformalne metode u\u010denja unaprijede svoje vje\u0161tine i samopouzdanje.<br \/>\nZahvaljuju\u0107i posve\u0107enosti i zajedni\u010dkom radu svih partnera, projekat \u201cYOUTH IMPACT\u201d nastavlja da doprinosi ja\u010danju kapaciteta organizacija i osna\u017eivanju mladih osoba o\u0161te\u0107enog vida, stvaraju\u0107i inkluzivnije dru\u0161tvo u kojem svi imaju jednake \u0161anse za u\u010de\u0161\u0107e i napredak.<\/p>\n<p><strong><em>Projekat sufinansira Evropska unija. Izra\u017eeni stavovi i mi\u0161ljenja vlasni\u0161tvo su Saveza slijepih Crne Gore i ne odra\u017eavaju nu\u017eno stavove Evropske unije ili EACEA-e. Ni Evropska unija ni tijelo koje dodjeljuje podr\u0161ku ne mogu se smatrati odgovornima za njih.<\/em><\/strong><\/p>\n","protected":false},"excerpt":{"rendered":"<p>Od 5. do 7. novembra 2025. godine, u Podgorici, u hotelu Bristol uspje\u0161no je odr\u017ean trodnevni sastanak partnerskih organizacija u okviru Erasmus+ projekta \u201cYOUTH IMPACT\u201d.&#8230;<\/p>\n<div class=\"more-link-wrapper\"><a class=\"more-link\" href=\"https:\/\/ss-cg.org\/?p=5338\">Op\u0161irnije<span class=\"screen-reader-text\">Odr\u017ean sastanak partnerskih organizacija u okviru Erasmus+ projekta \u201cYOUTH IMPACT&#8221; u Podgorici<\/span><\/a><\/div>\n","protected":false},"author":3,"featured_media":5340,"comment_status":"open","ping_status":"open","sticky":false,"template":"","format":"standard","meta":{"footnotes":""},"categories":[23],"tags":[1574,498,180,144,32,1575],"class_list":["post-5338","post","type-post","status-publish","format-standard","has-post-thumbnail","hentry","category-aktuelnosti","tag-erasmus","tag-eu","tag-podgorica","tag-sastanak","tag-sscg","tag-youth-impact","ratio-2-1","entry"],"_links":{"self":[{"href":"https:\/\/ss-cg.org\/index.php?rest_route=\/wp\/v2\/posts\/5338","targetHints":{"allow":["GET"]}}],"collection":[{"href":"https:\/\/ss-cg.org\/index.php?rest_route=\/wp\/v2\/posts"}],"about":[{"href":"https:\/\/ss-cg.org\/index.php?rest_route=\/wp\/v2\/types\/post"}],"author":[{"embeddable":true,"href":"https:\/\/ss-cg.org\/index.php?rest_route=\/wp\/v2\/users\/3"}],"replies":[{"embeddable":true,"href":"https:\/\/ss-cg.org\/index.php?rest_route=%2Fwp%2Fv2%2Fcomments&post=5338"}],"version-history":[{"count":2,"href":"https:\/\/ss-cg.org\/index.php?rest_route=\/wp\/v2\/posts\/5338\/revisions"}],"predecessor-version":[{"id":5341,"href":"https:\/\/ss-cg.org\/index.php?rest_route=\/wp\/v2\/posts\/5338\/revisions\/5341"}],"wp:featuredmedia":[{"embeddable":true,"href":"https:\/\/ss-cg.org\/index.php?rest_route=\/wp\/v2\/media\/5340"}],"wp:attachment":[{"href":"https:\/\/ss-cg.org\/index.php?rest_route=%2Fwp%2Fv2%2Fmedia&parent=5338"}],"wp:term":[{"taxonomy":"category","embeddable":true,"href":"https:\/\/ss-cg.org\/index.php?rest_route=%2Fwp%2Fv2%2Fcategories&post=5338"},{"taxonomy":"post_tag","embeddable":true,"href":"https:\/\/ss-cg.org\/index.php?rest_route=%2Fwp%2Fv2%2Ftags&post=5338"}],"curies":[{"name":"wp","href":"https:\/\/api.w.org\/{rel}","templated":true}]}}