{"id":5323,"date":"2025-10-23T10:06:44","date_gmt":"2025-10-23T10:06:44","guid":{"rendered":"https:\/\/ss-cg.org\/?p=5323"},"modified":"2025-10-24T08:07:00","modified_gmt":"2025-10-24T08:07:00","slug":"monitoring-pristupacnosti-informacija-i-drugih-relevantnih-e-dokumenata","status":"publish","type":"post","link":"https:\/\/ss-cg.org\/?p=5323","title":{"rendered":"Monitoring pristupa\u010dnosti informacija i drugih relevantnih e-dokumenata"},"content":{"rendered":"<hr \/>\n<p>Naziv publikacije: Monitoring pristupa\u010dnosti informacija i drugih relevantnih e-dokumenata<\/p>\n<p>Izdava\u010d: Savez slijepih Crne Gore<br \/>\nUl. Njego\u0161eva br. 6, 81000 Podgorica<br \/>\nTel: +382 (0)20 665 368<br \/>\nEmail: savezslijepihcg@gmail.com<br \/>\nWeb: www.ss-cg.org, www.zaposliosi.me<br \/>\nDru\u0161tvene mre\u017ee: (Facebook Savez slijepih, Instragram savez_slijepih_cg, Twitter savez_slijepih)<br \/>\nZa izdava\u010da: Goran Macanovi\u0107<br \/>\nAutori: An\u0111ela Dragovi\u0107 i Marko Nikoli\u0107<br \/>\nPrelom i dizajn: \u017dvaka DOO Oktobar 2025.<\/p>\n<p>Publikacija je pripremljena u okviru projekta \u201eInformisani, uklju\u010deni, jednaki\u201d koji sprovodi Savez slijepih Crne Gore u partnerstvu sa Organizacijom slijepih za Nik\u0161i\u0107, \u0160avnik i Plu\u017eine, a koji je finansijski podr\u017ean od strane Ministarstva ljudskih i manjinskih prava.<br \/>\nSadr\u017eaj ove publikacije isklju\u010diva je odgovornost Saveza slijepih Crne Gore i ni na koji na\u010din ne odra\u017eava stav donatora.<\/p>\n<p>Sadr\u017eaj:<\/p>\n<p>1. O PROJEKTU<\/p>\n<p>Pristup informacijama bez diskriminacije predstavlja jedno od osnovnih ljudskih prava, garantovano \u010dlanom 21. Konvencije Ujedinjenih nacija o pravima osoba s invaliditetom.<br \/>\nUprkos tome, osobe s invaliditetom, a posebno osobe o\u0161te\u0107enog vida, i dalje se suo\u010davaju sa zna\u010dajnim preprekama u pristupu informacijama koje objavljuju javne institucije. Neadekvatni i nepristupa\u010dni formati, kao i isklju\u010denost iz procesa razmjene i kreiranja informacija, predstavljaju vid diskriminacije koji ozbiljno ograni\u010dava njihovo u\u010de\u0161\u0107e u dru\u0161tvenim i politi\u010dkim tokovima.<br \/>\nMotivaciju za realizaciju ovog projekta pru\u017eili su rezultati istra\u017eivanja Saveza slijepih Crne Gore iz 2019. godine, prema kojima 23,9% osoba s invaliditetom smatra da svakodnevno do\u017eivljavaju diskriminaciju u domenu informisanja i komunikacije. Takvo stanje direktno uti\u010de na povjerenje u institucije, kao i na mogu\u0107nost aktivnog u\u010de\u0161\u0107a OSI u dono\u0161enju javnih politika.<br \/>\nCilj projekta je da unaprijedi za\u0161titu ljudskih prava i doprinese ve\u0107oj inkluziji osoba s invaliditetom kroz osna\u017eivanje prava na pristup informacijama u pristupa\u010dnim formatima.<br \/>\nKroz aktivnosti monitoringa pristupa\u010dnosti zvani\u010dnih e-dokumenata, organizaciju edukacija za zaposlene u javnoj upravi, treninge za OSI o kori\u0161\u0107enju e-usluga i prava iz Konvencije UN, kao i medijsku promociju i zavr\u0161nu konferenciju, projekat adresira klju\u010dne izazove i nudi konkretna rje\u0161enja.<br \/>\nRezultati projekta \u0107e ukazati na trenutno stanje pristupa\u010dnosti informacija u Crnoj Gori, ali i ponuditi preporuke za unapre\u0111enje prakse i uskla\u0111ivanje sa me\u0111unarodnim standardima. Ova publikacija predstavlja zbir nalaza, preporuka i primjera dobre prakse koji imaju za cilj da osna\u017ee institucionalni odgovor na potrebe osoba s invaliditetom, ali i da podstaknu \u0161iru dru\u0161tvenu promjenu ka otvorenijem, dostupnijem i pravednijem dru\u0161tvu za sve.<\/p>\n<p>Na sljede\u0107em linku mo\u017eete preuzeti i pogledati Monitoring pristupa\u010dnosti informacija i drugih relevantnih e-dokumenata &#8211; <a href=\"https:\/\/ss-cg.org\/wp-content\/uploads\/2025\/10\/test-sscg.pdf\">test sscg<\/a> .<\/p>\n","protected":false},"excerpt":{"rendered":"<p>Naziv publikacije: Monitoring pristupa\u010dnosti informacija i drugih relevantnih e-dokumenata Izdava\u010d: Savez slijepih Crne Gore Ul. Njego\u0161eva br. 6, 81000 Podgorica Tel: +382 (0)20 665 368&#8230;<\/p>\n<div class=\"more-link-wrapper\"><a class=\"more-link\" href=\"https:\/\/ss-cg.org\/?p=5323\">Op\u0161irnije<span class=\"screen-reader-text\">Monitoring pristupa\u010dnosti informacija i drugih relevantnih e-dokumenata<\/span><\/a><\/div>\n","protected":false},"author":3,"featured_media":5327,"comment_status":"open","ping_status":"open","sticky":false,"template":"","format":"standard","meta":{"footnotes":""},"categories":[23],"tags":[1669,1549,469,219,1498,28,885,32,1550],"class_list":["post-5323","post","type-post","status-publish","format-standard","has-post-thumbnail","hentry","category-aktuelnosti","tag-e-dokumenta","tag-informisani","tag-jednaki","tag-monitoring","tag-oov","tag-osi","tag-pristupacne-informacije","tag-sscg","tag-ukljuceni","ratio-2-1","entry"],"_links":{"self":[{"href":"https:\/\/ss-cg.org\/index.php?rest_route=\/wp\/v2\/posts\/5323","targetHints":{"allow":["GET"]}}],"collection":[{"href":"https:\/\/ss-cg.org\/index.php?rest_route=\/wp\/v2\/posts"}],"about":[{"href":"https:\/\/ss-cg.org\/index.php?rest_route=\/wp\/v2\/types\/post"}],"author":[{"embeddable":true,"href":"https:\/\/ss-cg.org\/index.php?rest_route=\/wp\/v2\/users\/3"}],"replies":[{"embeddable":true,"href":"https:\/\/ss-cg.org\/index.php?rest_route=%2Fwp%2Fv2%2Fcomments&post=5323"}],"version-history":[{"count":3,"href":"https:\/\/ss-cg.org\/index.php?rest_route=\/wp\/v2\/posts\/5323\/revisions"}],"predecessor-version":[{"id":5328,"href":"https:\/\/ss-cg.org\/index.php?rest_route=\/wp\/v2\/posts\/5323\/revisions\/5328"}],"wp:featuredmedia":[{"embeddable":true,"href":"https:\/\/ss-cg.org\/index.php?rest_route=\/wp\/v2\/media\/5327"}],"wp:attachment":[{"href":"https:\/\/ss-cg.org\/index.php?rest_route=%2Fwp%2Fv2%2Fmedia&parent=5323"}],"wp:term":[{"taxonomy":"category","embeddable":true,"href":"https:\/\/ss-cg.org\/index.php?rest_route=%2Fwp%2Fv2%2Fcategories&post=5323"},{"taxonomy":"post_tag","embeddable":true,"href":"https:\/\/ss-cg.org\/index.php?rest_route=%2Fwp%2Fv2%2Ftags&post=5323"}],"curies":[{"name":"wp","href":"https:\/\/api.w.org\/{rel}","templated":true}]}}