{"id":5295,"date":"2025-09-26T19:06:01","date_gmt":"2025-09-26T19:06:01","guid":{"rendered":"https:\/\/ss-cg.org\/?p=5295"},"modified":"2025-09-26T19:13:15","modified_gmt":"2025-09-26T19:13:15","slug":"izvjestaj-sa-treninga-u-okviru-projekta-youth-impact","status":"publish","type":"post","link":"https:\/\/ss-cg.org\/?p=5295","title":{"rendered":"Izvje\u0161taj sa treninga u okviru projekta Youth IMPACT"},"content":{"rendered":"<p>U hotelu Bristol u Podgorici je, u periodu od 24. do 26. septembra 2025. godine, odr\u017ean trodnevni trening \u201eJa\u010danje kapaciteta lokalnih organizacija slijepih za rad s mladima o\u0161te\u0107enog vida\u201c u okviru projekta Youth IMPACT.<\/p>\n<p>Na treningu su u\u010destvovali rukovodioci lokalnih organizacija slijepih, \u010dlanovi upravnih odbora i skup\u0161tina ovih organizacija, s ciljem razmjene znanja i primjera dobre prakse, te informisanja o mogu\u0107nostima uklju\u010divanja mladih u upravlja\u010dke i operativne strukture organizacija.<\/p>\n<p>Trening je zapo\u010deo energizerom za upoznavanje u\u010desnika, \u010dime je stvorena opu\u0161tena i prijateljska atmosfera pogodna za interakciju i timski rad. U uvodnom dijelu predstavljen je projekat Youth IMPACT i njegove aktivnosti, uklju\u010duju\u0107i ciljeve osna\u017eivanja mladih o\u0161te\u0107enog vida i ja\u010danja kapaciteta lokalnih organizacija kroz obuke, metodolo\u0161ke alate i programe mobilnosti.<\/p>\n<p>U\u010desnici su upoznati s \u010detiri glavne aktivnosti projekta:<\/p>\n<ul>\n<li>razvoj kapaciteta partnerskih organizacija,<\/li>\n<li>edukacije o inkluzivnom pristupu i uklju\u010divanju mladih u upravlja\u010dke strukture,<\/li>\n<li>testiranje i primjena Toolkita \u201eBridging Differences Programme\u201c (BDP),<\/li>\n<li>me\u0111unarodni ciklusi neformalnog u\u010denja.<\/li>\n<\/ul>\n<p>U nastavku prvog dana realizovana je komparativna analiza lokalnih organizacija u okviru saveza slijepih u Hrvatskoj, Sloveniji, Crnoj Gori i Bosni i Hercegovini, koja je obuhvatila 42 organizacije. Fokus je bio na snagama, slabostima i kapacitetima organizacija u radu s mladima o\u0161te\u0107enog vida, s posebnim naglaskom na Crnu Goru.<\/p>\n<p>Rezultati su pokazali da crnogorske organizacije pru\u017eaju zna\u010dajnu podr\u0161ku mladima kroz savjetovanja o pravima, obuke za orijentaciju i kretanje, psiholo\u0161ku podr\u0161ku i osna\u017eivanje u samozastupanju. Istovremeno su identifikovane oblasti za unapre\u0111enje, me\u0111u kojima su podr\u0161ka u formalnom obrazovanju, kori\u0161\u0107enje asistivne tehnologije i razvijanje sveobuhvatnih vje\u0161tina mladih.<\/p>\n<p>Predstavljanje Toolkita BDP obuhvatilo je teorijski dio, fokusiran na razvoj znanja omladinskih radnika i organizacija o o\u0161te\u0107enju vida, inkluzivnom okru\u017eenju i pravilnoj komunikaciji s mladima, te prakti\u010dni dio sa aktivnostima za razvoj svakodnevnih, komunikacionih, socijalnih, preduzetni\u010dkih i digitalnih vje\u0161tina mladih. U\u010desnici su diskutovali o njegovoj primjeni u svakodnevnom radu, kako bi mladi bili aktivnije uklju\u010deni i osna\u017eeni.<\/p>\n<p>Sesija komunikacionih vje\u0161tina realizovana je kroz rad u parovima metodom mini-intervjua \u201erazgovor sa svrhom\u201c, gdje su u\u010desnici postavljali pitanja, odgovarali i predstavljali svog partnera grupi. Dio sesije bio je posve\u0107en I-statements, kroz koje su u\u010desnici u\u010dili kako asertivno izraziti svoja osje\u0107anja i potrebe, razvijaju\u0107i samopouzdanje i emocionalnu inteligenciju. Socijalne vje\u0161tine razvijane su kroz diskusije, simulacije i debate na dvije razli\u010dite teme \u2013 digitalne povezanosti i istopolnih brakova \u2013 s ciljem ja\u010danja kriti\u010dkog razmi\u0161ljanja, argumentacije, timskog rada i me\u0111usobne saradnje.<\/p>\n<p>Drugi dan treninga bio je posve\u0107en razvoju vje\u0161tina zapo\u0161ljavanja, preduzetni\u0161tva, digitalnih vje\u0161tina i medijske pismenosti.<\/p>\n<p>Aktivnosti za vje\u0161tine zapo\u0161ljavanja i preduzetni\u0161tva uklju\u010divale su igru uloga \u201ePregovori o zapo\u0161ljavanju osoba o\u0161te\u0107enog vida\u201c, gdje su u\u010desnici simulirali pregovore izme\u0111u lokalnih organizacija i institucija radi pobolj\u0161anja procesa zapo\u0161ljavanja, kao i igru \u201eVru\u0107a stolica\u201c za samoprezentaciju, koja je ja\u010dala samopouzdanje, sposobnost predstavljanja vlastitih vje\u0161tina i interesa te ostavljanje pozitivnog utiska kod potencijalnog poslodavca.<\/p>\n<p>Za razvoj digitalnih vje\u0161tina, aktivnost \u201eTelefon u medijima\u201c demonstrirala je kako se informacije mogu konstruisati i mijenjati dok se prenose s osobe na osobu. U\u010desnici su analizirali tok informacija i diskutovali o va\u017enosti provjere izvora i odgovornog dijeljenja sadr\u017eaja. Aktivnost \u201eDigitalni detektiv\u201c razvijala je sposobnost procjene vjerodostojnosti digitalnih izvora kroz analizu naslova i odlomaka \u010dlanaka, te kroz raspravu i razmjenu zapa\u017eanja unutar grupe. Obje aktivnosti kombinovale su timsku saradnju, kriti\u010dko razmi\u0161ljanje i socijalne vje\u0161tine.<\/p>\n<p>Na kraju treninga u\u010desnici su ispunili evaluaciju, nakon \u010dega su im dodijeljeni sertifikati. Trening je time potvr\u0111en kao zna\u010dajan doprinos ja\u010danju kapaciteta lokalnih organizacija i osna\u017eivanju mladih o\u0161te\u0107enog vida, stvaraju\u0107i inkluzivno okru\u017eenje u kojem mladi mogu ravnopravno u\u010destvovati u dru\u0161tvenim, obrazovnim i profesionalnim tokovima.<\/p>\n<p>Projekat sufinansira Evropska unija. Izra\u017eeni stavovi i mi\u0161ljenja vlasni\u0161tvo su Saveza slijepih Crne Gore i ne odra\u017eavaju nu\u017eno stavove Evropske unije ili EACEA-e. Ni Evropska unija ni tijelo koje dodjeljuje podr\u0161ku ne mogu se smatrati odgovornima za njih.<\/p>\n","protected":false},"excerpt":{"rendered":"<p>U hotelu Bristol u Podgorici je, u periodu od 24. do 26. septembra 2025. godine, odr\u017ean trodnevni trening \u201eJa\u010danje kapaciteta lokalnih organizacija slijepih za rad&#8230;<\/p>\n<div class=\"more-link-wrapper\"><a class=\"more-link\" href=\"https:\/\/ss-cg.org\/?p=5295\">Op\u0161irnije<span class=\"screen-reader-text\">Izvje\u0161taj sa treninga u okviru projekta Youth IMPACT<\/span><\/a><\/div>\n","protected":false},"author":3,"featured_media":5296,"comment_status":"open","ping_status":"open","sticky":false,"template":"","format":"standard","meta":{"footnotes":""},"categories":[23],"tags":[1664,1489,1665,812,134,32,1575],"class_list":["post-5295","post","type-post","status-publish","format-standard","has-post-thumbnail","hentry","category-aktuelnosti","tag-edukativni-trening","tag-hotel-bristol","tag-lokalne-organizacije-slijepih","tag-mladi-ostecenog-vida","tag-projekat","tag-sscg","tag-youth-impact","ratio-2-1","entry"],"_links":{"self":[{"href":"https:\/\/ss-cg.org\/index.php?rest_route=\/wp\/v2\/posts\/5295","targetHints":{"allow":["GET"]}}],"collection":[{"href":"https:\/\/ss-cg.org\/index.php?rest_route=\/wp\/v2\/posts"}],"about":[{"href":"https:\/\/ss-cg.org\/index.php?rest_route=\/wp\/v2\/types\/post"}],"author":[{"embeddable":true,"href":"https:\/\/ss-cg.org\/index.php?rest_route=\/wp\/v2\/users\/3"}],"replies":[{"embeddable":true,"href":"https:\/\/ss-cg.org\/index.php?rest_route=%2Fwp%2Fv2%2Fcomments&post=5295"}],"version-history":[{"count":3,"href":"https:\/\/ss-cg.org\/index.php?rest_route=\/wp\/v2\/posts\/5295\/revisions"}],"predecessor-version":[{"id":5299,"href":"https:\/\/ss-cg.org\/index.php?rest_route=\/wp\/v2\/posts\/5295\/revisions\/5299"}],"wp:featuredmedia":[{"embeddable":true,"href":"https:\/\/ss-cg.org\/index.php?rest_route=\/wp\/v2\/media\/5296"}],"wp:attachment":[{"href":"https:\/\/ss-cg.org\/index.php?rest_route=%2Fwp%2Fv2%2Fmedia&parent=5295"}],"wp:term":[{"taxonomy":"category","embeddable":true,"href":"https:\/\/ss-cg.org\/index.php?rest_route=%2Fwp%2Fv2%2Fcategories&post=5295"},{"taxonomy":"post_tag","embeddable":true,"href":"https:\/\/ss-cg.org\/index.php?rest_route=%2Fwp%2Fv2%2Ftags&post=5295"}],"curies":[{"name":"wp","href":"https:\/\/api.w.org\/{rel}","templated":true}]}}