{"id":5159,"date":"2025-03-17T12:53:48","date_gmt":"2025-03-17T12:53:48","guid":{"rendered":"https:\/\/ss-cg.org\/?p=5159"},"modified":"2025-03-27T12:57:38","modified_gmt":"2025-03-27T12:57:38","slug":"poziv-za-medije-protest-mi-smo-stvarnost-vi-ste-mit-srijeda-19-mart-2025-12-casova-rimski-trg-46","status":"publish","type":"post","link":"https:\/\/ss-cg.org\/?p=5159","title":{"rendered":"POZIV ZA MEDIJE: PROTEST MI SMO STVARNOST, VI STE MIT \/ SRIJEDA, 19. MART 2025 \/ 12 \u010cASOVA \/ RIMSKI TRG 46"},"content":{"rendered":"<p><span>Pozivamo sve\u00a0<\/span><strong><span>medije\u00a0<\/span><\/strong><span>da se odazovu na\u0161em<\/span><strong><span>\u00a0pozivu na protest<\/span><\/strong><span>\u00a0povodom teksta\u00a0<\/span><strong><em><span>Nacrta zakona o izmjenama i dopunama Zakona o profesionalnoj rehabilitaciji i zapo\u0161ljavanju lica sa invaliditetom<\/span><\/em><\/strong><span>.<\/span><\/p>\n<p><strong><span>Protest, pod sloganom:\u00a0<\/span><em><span>Mi smo stvarnost, vi ste mit<\/span><\/em><span>, organizujemo u srijedu, 19. marta 2025, s po\u010detkom u podne, na Rimskom trgu, u Podgorici, ispred Ministarstva rada, zapo\u0161ljavanja i socijalnog dijaloga.<\/span><\/strong><\/p>\n<p><strong><span>Kako vrijeme od prvog zahtjeva za povla\u010denje Nacrta zakona prolazi, tako saznajemo nove podatke i detalje koji ukazuju na ozbiljne nedostatke i odsustvo \u010dinjenica na kojima se baziraju predlo\u017eene izmjene va\u017ee\u0107eg Zakona.<\/span><\/strong><\/p>\n<p><strong><span>Ovog puta, u susret protestu, dijelimo samo jo\u0161 jedan od podataka do kojih je jednostavnim analizama i uporednim podacima bilo lako do\u0107i, a on se odnosi na neujedna\u010dene evidencije o broju zaposlenih osoba s invaliditetom na kraju 2024, i broju poslodavaca kod kojih su zaposlene.<\/span><\/strong><\/p>\n<p><span>U\u00a0<\/span><strong><span>obrazlo\u017eenju\u00a0<\/span><em><span>Nacrta zakona<\/span><\/em><\/strong><span>\u00a0se navodi: \u201eNa dan 31.12.2024. godine, 2,919 poslodavaca ostvaruje pravo na subvenciju zarade za 4.550 lica sa invaliditetom\u201d, dok se u\u00a0<\/span><strong><em><span>Izvje\u0161taju o sprovo\u0111enju Akcionog plana za period 2024-2025. godine Strategije za za\u0161titu i jednakost lica s invaliditetom od diskriminacije i promociju jednakosti 2022-2027 za 2024. godinu<\/span><\/em><\/strong><span>\u00a0navodi: \u201eU oblasti rada i zapo\u0161ljavanja pove\u0107an je broj poslodavaca koji ostvaruju pravo na subvenciju zarada lica sa invaliditetom. Ukupno 2.784 poslodavaca ostvaruje pravo na subvenciju zarade za 4.935 lica sa invaliditetom.\u201d<\/span><\/p>\n<p><span>Dakle, ispostavlja se o\u010diglednim da\u00a0<\/span><strong><span>nadle\u017eni organi nemaju ujedna\u010dene podatke o broju zaposlenih osoba s invaliditetom<\/span><\/strong><span>, pa kako je onda i mogu\u0107e\u00a0<\/span><strong><span>o\u010dekivati da im je Nacrt zakona baziran na prethodnim analizama<\/span><\/strong><span>?!<\/span><\/p>\n<p><span>Dok\u00a0<\/span><strong><span>Ministarstvo rada, zapo\u0161ljavanja i socijalnog dijaloga uporno ignori\u0161e zahtjeve 10 organizacija osoba s invaliditetom i krovne sportske asocijacije osoba s invaliditetom<\/span><\/strong><span>, podr\u017eane i od brojnih drugih organizacija, tijela i pojedinaca, \u010dime i dalje kr\u0161i svoju\u00a0<\/span><strong><span>obavezu sprovo\u0111enja bliskih konsultacija s osobama s invaliditetom i reprezentativnim organizacijama osoba s invaliditetom<\/span><\/strong><span>\u00a0i\u00a0<\/span><strong><span>na\u0161eg uklju\u010divanja u procese dono\u0161enja odluka<\/span><\/strong><span>, ono nastavlja da\u00a0<\/span><strong><span>komunicira dominantno preko dru\u0161tvenih mre\u017ea<\/span><\/strong><span>\u00a0i to u\u00a0<\/span><strong><span>nepristupa\u010dnim formatima za ve\u0107inu osoba s invaliditetom<\/span><\/strong><span>. Tako danas Ministarstvo najavljuje dodatne konsultacije sa zainteresovanima povodom Nacrta zakona.<\/span><\/p>\n<p><span>Ovo je prilika da\u00a0<\/span><strong><span>Ministarstvu<\/span><\/strong>\u00a0<strong><span>ponovimo zahtjeve i ujedno najavimo na\u0161e konsultacije<\/span><\/strong><span>, pa\u00a0<\/span><strong><span>pozivamo i ministarku i njen tim<\/span><\/strong><span>, odnosno one koji su\u00a0<\/span><strong><span>kreirali ovaj Nacrt zakona<\/span><\/strong><span>\u00a0da, u\u00a0<\/span><strong><span>srijedu, 19. marta 2025, u podne, isprate<\/span><\/strong>\u00a0<strong><span>ono \u0161to imamo da saop\u0161timo o tekstu Nacrta zakona i da se odrede u najkra\u0107em periodu od izlaganja koja \u0107e uslijediti na protestu<\/span><\/strong><span>.<\/span><\/p>\n<p><span>Jo\u0161 jednom pozivamo medije da isprate protestni skup i da nam se i na druge na\u010dine pridru\u017ee i\u00a0<\/span><strong><span>podr\u017ee na\u0161e zahtjeve i bunt protiv ovakvog dono\u0161enja odluka kakvo manifestuje Ministarstvo<\/span><\/strong><span>.\u00a0<\/span><\/p>\n<p><strong><span>Potpisnice:<\/span><\/strong><\/p>\n<p><strong><span>Udru\u017eenje mladih sa hendikepom Crne Gore;<\/span><\/strong><\/p>\n<p><strong><span>Savez slijepih Crne Gore;<\/span><\/strong><\/p>\n<p><strong><span>Savez udru\u017eenja paraplegi\u010dara Crne Gore;<\/span><\/strong><\/p>\n<p><strong><span>Savez gluvih i nagluvih Crne Gore;<\/span><\/strong><\/p>\n<p><strong><span>NVO Mozaik, Nik\u0161i\u0107;<\/span><\/strong><\/p>\n<p><strong><span>Udru\u017eenje za podr\u0161ku osobama sa invaliditetom Bijelo Polje;<\/span><\/strong><\/p>\n<p><strong><span>Udru\u017eenje za afirmaciju i podr\u0161ku \u017eenama sa invaliditeton \u201eNova \u017eena\u201c<\/span><\/strong><\/p>\n<p><strong><span>Udru\u017eenje roditelja djece sa te\u0161ko\u0107ama u razvoju \u201eZra\u010dak nade\u201c, Pljevlja;<\/span><\/strong><\/p>\n<p><strong><span>Nova \u0161ansa u Novom;<\/span><br \/>\n<\/strong><\/p>\n<p><strong><span>NVO Brain;\u00a0<\/span><\/strong><\/p>\n<p><strong><span>Paraolimpijski komitet Crne Gore.<\/span><\/strong><\/p>\n","protected":false},"excerpt":{"rendered":"<p>Pozivamo sve\u00a0medije\u00a0da se odazovu na\u0161em\u00a0pozivu na protest\u00a0povodom teksta\u00a0Nacrta zakona o izmjenama i dopunama Zakona o profesionalnoj rehabilitaciji i zapo\u0161ljavanju lica sa invaliditetom. Protest, pod sloganom:\u00a0Mi&#8230;<\/p>\n<div class=\"more-link-wrapper\"><a class=\"more-link\" href=\"https:\/\/ss-cg.org\/?p=5159\">Op\u0161irnije<span class=\"screen-reader-text\">POZIV ZA MEDIJE: PROTEST MI SMO STVARNOST, VI STE MIT \/ SRIJEDA, 19. MART 2025 \/ 12 \u010cASOVA \/ RIMSKI TRG 46<\/span><\/a><\/div>\n","protected":false},"author":3,"featured_media":5160,"comment_status":"open","ping_status":"open","sticky":false,"template":"","format":"standard","meta":{"footnotes":""},"categories":[23],"tags":[1612,28,1611,1609,32,1613],"class_list":["post-5159","post","type-post","status-publish","format-standard","has-post-thumbnail","hentry","category-aktuelnosti","tag-mi-smo-stvarnost","tag-osi","tag-poziv-za-medije","tag-protest","tag-sscg","tag-vi-ste-mit","ratio-2-1","entry"],"_links":{"self":[{"href":"https:\/\/ss-cg.org\/index.php?rest_route=\/wp\/v2\/posts\/5159","targetHints":{"allow":["GET"]}}],"collection":[{"href":"https:\/\/ss-cg.org\/index.php?rest_route=\/wp\/v2\/posts"}],"about":[{"href":"https:\/\/ss-cg.org\/index.php?rest_route=\/wp\/v2\/types\/post"}],"author":[{"embeddable":true,"href":"https:\/\/ss-cg.org\/index.php?rest_route=\/wp\/v2\/users\/3"}],"replies":[{"embeddable":true,"href":"https:\/\/ss-cg.org\/index.php?rest_route=%2Fwp%2Fv2%2Fcomments&post=5159"}],"version-history":[{"count":1,"href":"https:\/\/ss-cg.org\/index.php?rest_route=\/wp\/v2\/posts\/5159\/revisions"}],"predecessor-version":[{"id":5161,"href":"https:\/\/ss-cg.org\/index.php?rest_route=\/wp\/v2\/posts\/5159\/revisions\/5161"}],"wp:featuredmedia":[{"embeddable":true,"href":"https:\/\/ss-cg.org\/index.php?rest_route=\/wp\/v2\/media\/5160"}],"wp:attachment":[{"href":"https:\/\/ss-cg.org\/index.php?rest_route=%2Fwp%2Fv2%2Fmedia&parent=5159"}],"wp:term":[{"taxonomy":"category","embeddable":true,"href":"https:\/\/ss-cg.org\/index.php?rest_route=%2Fwp%2Fv2%2Fcategories&post=5159"},{"taxonomy":"post_tag","embeddable":true,"href":"https:\/\/ss-cg.org\/index.php?rest_route=%2Fwp%2Fv2%2Ftags&post=5159"}],"curies":[{"name":"wp","href":"https:\/\/api.w.org\/{rel}","templated":true}]}}