{"id":5121,"date":"2025-01-29T11:26:22","date_gmt":"2025-01-29T11:26:22","guid":{"rendered":"https:\/\/ss-cg.org\/?p=5121"},"modified":"2025-01-29T11:28:27","modified_gmt":"2025-01-29T11:28:27","slug":"savez-slijepih-organizovao-konferenciju-povodom-projekta-youth-impact","status":"publish","type":"post","link":"https:\/\/ss-cg.org\/?p=5121","title":{"rendered":"Savez slijepih organizovao konferenciju povodom projekta &#8220;Youth Impact&#8221;"},"content":{"rendered":"<p><strong>Inicijalna konferenciju projekta &#8220;Youth IMPACT&#8221; u organizaciji Saveza slijepih, koju sufinansira Evropska unija u okviru programa Erasmus+, sa fokusom na izgradnju kapaciteta u oblasti mladih sa invaliditetom odr\u017eana je danas u hotelu Bristol u Podgorici. Pomenuti projekat poma\u017ee u rje\u0161avanju brojnih izazove razvojem novih alata i programa koji pobolj\u0161avaju njihove vje\u0161tine i integraciju u dru\u0161tvu. Osim toga, poma\u017ee u ja\u010danju kapaciteta organizacija koje u\u010destvuju i drugih omladinskih organizacija, omogu\u0107avaju\u0107i im da efikasnije rade sa mladima sa o\u0161te\u0107enim vidom. Ovi ciljevi \u0107e se posti\u0107i zajedni\u010dkim naporima i kombinovanom ekspertizom pet organizacija iz pet razli\u010ditih zemalja, uklju\u010duju\u0107i Savez slijepih Crne Gore.<\/strong><\/p>\n<p>Na po\u010detku konferencije prisutnima se obratio izvr\u0161ni direktor Saveza slijepih, Goran Macanovi\u0107. On je kazao da je projekat po\u010deo 1. novembra 2024.godine te da \u0107e trajati naredne dvije godine, a da na njemu, pored Crne Gore, u\u010destvuje jo\u0161 pet zemalja.<\/p>\n<p><em>\u201eOvaj projekat predstavlja po\u010detak jednog lijepog puta, kroz koji \u0107emo raditi na ostvarivanju dva krupna cilja: ja\u010danje kapaciteta organizacija koji se bave mladima i osoba sa invaliditetom. Poseban akcenat je stavljan na osna\u017eivanje mladih na uklju\u010divanje u dru\u0161tveni \u017eivot\u201c<\/em>, kazao je on.<\/p>\n<p>Savez slijepih je u prethodnom periodu realizovao mnogo aktivnosti koje se odnose na mlade sa o\u0161te\u0107enjem vida i mlade sa invaliditetom, napomenuo je Macanovi\u0107.On je podsjetio da u okviru Saveza funkcioni\u0161e i Odbor mladih koji je u prethodnom periodu realizovao niz aktivnosti i inicijativa.<\/p>\n<p><em>\u201eSavez slijepih, kao jedan od aktivnijih \u010dlanova Evropskog saveza se uklju\u010divao u vi\u0161e projekata, tako da smo i kroz te aktivnosti promovisali zna\u010daj aktivnosti za mlade. Veliko mi je zadovoljstvo \u0161to smo dio ovog projekta i \u0161to \u0107emo u narednim mjesecima zajedno sa na\u0161im partnerskim organizacijama Hrvatskim savezom slijepih koji je nosilac ovog projekta, kao i Savezom slijepih Slovenije i Savezom slijepih Herceg-Bosne, raditi na veoma zna\u010dajnim aktivnostima koje mogu pomo\u0107i \u0161to boljoj edukaciji mladih sa invaliditetom\u201c<\/em>, rekao je on.<\/p>\n<p>Kreiraju\u0107i projektnu ideju izazovi su bili manje-vi\u0161e identi\u010dni, jer su glavni izazovi mladih sa o\u0161te\u0107enim vidom uklju\u010divanje u samostalni \u017eivot, obrazovanje i kasniji rad, kazala je An\u0111ela Dragovi\u0107 pojektni asistent.<\/p>\n<p><em>\u201eTo je za osobe sa o\u0161te\u0107enim vidom malo ote\u017eavaju\u0107a okolnost zbog nepristupa\u010dnosti materijala, informacija i mnogih drugih aktivnosti. Nedostatak umre\u017eenosti i komunikacije sa dr\u017eavnim institucijama i drugim omladinskim organizacijama koje se primarno bave mladima, dovelo je do toga da se ovaj projekat kreira, a mladi sa o\u0161te\u0107enim vidom \u0107e i sami biti dio ovog projekta\u201c<\/em>, kazala je ona.<\/p>\n<p>Cilj ovog projekta primarno jeste osna\u017eivanje mladih kao i organizacija koji se bave osobama sa invaliditetom na nacionalnom i lokalnom nivou. Statisti\u010dki podaci u dr\u017eavama koje su partneri na ovom projektu govore da su mladi sa invaliditetom u riziku od socijalne isklju\u010denosti, ograni\u010denosti informacijama, neformalnom obrazovanju te da su to ta\u010dke na koje se upravo treba fokusirati, kazala je Dragovi\u0107 u svojoj prezentaciji projekta.<\/p>\n<p>Na panel diskusiji govorio je Branko Ste\u0161evi\u0107, samostalni savjetnik u Direktoratu za mlade u Ministarstvu sporta i mladih. On je naglasio da je neformalno obrazovanje jako bitno za bolji razvoj omladine sa invaliditetom.<\/p>\n<p><em>\u201eNeformalno obrazovanje je jako bitno, prvenstveno zbog zaposlenja, stoga, jako je va\u017eno da lica sa invaliditetom imaju pristup ovakvom vidu obrazovanja. Izbor za takav vid obrazovanja u na\u0161oj dr\u017eavi je veliki, ali je pitanje kolika je pristupa\u010dnost za osobe sa invaliditetom, i to je ono na \u010damu u narednomperiodu treba raditi\u201c<\/em>, kazao je on.<\/p>\n<p>ADP Zid aktivno u\u010destvuje u programima podr\u0161ke osobama sa invaliditetom. Njihova \u010dlanica Mileina \u0160\u0107epanovi\u0107 podsjetila je na Golbal prvenstvo koje je organizovano u Podgorici kada je oko 100 volontera iz Crne Gore u\u010destvovalo na projektu.<\/p>\n<p><em>\u201eImali smo i par volontera koji su i sami osobe sa invaliditetom i to je ne\u0161to \u0161to je jako bitno. Kroz veliki broj ERASMUS projekata uklju\u010dujemo mlade sa invaliditetom, koji su tako\u0111e kao volonteri veoma aktivni u na\u0161im kancelarijama, nastojimo da oni budu potpuno ravnopravno uklju\u010deni kao i svi volonteri. Naravno, to se uvijek mo\u017ee unaprijediti, inkluzija je jako bitna, kako bi ih \u0161to vi\u0161e uklju\u010dili u na\u0161e aktivnosti\u201c<\/em>, kazala je ona.<\/p>\n<p>Predstavnica ERASMUS plus programa, Rina Muhaj istakla je da je rije\u010d o najve\u0107em prepoznatom programu Evropske unije u oblasti obrazovanja, obuke, mladih i sporta. Pojasnila je da Crna Gora ima status tre\u0107e zemlje nepridru\u017eene programu, te ima dosta ograni\u010deno u\u010de\u0161\u0107e.<\/p>\n<p><em>\u201cMe\u0111unarodna dimenzija ERASMUS plus programa za tre\u0107e zemlje nepridru\u017eene programu se otvorila posebno u oblasti visokog obrazovanja. Nama je dugoro\u010dni cilj da postanemo punopravna \u010dlanica u ERASMUS plus programa, a dok to ne uradimo moramo dodatno raditi na ja\u010danju na\u0161ih kapaciteta.<\/em><br \/>\n<em>Imamo dosta akcija na raspolaganju koje su trenutno namijenjene nama, a kada postanemo punopravna \u010dlanica bud\u017eet za njihovu realizaciju \u0107e biti znatno manji. Ovo je trenutak gdje mi ni\u0161ta ne pla\u0107amo, a apsorbujemo dosta sredstava. Kada postanemo punopravna \u010dlanica trebali bi da budemo dovoljno zreli da nudimo sve na\u0161e kapacitete i ekspertize tre\u0107im nepridru\u017eenim zemljama. Cilj je i da osna\u017eujemo i ohrabrujemo u\u010de\u0161\u0107e institucija i organizacija koje manje u\u010destvuju u programu,\u201d<\/em> istakla je Muhaj.<\/p>\n<p>Dodala je da je ERASMUS program trenutno centralizovan i fokusiran na Podgoricu, te da bi trebao da se pro\u0161iri i u ostatku zemlje.<\/p>\n<p><em>\u201cJako je va\u017eno da imamo i \u0161to vi\u0161e projekata koji adresiraju potrebe mladih sa manjim mogu\u0107nostima.<\/em><br \/>\n<em>Radimo i na podizanju svijesti o inkluzivnost, diverzitetu, zelenoj ekonomiji i aktivnom u\u010de\u0161\u0107u u demokratskom procesu,\u201d<\/em> navela je Muhaj.<\/p>\n<p>Uslijedio je panel inspirativnih pri\u010da ocoba sa invaliditetom na kojem se tako\u0111e govorilo o brojnim izazovima I pote\u0161ko\u0107ama sa kojima se susre\u0107u osobe sa invaliditetom. Na panelu su govorili Nikola Zeki\u0107 magistar etnomuzikologije, Nikola Nikoli\u0107, golbal reprezentativac Crne Gore, Sofija Ivanovi\u0107, vi\u0161estruko nagra\u0111ivana srednjo\u0161kolka I Andrea Popovi\u0107, direktorica Mre\u017ee za evropske politike MASTER.<\/p>\n","protected":false},"excerpt":{"rendered":"<p>Inicijalna konferenciju projekta &#8220;Youth IMPACT&#8221; u organizaciji Saveza slijepih, koju sufinansira Evropska unija u okviru programa Erasmus+, sa fokusom na izgradnju kapaciteta u oblasti mladih&#8230;<\/p>\n<div class=\"more-link-wrapper\"><a class=\"more-link\" href=\"https:\/\/ss-cg.org\/?p=5121\">Op\u0161irnije<span class=\"screen-reader-text\">Savez slijepih organizovao konferenciju povodom projekta &#8220;Youth Impact&#8221;<\/span><\/a><\/div>\n","protected":false},"author":3,"featured_media":5123,"comment_status":"open","ping_status":"open","sticky":false,"template":"","format":"standard","meta":{"footnotes":""},"categories":[23],"tags":[498,1489,291,812,28,180,32,1575],"class_list":["post-5121","post","type-post","status-publish","format-standard","has-post-thumbnail","hentry","category-aktuelnosti","tag-eu","tag-hotel-bristol","tag-konferencija","tag-mladi-ostecenog-vida","tag-osi","tag-podgorica","tag-sscg","tag-youth-impact","ratio-2-1","entry"],"_links":{"self":[{"href":"https:\/\/ss-cg.org\/index.php?rest_route=\/wp\/v2\/posts\/5121","targetHints":{"allow":["GET"]}}],"collection":[{"href":"https:\/\/ss-cg.org\/index.php?rest_route=\/wp\/v2\/posts"}],"about":[{"href":"https:\/\/ss-cg.org\/index.php?rest_route=\/wp\/v2\/types\/post"}],"author":[{"embeddable":true,"href":"https:\/\/ss-cg.org\/index.php?rest_route=\/wp\/v2\/users\/3"}],"replies":[{"embeddable":true,"href":"https:\/\/ss-cg.org\/index.php?rest_route=%2Fwp%2Fv2%2Fcomments&post=5121"}],"version-history":[{"count":1,"href":"https:\/\/ss-cg.org\/index.php?rest_route=\/wp\/v2\/posts\/5121\/revisions"}],"predecessor-version":[{"id":5122,"href":"https:\/\/ss-cg.org\/index.php?rest_route=\/wp\/v2\/posts\/5121\/revisions\/5122"}],"wp:featuredmedia":[{"embeddable":true,"href":"https:\/\/ss-cg.org\/index.php?rest_route=\/wp\/v2\/media\/5123"}],"wp:attachment":[{"href":"https:\/\/ss-cg.org\/index.php?rest_route=%2Fwp%2Fv2%2Fmedia&parent=5121"}],"wp:term":[{"taxonomy":"category","embeddable":true,"href":"https:\/\/ss-cg.org\/index.php?rest_route=%2Fwp%2Fv2%2Fcategories&post=5121"},{"taxonomy":"post_tag","embeddable":true,"href":"https:\/\/ss-cg.org\/index.php?rest_route=%2Fwp%2Fv2%2Ftags&post=5121"}],"curies":[{"name":"wp","href":"https:\/\/api.w.org\/{rel}","templated":true}]}}