{"id":5118,"date":"2025-01-22T08:55:30","date_gmt":"2025-01-22T08:55:30","guid":{"rendered":"https:\/\/ss-cg.org\/?p=5118"},"modified":"2025-01-29T08:59:50","modified_gmt":"2025-01-29T08:59:50","slug":"poziv-na-uvodnu-konferenciju-i-panel-diskusiju-youth-impact","status":"publish","type":"post","link":"https:\/\/ss-cg.org\/?p=5118","title":{"rendered":"POZIV NA UVODNU KONFERENCIJU I PANEL DISKUSIJU &#8220;YOUTH IMPACT&#8221;"},"content":{"rendered":"<p>Savez slijepih Crne Gore poziva svu zainteresiranu javnost da nam se pridru\u017ee na Uvodnoj konferenciji za me\u0111unarodni projekt \u201eYouth IMPACT\u201c. Konferencija \u0107e se odr\u017eati slede\u0107e sedmice u utorak, 28. januara 2025. godine, od 10 do 12 sati, u Podgorici odnosno u hotelu Bristol (Bore Stankovi\u0107a br.1).<\/p>\n<p>Tokom konferencije u\u010desnici \u0107e se upoznati sa svim predstoje\u0107im aktivnostima u koje \u0107e se mo\u0107i uklju\u010diti mlade osobe s o\u0161te\u0107enjem vida u naredne dvije godine, nau\u010diti ne\u0161to vi\u0161e o prilikama za mobilnost mladih i u\u010destvuju u me\u0111unarodnom treningu za u\u010denje novih vje\u0161tina.<\/p>\n<p>U sklopu konferencije bi\u0107e odr\u017eana i Panel diskusija s mladima i predstavnicima donosioca odluka na temu prilika za mlade i prepreka s kojima se mladi s o\u0161te\u0107enjem vida suo\u010davaju.<\/p>\n<p>U zavr\u0161nom dijelu konferencije planirano je predstavljanje inspirativnih pri\u010da mladih s o\u0161te\u0107enjem vida i NVO Mre\u017ee za evropske politike Master.<\/p>\n<p>Neka od pitanja i tema o kojima \u0107emo raspravljati:<\/p>\n<ul>\n<li>Koje mjere ili inicijative su klju\u010dne za pru\u017eanje boljih mogu\u0107nosti mladih s invaliditetom?<\/li>\n<li>Kakav je plan za budu\u0107e djelovanje Ministarstva sporta i mladih za osiguranje inkluzije i jednakih mogu\u0107nosti za mlade o\u0161te\u0107enog vida?<\/li>\n<li>Kako Erasmus program doprinosi razvoju mladih, posebno kada govorimo o inkluziji mladih s invaliditetom?<\/li>\n<li>Da li postoje specifi\u010dne inicijative ili program unutar Erasmus koji su usmjereni na podr\u0161ku mladima o\u0161te\u0107enog vida ili s invaliditetom?<\/li>\n<li>\u0160ta se mo\u017ee u\u010diniti da se motivi\u0161e vi\u0161e mladih ljudi o\u0161te\u0107enog vida ili s invaliditetom u aktivnom u\u010de\u0161\u0107u u dru\u0161tvenim aktivnostima, obuci, u\u010denju vje\u0161tina, umre\u017eavanju sa vr\u0161njacima iz omladinskih organizacija, aktivnom u\u010de\u0161\u0107u u dono\u0161enju odluka\u2026?<\/li>\n<\/ul>\n<p>O\u010dekujemo vas!<\/p>\n<p>PRIJAVA ZA U\u010cE\u0160\u0106E:<\/p>\n<p><a href=\"mailto:savezslijepihcg@gmail.com\">savezslijepihcg@gmail.com<\/a> ili 020\/665-368<\/p>\n<p>\u201cProjekt sufinansira Evropska unija. Izra\u017eeni stavovi i mi\u0161ljenja vlasni\u0161tvo su Saveza slijepih Crne Gore i ne odra\u017eavaju nu\u017eno stavove Evropske unije ili EACEA-e. Ni Evropska unija ni tijelo koje dodjeljuje podr\u0161ku ne mogu se smatrati odgovornima za njih. Projekt se sprovodi u sklopu Erasmus+ fonda u podru\u010dju izgradnje kapaciteta mladih: ERASMUS-YOUTH-2024-CB\u201d<\/p>\n","protected":false},"excerpt":{"rendered":"<p>Savez slijepih Crne Gore poziva svu zainteresiranu javnost da nam se pridru\u017ee na Uvodnoj konferenciji za me\u0111unarodni projekt \u201eYouth IMPACT\u201c. Konferencija \u0107e se odr\u017eati slede\u0107e&#8230;<\/p>\n<div class=\"more-link-wrapper\"><a class=\"more-link\" href=\"https:\/\/ss-cg.org\/?p=5118\">Op\u0161irnije<span class=\"screen-reader-text\">POZIV NA UVODNU KONFERENCIJU I PANEL DISKUSIJU &#8220;YOUTH IMPACT&#8221;<\/span><\/a><\/div>\n","protected":false},"author":3,"featured_media":5119,"comment_status":"open","ping_status":"open","sticky":false,"template":"","format":"standard","meta":{"footnotes":""},"categories":[23],"tags":[1489,291,812,28,180,89,32,1575],"class_list":["post-5118","post","type-post","status-publish","format-standard","has-post-thumbnail","hentry","category-aktuelnosti","tag-hotel-bristol","tag-konferencija","tag-mladi-ostecenog-vida","tag-osi","tag-podgorica","tag-poziv","tag-sscg","tag-youth-impact","ratio-2-1","entry"],"_links":{"self":[{"href":"https:\/\/ss-cg.org\/index.php?rest_route=\/wp\/v2\/posts\/5118","targetHints":{"allow":["GET"]}}],"collection":[{"href":"https:\/\/ss-cg.org\/index.php?rest_route=\/wp\/v2\/posts"}],"about":[{"href":"https:\/\/ss-cg.org\/index.php?rest_route=\/wp\/v2\/types\/post"}],"author":[{"embeddable":true,"href":"https:\/\/ss-cg.org\/index.php?rest_route=\/wp\/v2\/users\/3"}],"replies":[{"embeddable":true,"href":"https:\/\/ss-cg.org\/index.php?rest_route=%2Fwp%2Fv2%2Fcomments&post=5118"}],"version-history":[{"count":1,"href":"https:\/\/ss-cg.org\/index.php?rest_route=\/wp\/v2\/posts\/5118\/revisions"}],"predecessor-version":[{"id":5120,"href":"https:\/\/ss-cg.org\/index.php?rest_route=\/wp\/v2\/posts\/5118\/revisions\/5120"}],"wp:featuredmedia":[{"embeddable":true,"href":"https:\/\/ss-cg.org\/index.php?rest_route=\/wp\/v2\/media\/5119"}],"wp:attachment":[{"href":"https:\/\/ss-cg.org\/index.php?rest_route=%2Fwp%2Fv2%2Fmedia&parent=5118"}],"wp:term":[{"taxonomy":"category","embeddable":true,"href":"https:\/\/ss-cg.org\/index.php?rest_route=%2Fwp%2Fv2%2Fcategories&post=5118"},{"taxonomy":"post_tag","embeddable":true,"href":"https:\/\/ss-cg.org\/index.php?rest_route=%2Fwp%2Fv2%2Ftags&post=5118"}],"curies":[{"name":"wp","href":"https:\/\/api.w.org\/{rel}","templated":true}]}}