{"id":5063,"date":"2024-11-04T11:30:11","date_gmt":"2024-11-04T11:30:11","guid":{"rendered":"https:\/\/ss-cg.org\/?p=5063"},"modified":"2024-11-29T11:40:03","modified_gmt":"2024-11-29T11:40:03","slug":"policy-brief-radom-do-neogranicenih-mogucnosti-osi","status":"publish","type":"post","link":"https:\/\/ss-cg.org\/?p=5063","title":{"rendered":"POLICY BRIEF   \u201eRADOM DO NEOGRANI\u010cENIH MOGU\u0106NOSTI OSI\u201c"},"content":{"rendered":"<div class=\"msg-body P_wpofO mq_AS\" data-test-id=\"message-view-body-content\">\n<div class=\"jb_0 X_6MGW N_6Fd5\">\n<div>\n<div id=\"yiv7208295844\">\n<div dir=\"ltr\">\n<p class=\"yiv7208295844MsoNormal\"><span lang=\"sr\">Politika zapo\u0161ljavanja i socijalna politika imaju sna\u017ean uticaj na ekonomiju odre\u0111ene zemlje, a posebno u razdoblju stagnacije ekonomskog rasta i razvoja krize, kakva je bila situacija sa KOVID19. Zapo\u0161ljavanje je jedan od va\u017enih na\u010dina borbe protiv socijalne izolacije OSI, kako bi se uklju\u010dili u radne procese i tako obezbijedili egzistenciju za sebe, svoju porodicu, da se osje\u0107aju na li\u010dnom i dru\u0161tvenom planu sre\u0107no, zadovoljno i korisno. U Crnoj Gori se sve vi\u0161e promovi\u0161e i razvija novi odnos prema osobama s invaliditetom. Na podizanje svijesti i ja\u010danje pozitivnog razmi\u0161ljanja o njihovim mogu\u0107nostima, sposobnostima i problemima uti\u010du evropske integracije, kao i mnoga me\u0111unarodna dokumenta, koja sna\u017enije promovi\u0161u ljudska prava osoba s invaliditetom i podsti\u010du preduzimanje odlu\u010dnih mjera koje \u0107e stvoriti jednake uslove za njihovo aktivno u\u010de\u0161\u0107e u svim oblastima dru\u0161tva.\u00a0<\/span><\/p>\n<p class=\"yiv7208295844MsoNormal\"><span lang=\"sr\">Za ve\u0107inu nezaposlenih osoba, nezaposlenost je dinami\u010dno, privremeno stanje, ali za neke od njih mo\u017ee postati dugoro\u010dna karakteristika. To je posebno va\u017eno za Crnu Goru, gdje je ve\u0107ina korisnika koja koristi socijalnu za\u0161titu, zapravo osoba sa odgovaraju\u0107im radnim sposobnostima. Ova situacija se negativno odra\u017eava na ukupan sistem socijalne za\u0161tite s visokim tro\u0161kovima. Va\u017ean zadatak je da se smanji broj nezaposlenih, posebno s obzirom na nizak nivo obrazovanja i nizak nivo radne motivacije koja je prouzrokovana odsustvom na tr\u017ei\u0161tu rada. Ove probleme treba ozbiljno uzeti u obzir prilikom dizajniranja odgovaraju\u0107ih mjera za zapo\u0161ljavanje.<\/span><\/p>\n<p class=\"yiv7208295844MsoNormal\">Prema podacima ZZZCG, na dan 11.12.2023. godine, na evidenciji Zavoda za zapo\u0161ljavanje Crne Gore, nalazilo se 9556 lica sa invaliditetom, od toga 5638 \u017eena, dok je 403 mladih Taj broj se pove\u0107ava iz dana u dan. Ova brojka pokazuje da je stopa nezaposlenosti me\u0111u OSI visoka. Naro\u010dito me\u0111u \u017eenama sa invaliditetom. \u010cesto je odnos OSI prema zapo\u0161ljavanju uslovljen \u017eivotnim okolnostima, koje ostavljaju dubok trag na njihovu li\u010dnost.<\/p>\n<p class=\"yiv7208295844MsoNormal\">U prilogu je tekst, prvi policy brief, prirpemljen\u00a0u sklopu projekta &#8220;Radom do neograni\u010denih mogu\u0107nosti OSI&#8221; koji sprovodi Savez slijepih Crne Gore u saradnji sa partnerskom organizacijom &#8220;Tiflomont&#8221;, uz finansijsku podr\u0161ku Zavoda za zapo\u0161ljavanje Crne Gore.<\/p>\n<\/div>\n<p>&nbsp;<\/p>\n<\/div>\n<\/div>\n<\/div>\n<\/div>\n<div class=\"jb_0 X_6MGW N_6Fd5\">\n<div class=\"P_0 je_fq7\">\n<div class=\"W_3n93F p_R\" data-test-id=\"attachment-item\">\n<div class=\"I_Z1gjdlg k_w H_7yHc p_R o_h\" data-test-id=\"attachment-container\">\n<div class=\"D_F ab_C gl_C H_6D6F\"><a href=\"https:\/\/ss-cg.org\/wp-content\/uploads\/2024\/11\/Policy-brief-1-Polozaj-OSI-u-okviru-politike-zaposljavanja.docx\">Policy brief 1, Polo\u017eaj OSI u okviru politike zapo\u0161ljavanja<\/a><\/div>\n<\/div>\n<div class=\"A_6Eb4 i_6FIA J_x D_F r_P\">\n<div class=\"en_0\">\n<div class=\"D_F u_e69\"><\/div>\n<\/div>\n<\/div>\n<\/div>\n<\/div>\n<\/div>\n","protected":false},"excerpt":{"rendered":"<p>Politika zapo\u0161ljavanja i socijalna politika imaju sna\u017ean uticaj na ekonomiju odre\u0111ene zemlje, a posebno u razdoblju stagnacije ekonomskog rasta i razvoja krize, kakva je bila&#8230;<\/p>\n<div class=\"more-link-wrapper\"><a class=\"more-link\" href=\"https:\/\/ss-cg.org\/?p=5063\">Op\u0161irnije<span class=\"screen-reader-text\">POLICY BRIEF   \u201eRADOM DO NEOGRANI\u010cENIH MOGU\u0106NOSTI OSI\u201c<\/span><\/a><\/div>\n","protected":false},"author":3,"featured_media":5067,"comment_status":"open","ping_status":"open","sticky":false,"template":"","format":"standard","meta":{"footnotes":""},"categories":[1],"tags":[],"class_list":["post-5063","post","type-post","status-publish","format-standard","has-post-thumbnail","hentry","category-uncategorized","ratio-2-1","entry"],"_links":{"self":[{"href":"https:\/\/ss-cg.org\/index.php?rest_route=\/wp\/v2\/posts\/5063","targetHints":{"allow":["GET"]}}],"collection":[{"href":"https:\/\/ss-cg.org\/index.php?rest_route=\/wp\/v2\/posts"}],"about":[{"href":"https:\/\/ss-cg.org\/index.php?rest_route=\/wp\/v2\/types\/post"}],"author":[{"embeddable":true,"href":"https:\/\/ss-cg.org\/index.php?rest_route=\/wp\/v2\/users\/3"}],"replies":[{"embeddable":true,"href":"https:\/\/ss-cg.org\/index.php?rest_route=%2Fwp%2Fv2%2Fcomments&post=5063"}],"version-history":[{"count":3,"href":"https:\/\/ss-cg.org\/index.php?rest_route=\/wp\/v2\/posts\/5063\/revisions"}],"predecessor-version":[{"id":5068,"href":"https:\/\/ss-cg.org\/index.php?rest_route=\/wp\/v2\/posts\/5063\/revisions\/5068"}],"wp:featuredmedia":[{"embeddable":true,"href":"https:\/\/ss-cg.org\/index.php?rest_route=\/wp\/v2\/media\/5067"}],"wp:attachment":[{"href":"https:\/\/ss-cg.org\/index.php?rest_route=%2Fwp%2Fv2%2Fmedia&parent=5063"}],"wp:term":[{"taxonomy":"category","embeddable":true,"href":"https:\/\/ss-cg.org\/index.php?rest_route=%2Fwp%2Fv2%2Fcategories&post=5063"},{"taxonomy":"post_tag","embeddable":true,"href":"https:\/\/ss-cg.org\/index.php?rest_route=%2Fwp%2Fv2%2Ftags&post=5063"}],"curies":[{"name":"wp","href":"https:\/\/api.w.org\/{rel}","templated":true}]}}