{"id":5034,"date":"2024-10-30T11:22:38","date_gmt":"2024-10-30T11:22:38","guid":{"rendered":"https:\/\/ss-cg.org\/?p=5034"},"modified":"2024-10-30T11:22:38","modified_gmt":"2024-10-30T11:22:38","slug":"poziv-za-pripravnike","status":"publish","type":"post","link":"https:\/\/ss-cg.org\/?p=5034","title":{"rendered":"POZIV ZA PRIPRAVNIKE"},"content":{"rendered":"<div><strong>Savez slijepih Crne Gore tra\u017ei motivisane socijalne radnike, prevodioce i IT stru\u010dnjake za stru\u010dno osposobljavanje tokom 2025. godine! Ako si zavr\u0161io\/la fakultet i \u017eeli\u0161 ste\u0107i dragocjeno iskustvo, ovo je prilika za tebe!\u00a0<\/strong><\/div>\n<div><\/div>\n<div><span style=\"font-family: arial, sans-serif; font-size: large;\">Program stru\u010dnog osposobljavanja pru\u017ea priliku mladim stru\u010dnjacima da steknu dragocjeno prakti\u010dno iskustvo u dinami\u010dnom i podr\u017eavaju\u0107em okru\u017eenju.<\/span><\/div>\n<div><\/div>\n<div><strong style=\"font-family: arial, sans-serif; font-size: large; background-color: #ffffff; color: #666666;\">Rok za prijavu:<\/strong><span style=\"font-family: arial, sans-serif; font-size: large; background-color: #ffffff; color: #666666;\"> do 15. novembra.\u00a0<\/span><\/div>\n<div>\n<p><span style=\"font-family: arial, sans-serif; font-size: large;\">Zainteresovani se mogu javiti na broj: 020 665 368 ili poslati mail na: <a rel=\"noopener\">savezslijepihcg@gmail.com<\/a>\u00a0za vi\u0161e informacija o ogla\u0161enom radnom mjestu.<\/span><\/p>\n<p><span style=\"font-family: arial, sans-serif; font-size: large;\">Ne propusti \u0161ansu da doprinese\u0161 zajednici i stekne\u0161 nova znanja!<\/span><\/p>\n<\/div>\n","protected":false},"excerpt":{"rendered":"<p>Savez slijepih Crne Gore tra\u017ei motivisane socijalne radnike, prevodioce i IT stru\u010dnjake za stru\u010dno osposobljavanje tokom 2025. godine! Ako si zavr\u0161io\/la fakultet i \u017eeli\u0161 ste\u0107i&#8230;<\/p>\n<div class=\"more-link-wrapper\"><a class=\"more-link\" href=\"https:\/\/ss-cg.org\/?p=5034\">Op\u0161irnije<span class=\"screen-reader-text\">POZIV ZA PRIPRAVNIKE<\/span><\/a><\/div>\n","protected":false},"author":3,"featured_media":5035,"comment_status":"open","ping_status":"open","sticky":false,"template":"","format":"standard","meta":{"footnotes":""},"categories":[23],"tags":[1567,1565,1563,1564,1478,32,1566],"class_list":["post-5034","post","type-post","status-publish","format-standard","has-post-thumbnail","hentry","category-aktuelnosti","tag-2025-godina","tag-it-strucnjaci","tag-poziv-za-pripravnike","tag-prevodioci","tag-socijalni-radnici","tag-sscg","tag-strucno-osposobljavanje","ratio-2-1","entry"],"_links":{"self":[{"href":"https:\/\/ss-cg.org\/index.php?rest_route=\/wp\/v2\/posts\/5034","targetHints":{"allow":["GET"]}}],"collection":[{"href":"https:\/\/ss-cg.org\/index.php?rest_route=\/wp\/v2\/posts"}],"about":[{"href":"https:\/\/ss-cg.org\/index.php?rest_route=\/wp\/v2\/types\/post"}],"author":[{"embeddable":true,"href":"https:\/\/ss-cg.org\/index.php?rest_route=\/wp\/v2\/users\/3"}],"replies":[{"embeddable":true,"href":"https:\/\/ss-cg.org\/index.php?rest_route=%2Fwp%2Fv2%2Fcomments&post=5034"}],"version-history":[{"count":1,"href":"https:\/\/ss-cg.org\/index.php?rest_route=\/wp\/v2\/posts\/5034\/revisions"}],"predecessor-version":[{"id":5036,"href":"https:\/\/ss-cg.org\/index.php?rest_route=\/wp\/v2\/posts\/5034\/revisions\/5036"}],"wp:featuredmedia":[{"embeddable":true,"href":"https:\/\/ss-cg.org\/index.php?rest_route=\/wp\/v2\/media\/5035"}],"wp:attachment":[{"href":"https:\/\/ss-cg.org\/index.php?rest_route=%2Fwp%2Fv2%2Fmedia&parent=5034"}],"wp:term":[{"taxonomy":"category","embeddable":true,"href":"https:\/\/ss-cg.org\/index.php?rest_route=%2Fwp%2Fv2%2Fcategories&post=5034"},{"taxonomy":"post_tag","embeddable":true,"href":"https:\/\/ss-cg.org\/index.php?rest_route=%2Fwp%2Fv2%2Ftags&post=5034"}],"curies":[{"name":"wp","href":"https:\/\/api.w.org\/{rel}","templated":true}]}}