{"id":5022,"date":"2024-10-15T08:09:18","date_gmt":"2024-10-15T08:09:18","guid":{"rendered":"https:\/\/ss-cg.org\/?p=5022"},"modified":"2024-10-16T09:24:41","modified_gmt":"2024-10-16T09:24:41","slug":"savez-slijepih-obiljezio-medjunarodni-dan-bijelog-stapa","status":"publish","type":"post","link":"https:\/\/ss-cg.org\/?p=5022","title":{"rendered":"Savez slijepih obilje\u017eio Me\u0111unarodni dan bijelog \u0161tapa"},"content":{"rendered":"<p><strong>Na panelu \u201cVi\u0161e od pomagala\u201d predstavljeni benefiti i rezultati obuke za samostalno kretanje uz pomo\u0107 bijelog \u0161tapa<\/strong><\/p>\n<p>Povodom obilje\u017eavanja 15. oktobra \u2013 Me\u0111unarodnog dana bijelog \u0161tapa, Savez slijepih Crne Gore organizovao je panel diskusiju pod nazivom \u201cVi\u0161e od pomagala\u201d.<br \/>\nNa samom po\u010detku prisutnima se obratio Andrija Samard\u017ei\u0107, predsjednik Saveza slijepih Crne Gore koji je podsjetio da je ovaj zna\u010dajni datum ustanovljen 1964. godine, kada je tada\u0161nji predsjednik Sjedinjenih Ameri\u010dkih Dr\u017eava, Lindon B. D\u017eonson, proglasio 15. oktobar kao Dan bijelog \u0161tapa.<br \/>\n\u201cOd tada, \u0161irom svijeta, ovaj dan se obilje\u017eava s ciljem podizanja svijesti o pravima, mogu\u0107nostima, dostignu\u0107ima, kao i izazovima s kojima se suo\u010davaju osobe o\u0161te\u0107enog vida. Dan bijelog \u0161tapa postao je sinonim za borbu za samostalnost, slobodu, samopouzdanje i vjeru u vlastite sposobnosti osoba o\u0161te\u0107enog vida.<br \/>\nIstovremeno, kako je naglasio Samard\u017ei\u0107, bijeli \u0161tap je simbol nezavisnog kretanja i \u017eivotnog<br \/>\nsamopouzdanja, a ne samo jednostavno pomagalo za svakodnevno funkcionisanje.<br \/>\n\u201cPanel diskusija koju smo organizovali predstavlja priliku da se iz perspektive dr\u017eavnih institucija, organizacija osoba s invaliditetom, kao i samih korisnika bijelog \u0161tapa, osvrnemo na trenutnu situaciju u oblasti samostalnog kretanja osoba o\u0161te\u0107enog vida, kao i na njihove svakodnevne izazove\u201d, poru\u010dio je on.<br \/>\nPro\u0161logodi\u0161nji Dan bijelog \u0161tapa obilje\u017een je po\u010detkom obuke za instruktorke i instruktore za samostalno kretanje uz pomo\u0107 bijelog \u0161tapa. Tokom obilje\u017eavanja ovogodi\u0161njeg datuma Dana bijelog \u0161tapa predstavljeni su rezultati obuke.Deset osoba o\u0161te\u0107enog vida iz Podgorice, Bara i Nik\u0161i\u0107a pro\u0161lo je obuku i sada mogu samostalno da se kre\u0107u.<br \/>\n\u201cPostignuti rezultati mogu da nam slu\u017ee svima na ponos. Uspjeli smo da prevazi\u0111emo institucionalna i sistemska ograni\u010denja, a najvi\u0161e uticaj okoline koji je sputavao osobe sa o\u0161te\u0107enim vidom da se samostalno kre\u0107u.<br \/>\nIrena Rako\u010devi\u0107, direktorica direktorata za za\u0161titu i jednakost lica s invaliditetom podsjetila je da je Ministarstvo ljudskih i manjinskih prava nadle\u017eno za koordiniranje politika o jednakosti lica sa invaliditetom.Ona je napomenula da je direktorat za za\u0161titu lica sa invaliditetom ponovno osnovan krajem februara ove godine , te da je prvi korak koji je sproveden u okviru Direktorata, kreiranje izvje\u0161taja koji govori \u0161to je ura\u0111eno u prethodne dvije godine kada je u pitanju Strategija za za\u0161titu lica sa invaliditetom od diskriminacije i promociju jednakosti koja je krovni strate\u0161ki dokument koja se bavi ovom temom.<br \/>\n\u201cAnaliiza stanja je pokazala da postoje\u0107i trend ostvarenosti indikatora u\u010dinka nije bio na zadovoljavaju\u0107em nivou.To zna\u010di da svi standardi koje smo bili du\u017eni da ispo\u0161tujemo nisu bili po\u0161tovani, ni kada je u pitanju fizi\u010dki pristup. Jo\u0161 2008.godine je done\u0161en zakon po kojem su svi dr\u017eavni i lokalni organi bili obavezni da obezbijede pristupa\u010dnost licima sa invaliditetom. Dosta toga je ura\u0111eno, me\u0111utim, ono \u0161to je zabrinulo komisiju koja je radila na ovom izvje\u0161taju jeste da do kraja februara ove godine nismo dobili kona\u010dan spisak svih objekata u dr\u017eavnoj svojini koje je trebalo prilagoditi\u201d, kazala je ona i dodala da je pored toga jako bitna pristupa\u010dnost informacijama, javnom prevozu I javnim povr\u0161inama..<br \/>\n\u201cOvo je mo\u017eda prilika da najavim da ministarstvo radi na dvije analize, jedna je analiza koja se bavi horizontalnim usagla\u0161avanjem zakona sa standardima UN. Druga je analiza u\u010de\u0161\u0107a lica sa invaliditetom u javnom i politi\u010dkom \u017eivotu\u201d, naglasila je ona.<br \/>\nGovore\u0107i o brojnim izazovima sa kojima se susre\u0107u osobe sa invaliditetom, Goran Macanovi\u0107, izvr\u0161ni direktor Saveza slijepih Crne Gore kazao je na panelu, da kao klju\u010dni izazov izdvaja sam odnos dru\u0161tva prema fenomenu invaliditeta.<br \/>\n\u201cU na\u0161em dru\u0161tvu se svaka razli\u010ditost kategorizuje kao manje vrijedna. Tako se i osobe sa o\u0161te\u0107enim vidom, na\u017ealost, u dru\u0161tvu trtiraju kao nesposobne, a kao takve se tretiraju neravnopravno u odnosu na ostalu populaciju. Mi u Savezu slijepih ve\u0107 dugi niz godina radimo na podizanju nivoa svijesti kroz razne aktivnosti, kroz odre\u0111ene primjere pokazujemo da takav stav ve\u0107inskog dijela stanovni\u0161tva ne odgovara istini. Napomenuo bih da osobe sa o\u0161te\u0107enim vidom, uz adekvatne uslove, mogu biti samostalne i produktivne. Na ve\u0107u samostalnost osoba sa o\u0161te\u0107enim vidom uti\u010de jedan zna\u010dajan izazov, to je nedostatak dovoljnih usluga za podr\u0161ku za \u017eivot u zajednici. Mi se u Savezu slijepih trudimo da konstatno uvodimo neke nove usluge za podr\u0161ku za \u017eivot u zajednici, jedna od njih je upravo usluga za samostalno kretanje uz pomo\u0107 bijelog \u0161tapa\u201d rekao je on i dodao da to nije jedina usluga koju Savez realizuje.<br \/>\n\u201cMoram pomenuti da imamo i uslugu vide\u0107eg pratioca, koja predstavlja jedan va\u017ean servis podr\u0161ke.Pomenute usluge se sprovode uz podr\u0161ku glavnog grada Podgorica I Op\u0161tine Nik\u0161i\u0107, dok izostaje adekvatna podr\u0161ka dr\u017eave i institucija sistema, te obije usluge i dalje nisu licencirane\u201d, kazao je on.<br \/>\nO tome koliko je zna\u010dajna i korisna obuka za samostalno kretanje uz pomo\u0107 bijelog \u0161tapa, govorila je polaznica pomenute obuke Bojana Ota\u0161evi\u0107.<\/p>\n<p>\u201cOva obuka je za mene jedan veoma bitan \u017eivotni doga\u0111aj i jedno novo \u017eivotno poglavlje jer, samostalno kretanje je jedan vrlo bitan korak kada govorimo o samostalnom \u017eivotu.Prije godinu dana nisam intezivno koristila bijeli \u0161tap \u0161to se nakon obuke promijenilo. Sada bijeli \u0161tap koristim \u010dak i kada imam asistenciju osobe koja vidi. Savladala sam mnoga mjesta i putanje, bez obzira na neke strahove koje sam prije imala, uvijek je u meni bila prisutna \u010dinjenica da jednoga dana ne\u0107u zavisiti od dobre volje \u010dlanova porodice i prijatelja\u201d, kazala je ona<br \/>\nDugogodi\u0161nji korisnik bijelog \u0161tapa, Radenko Lacmanovi\u0107, kazao je da ovaj me\u0111unarodni Dan istinski do\u017eivljava kao praznik.<br \/>\n\u201cSve \u0161to unapre\u0111uje, opominje, poziva i ukazuje na stanje u kome \u017eivimo vrijedi slaviti. Rekao bih da je bijeli \u0161tap najprepoznatljivije sredstvo za kretanje u javnom prostoru. Ovim putem apelujem na sve, pogotovo mla\u0111u populaciju, da uzmu bijeli \u0161tap u ruke i odlu\u010dno krenu u samostalniji \u017eivot. Kroz svoje iskustvo, savjetovao bih da korisnik sam donese odluku i krene u ljep\u0161i, sre\u0107niji i sigurniji \u017eivot\u201d, poru\u010dio je on.<\/p>\n","protected":false},"excerpt":{"rendered":"<p>Na panelu \u201cVi\u0161e od pomagala\u201d predstavljeni benefiti i rezultati obuke za samostalno kretanje uz pomo\u0107 bijelog \u0161tapa Povodom obilje\u017eavanja 15. oktobra \u2013 Me\u0111unarodnog dana bijelog&#8230;<\/p>\n<div class=\"more-link-wrapper\"><a class=\"more-link\" href=\"https:\/\/ss-cg.org\/?p=5022\">Op\u0161irnije<span class=\"screen-reader-text\">Savez slijepih obilje\u017eio Me\u0111unarodni dan bijelog \u0161tapa<\/span><\/a><\/div>\n","protected":false},"author":3,"featured_media":5024,"comment_status":"open","ping_status":"open","sticky":false,"template":"","format":"standard","meta":{"footnotes":""},"categories":[23],"tags":[39,1489,895,28,124,1558,32,1559],"class_list":["post-5022","post","type-post","status-publish","format-standard","has-post-thumbnail","hentry","category-aktuelnosti","tag-bijeli-stap","tag-hotel-bristol","tag-medjunarodni-dan","tag-osi","tag-osobe-ostecenog-vida","tag-panel-diskusija","tag-sscg","tag-vise-od-pomagala","ratio-2-1","entry"],"_links":{"self":[{"href":"https:\/\/ss-cg.org\/index.php?rest_route=\/wp\/v2\/posts\/5022","targetHints":{"allow":["GET"]}}],"collection":[{"href":"https:\/\/ss-cg.org\/index.php?rest_route=\/wp\/v2\/posts"}],"about":[{"href":"https:\/\/ss-cg.org\/index.php?rest_route=\/wp\/v2\/types\/post"}],"author":[{"embeddable":true,"href":"https:\/\/ss-cg.org\/index.php?rest_route=\/wp\/v2\/users\/3"}],"replies":[{"embeddable":true,"href":"https:\/\/ss-cg.org\/index.php?rest_route=%2Fwp%2Fv2%2Fcomments&post=5022"}],"version-history":[{"count":1,"href":"https:\/\/ss-cg.org\/index.php?rest_route=\/wp\/v2\/posts\/5022\/revisions"}],"predecessor-version":[{"id":5023,"href":"https:\/\/ss-cg.org\/index.php?rest_route=\/wp\/v2\/posts\/5022\/revisions\/5023"}],"wp:featuredmedia":[{"embeddable":true,"href":"https:\/\/ss-cg.org\/index.php?rest_route=\/wp\/v2\/media\/5024"}],"wp:attachment":[{"href":"https:\/\/ss-cg.org\/index.php?rest_route=%2Fwp%2Fv2%2Fmedia&parent=5022"}],"wp:term":[{"taxonomy":"category","embeddable":true,"href":"https:\/\/ss-cg.org\/index.php?rest_route=%2Fwp%2Fv2%2Fcategories&post=5022"},{"taxonomy":"post_tag","embeddable":true,"href":"https:\/\/ss-cg.org\/index.php?rest_route=%2Fwp%2Fv2%2Ftags&post=5022"}],"curies":[{"name":"wp","href":"https:\/\/api.w.org\/{rel}","templated":true}]}}