{"id":4944,"date":"2024-05-01T10:28:19","date_gmt":"2024-05-01T10:28:19","guid":{"rendered":"https:\/\/ss-cg.org\/?p=4944"},"modified":"2024-05-07T10:30:24","modified_gmt":"2024-05-07T10:30:24","slug":"cetrdeset-godina-evropskog-saveza-slijepih-ess","status":"publish","type":"post","link":"https:\/\/ss-cg.org\/?p=4944","title":{"rendered":"\u010cetrdeset godina Evropskog Saveza Slijepih, ESS"},"content":{"rendered":"<p><strong>Klju\u010dne prekretnice i<\/strong><br \/>\n<strong>dostignu\u0107a<\/strong><\/p>\n<p><em><strong>Brajevo u Farmaciji<\/strong><\/em><\/p>\n<p>ESS je radio u svim svojim dr\u017eavama<br \/>\n\u010dlanicama i s farmaceutskom i<br \/>\nambala\u017enom industrijom kako bi<br \/>\npomogao u razvoju CEN standarda za<br \/>\nBrajevo pismo na ambala\u017ei i letcima.<\/p>\n<p><em><strong>Euro Valuta<\/strong><\/em><\/p>\n<p>EU se obratila ESS-u da radi na<br \/>\npristupa\u010dnosti Euro kovanica i<br \/>\nnov\u010danica za zajednicu o\u0161te\u0107enog vida,<br \/>\na saradnja je u toku za budu\u0107a izdanja Eura.<\/p>\n<p><em><strong>Marake\u0161ki sporazum<\/strong><\/em><\/p>\n<p>\u201eMarake\u0161ki sporazum o olak\u0161avanju<br \/>\npristupa objavljenim djelima za osobe<br \/>\npotpuno i djelimi\u010dno o\u0161te\u0107enog vida,<br \/>\nosobe koje usled drugih invaliditeta<br \/>\nne mogu \u010ditati standardnu \u0161tampu<br \/>\n\u201c bio je prekretnica u na\u0161oj istoriji,<br \/>\nomogu\u0107avaju\u0107i organizacijama za osobe<br \/>\no\u0161te\u0107enog vida da dijele knjige sa<br \/>\nsusjednim zemljama.<\/p>\n<p><em><strong>Tiha vozila<\/strong><\/em><\/p>\n<p>Zbog sna\u017ene intervencije ESS-a,<br \/>\nEvropska unija i UNECE (Ekonomska<br \/>\nkomisija Ujedinjenih nacija za Evropu)<br \/>\nsu se pozabavile potrebom za<br \/>\ndodatnom proizvodnjom vje\u0161ta\u010dkog<br \/>\nzvuka za elektri\u010dna i elektri\u010dna hibridna vozila.<\/p>\n<p><em><strong>Evropski akt<\/strong><\/em><br \/>\n<em><strong>pristupa\u010dnosti (EAA &#8211;<\/strong><\/em><br \/>\n<em><strong>European Accessibility Act)<\/strong><\/em><\/p>\n<p>ESS je odigrao sna\u017enu ulogu u koncepciji<br \/>\nEAA, koji formuli\u0161e sveobuhvatan skup<br \/>\nminimalnih zahtjeva za sva preduze\u0107a<br \/>\nkako bi niz proizvoda i usluga bio<br \/>\npristupa\u010dan. ESS je tako\u0111e u\u010destvovao u<br \/>\nizradi Direktive o pristupa\u010dnosti weba,<br \/>\nkoja precizira istu vrstu zahtjeva za<br \/>\nweb stranice javnih usluga i mobilne<br \/>\naplikacije.<\/p>\n<p><em><strong>VISAL &#8211; Aktivno u\u010denje<\/strong><\/em><br \/>\n<em><strong>starijih osoba o\u0161te\u0107enog vida<\/strong><\/em><\/p>\n<p>VISAL je bio jedan od mnogih projekata<br \/>\nkoje je vodio ESS i imao je za cilj<br \/>\npobolj\u0161anje situacije sve ve\u0107e populacije<br \/>\nevropskih gra\u0111ana koji se suo\u010davaju s<br \/>\ngubitkom vida usljed staranja.<\/p>\n<p>&nbsp;<\/p>\n<p><strong>U budu\u0107nosti, ovo su neki<\/strong><br \/>\n<strong>od ciljeva koje predvi\u0111amo i<\/strong><br \/>\n<strong>za koje \u0107emo raditi:<\/strong><\/p>\n<p>Dru\u0161tvo u kojem osobe potpuno i<br \/>\ndjelimi\u010dno o\u0161te\u0107enog vida mogu<br \/>\nu potpunosti pristupiti svim<br \/>\ninformacijama na ravnopravnoj osnovi s<br \/>\ndrugima. Potpuno pristupa\u010dne tehnologije,<br \/>\nuklju\u010duju\u0107i vje\u0161ta\u010dku inteligenciju, nude<br \/>\npotencijal bez presedana u tom pogledu,<br \/>\nali tako\u0111e mogu stvoriti nove prepreke<br \/>\nako nisu dizajnirane pristupa\u010dne od samog<br \/>\npo\u010detka.<br \/>\nOd rije\u010di do djela: Implementacija<br \/>\npostoje\u0107ih i novih zakona, ugovora<br \/>\ni konvencija na svim nivoima kako bi<br \/>\noni zaista u\u010dinili razliku za uklju\u010divanje<br \/>\nu svakodnevni \u017eivot osoba potpuno i<br \/>\ndjelimi\u010dno o\u0161te\u0107enog vida.<br \/>\nPotpuno pristupa\u010dne i inkluzivne<br \/>\nosnovne usluge preduslov su da gra\u0111ani<br \/>\npotpuno i djelimi\u010dno o\u0161te\u0107enog vida<br \/>\npostignu visok \u017eivotni standard i da \u017eive<br \/>\nsamostalno. Preostale prepreke u oblastima<br \/>\nkao \u0161to su zdravstvena za\u0161tita, obrazovanje,<br \/>\nstru\u010dna obuka i zapo\u0161ljavanje moraju biti<br \/>\nuklonjene. Moraju se uzeti u obzir trendovi<br \/>\npoput starenja stanovni\u0161tva i cjelo\u017eivotnog<br \/>\nu\u010denja.<br \/>\nSlu\u017ebe podr\u0161ke i \u0161eme socijalne za\u0161tite<br \/>\nmoraju obezbijediti adekvatan nivo<br \/>\nfinansiranja (ili drugih sredstava), tako<br \/>\nda osobe potpuno i djelimi\u010dno o\u0161te\u0107enog<br \/>\nvida ne budu finansijski ili na drugi<br \/>\nna\u010din u nepovoljnom polo\u017eaju zbog svog<br \/>\ninvaliditeta.<br \/>\nPrikaz mobilnosti \u0107e do\u017eivjeti zna\u010dajne<br \/>\npromjene u godinama koje dolaze. Sli\u010dno<br \/>\nnovim IT tehnologijama, ovo nudi ogroman<br \/>\npotencijal osobama potpuno i djelimi\u010dno<\/p>\n<p>o\u0161te\u0107enog vida da se kre\u0107u slobodnije<br \/>\ni sigurnije. Ali, ako nije dizajnirano na<br \/>\npristupa\u010dan na\u010din od po\u010detka, istina je i<br \/>\nsuprotno.<br \/>\nIzborne vlasti moraju osigurati da osobe<br \/>\no\u0161te\u0107enog vida mogu glasati samostalno<br \/>\ni tajno, dok politi\u010dki materijali moraju<br \/>\nbiti dostavljeni u pristupa\u010dnim<br \/>\nformatima. \u0160tavi\u0161e, osobe potpuno<br \/>\ni djelimi\u010dno o\u0161te\u0107enog vida bi tako\u0111e<br \/>\ntrebale biti u mogu\u0107nosti da se kandiduju<br \/>\nza funkcije na ravnopravnoj osnovi sa<br \/>\ndrugima.<\/p>\n<p>&nbsp;<\/p>\n<p>Za vi\u0161e informacija o ovim<br \/>\ntemama i ESS generalno,<br \/>\nposjetite<br \/>\n<a href=\"http:\/\/www.euroblind.org\">www.euroblind.org<\/a><\/p>\n<p>Publikaciju mo\u017eete preuzeti na sljede\u0107em linku: <a href=\"https:\/\/ss-cg.org\/wp-content\/uploads\/2024\/05\/EBU-card-40-years-montenegrin.pdf\">EBU-card-40-years-montenegrin<\/a> .<\/p>\n","protected":false},"excerpt":{"rendered":"<p>Klju\u010dne prekretnice i dostignu\u0107a Brajevo u Farmaciji ESS je radio u svim svojim dr\u017eavama \u010dlanicama i s farmaceutskom i ambala\u017enom industrijom kako bi pomogao u&#8230;<\/p>\n<div class=\"more-link-wrapper\"><a class=\"more-link\" href=\"https:\/\/ss-cg.org\/?p=4944\">Op\u0161irnije<span class=\"screen-reader-text\">\u010cetrdeset godina Evropskog Saveza Slijepih, ESS<\/span><\/a><\/div>\n","protected":false},"author":3,"featured_media":4947,"comment_status":"open","ping_status":"open","sticky":false,"template":"","format":"standard","meta":{"footnotes":""},"categories":[23],"tags":[1536,137,28,124,656],"class_list":["post-4944","post","type-post","status-publish","format-standard","has-post-thumbnail","hentry","category-aktuelnosti","tag-40-godina","tag-ebu","tag-osi","tag-osobe-ostecenog-vida","tag-publikacija","ratio-2-1","entry"],"_links":{"self":[{"href":"https:\/\/ss-cg.org\/index.php?rest_route=\/wp\/v2\/posts\/4944","targetHints":{"allow":["GET"]}}],"collection":[{"href":"https:\/\/ss-cg.org\/index.php?rest_route=\/wp\/v2\/posts"}],"about":[{"href":"https:\/\/ss-cg.org\/index.php?rest_route=\/wp\/v2\/types\/post"}],"author":[{"embeddable":true,"href":"https:\/\/ss-cg.org\/index.php?rest_route=\/wp\/v2\/users\/3"}],"replies":[{"embeddable":true,"href":"https:\/\/ss-cg.org\/index.php?rest_route=%2Fwp%2Fv2%2Fcomments&post=4944"}],"version-history":[{"count":1,"href":"https:\/\/ss-cg.org\/index.php?rest_route=\/wp\/v2\/posts\/4944\/revisions"}],"predecessor-version":[{"id":4946,"href":"https:\/\/ss-cg.org\/index.php?rest_route=\/wp\/v2\/posts\/4944\/revisions\/4946"}],"wp:featuredmedia":[{"embeddable":true,"href":"https:\/\/ss-cg.org\/index.php?rest_route=\/wp\/v2\/media\/4947"}],"wp:attachment":[{"href":"https:\/\/ss-cg.org\/index.php?rest_route=%2Fwp%2Fv2%2Fmedia&parent=4944"}],"wp:term":[{"taxonomy":"category","embeddable":true,"href":"https:\/\/ss-cg.org\/index.php?rest_route=%2Fwp%2Fv2%2Fcategories&post=4944"},{"taxonomy":"post_tag","embeddable":true,"href":"https:\/\/ss-cg.org\/index.php?rest_route=%2Fwp%2Fv2%2Ftags&post=4944"}],"curies":[{"name":"wp","href":"https:\/\/api.w.org\/{rel}","templated":true}]}}