{"id":4939,"date":"2024-05-02T09:28:03","date_gmt":"2024-05-02T09:28:03","guid":{"rendered":"https:\/\/ss-cg.org\/?p=4939"},"modified":"2024-05-07T09:58:41","modified_gmt":"2024-05-07T09:58:41","slug":"savez-slijepih-crne-gore-samostalno-kretanje-preduslov-za-samostalnost-i-inkluziju-osoba-sa-ostecenjem-vida-u-drustvo","status":"publish","type":"post","link":"https:\/\/ss-cg.org\/?p=4939","title":{"rendered":"Savez slijepih Crne Gore: Samostalno kretanje preduslov za samostalnost i inkluziju osoba sa o\u0161te\u0107enjem vida u dru\u0161tvo"},"content":{"rendered":"<p>Savez slijepih Crne Gore je organizovao konferenciju \u201eRasklopi \u0161tap i pokreni avanturu samostalnog kretanja\u201c sa akcentom na pobolj\u0161anje dru\u015btvenog polo\u017eaja osoba sa o\u0161te\u0107enjem vida uklju\u010divanjem u sve sfere dru\u0161tvenog \u017eivota kroz organizovanje obuke za kretanje uz pomo\u0107 bijelog \u0161tapa.<\/p>\n<p><em><strong>\u201cNije dovoljno samo da okupimo odre\u0111eni broj stru\u010dnih radnika, \u0161to smo uspje\u0161no postigli, i da okupimo odre\u0111eni broj osoba sa o\u0161te\u0107enjem vida koje su spremne da se odlu\u010de na samostalno kretanje uz pomo\u0107 bijelog \u0161tapa, ve\u0107 da i \u0161iroj zajednici stavimo do znanja koliko je zna\u010dajan samostalan \u017eivot i koliko je va\u017eno samostalno kretanje uz pomo\u0107 bijelog \u0161tapa,\u201d<\/strong><\/em> istakao je predsjednik Saveza, Andrija Samard\u017ei\u0107.<\/p>\n<p>Kroz realizaciju projekta izra\u0111ena je akreditacija programa za kretanje uz pomo\u0107 bijelog \u0161tapa, te realizovana obuka za budu\u0107e instruktore.<\/p>\n<p><em><strong>\u201cSve \u0161to smo u\u010dile, u\u010dile smo iz pozicije osobe sa o\u0161te\u0107enjem vida. Plan i program je bio samo kostur na\u0161eg rada, terenski rad zahtijeva mnogo izmjena i susretanje sa mnogo izazova,\u201d<\/strong><\/em> istakle su instruktorke Dragana I Albina.<\/p>\n<p>Svoja pozitivna iskustva podijelili su i sami polaznici obuke za samostalno kretanje uz pomo\u0107 bijelog \u0161tapa.<\/p>\n<p><strong><em>\u201cKada sam \u010duo da se ovaj projekat relizuje nisam smio da dozvolim sebi luksuz da u njemu ne<\/em> u\u010destvujem. Prije projekta sam se djelimi\u010dno sam kretao, ali nije isto kada sami krenete u avanturu i kad je neko stru\u010dan sa vama \u017delim da poru\u010dim budu\u0107im korisnicima da rasklope \u0161tap krenu u avanturu i uspjeh \u0107e biti zagarantovan. Zahvaljuju\u0107i ovom projektu danas sve dnevne aktivnosti mogu da obavljam samostalno,\u201d<\/strong> kazao je Adnan Kujovi\u0107.<\/p>\n<p>Druga polaznica, Bojana Ota\u0161evi\u0107 istakla je da ve\u0107 13 godina koristi bijeli \u0161tap, ali da je tek uz ovu zna\u010dajnu obuku nau\u010dila da koristi njegov pun potencijal.<\/p>\n<p><em><strong>\u201cKako je krenula obuka, sve se promijenilo, nau\u010dila sam nove tehnike i kako da ispravno dr\u017eim bijeli \u0161tap.<\/strong><\/em><br \/>\n<em><strong>\u010cinjenica je da sam se prije obuke veoma malo kretala i da sam zavisila od volje porodice i prijatelja da mi pomognu. Strahovi su postojali, podcjenjivala sam sebe, smatrala sam da neke rute ne\u0107u savladati.<\/strong><\/em><br \/>\n<em><strong>Motivacija mi je bila da jednog dana ne\u0107u od nikoga zavisiti i da \u0107u mo\u0107i samostalno po\u0107i do odre\u0111enih mjesta. Nakon obuke sam se susrela sa velikim razumijevanjem sredine i njihov pristup se promijenio, dobila sam osje\u0107aj samostalnosti, slobode i nezavisnosti,\u201d<\/strong><\/em> saop\u0161tila je Ota\u0161evi\u0107.<\/p>\n<p>U okviru panel diskusije \u201cUloga i zna\u010daj servisa podr\u0161ke za samostalno kretanje osoba o\u0161te\u0107enog vida\u201d akcentovan je zna\u010daj servisa, izostanak pluralizma servisa, pravna regulacija, koja nije dobra I ne primjenjuje se u skladu sa UN Konvencijom o pravima OSI.<\/p>\n<p>Na konferenciji su, osim u\u010desnika iz Crne Gore iskustva u oblasti samostalnog kretanja podijelili i gosti iz regiona, Saveza slijepih iz Bosna I Hercegovina, Hrvatska, Republika Srpska, Srbija.<br \/>\nOvu produktivnu konferenciju koja je otvorila mnoga pitanja i predstavnike dr\u017eavnih i lokalnih vlasti pozvala na akciju, zatvorio je Izvr\u0161ni direktor Saveza slijepih Crne Gore, gdin Goran Macanovi\u0107.<\/p>\n<p><strong><em>\u201cMi ne\u0107emo ovdje stati!. Ve\u0107a samostalnost u kretanju osoba sa o\u0161te\u0107enjem vida je preduslov za<\/em> samostalni \u017eivot i samostalno funkcionisanje,\u201d<\/strong> podvukao je Macanovi\u0107.<\/p>\n<p>&nbsp;<\/p>\n<p>Tekst na engleskom mo\u017eete pro\u010ditati i preuzeti u nastavku: <a href=\"https:\/\/ss-cg.org\/wp-content\/uploads\/2024\/05\/EBU-newsletter-April-2024.-conference-white-cane.docx\">EBU newsletter, April 2024. conference white cane<\/a> .<\/p>\n<p>EBU Member's Newsletter link: <a href=\"https:\/\/ss-cg.org\/wp-content\/uploads\/2024\/05\/EBU-members-news-2024-04-1.docx\">EBU-members-news-2024-04 (1)<\/a> .<\/p>\n","protected":false},"excerpt":{"rendered":"<p>Savez slijepih Crne Gore je organizovao konferenciju \u201eRasklopi \u0161tap i pokreni avanturu samostalnog kretanja\u201c sa akcentom na pobolj\u0161anje dru\u015btvenog polo\u017eaja osoba sa o\u0161te\u0107enjem vida uklju\u010divanjem&#8230;<\/p>\n<div class=\"more-link-wrapper\"><a class=\"more-link\" href=\"https:\/\/ss-cg.org\/?p=4939\">Op\u0161irnije<span class=\"screen-reader-text\">Savez slijepih Crne Gore: Samostalno kretanje preduslov za samostalnost i inkluziju osoba sa o\u0161te\u0107enjem vida u dru\u0161tvo<\/span><\/a><\/div>\n","protected":false},"author":3,"featured_media":4943,"comment_status":"open","ping_status":"open","sticky":false,"template":"","format":"standard","meta":{"footnotes":""},"categories":[23],"tags":[137,291,166,32],"class_list":["post-4939","post","type-post","status-publish","format-standard","has-post-thumbnail","hentry","category-aktuelnosti","tag-ebu","tag-konferencija","tag-newsletter","tag-sscg","ratio-2-1","entry"],"_links":{"self":[{"href":"https:\/\/ss-cg.org\/index.php?rest_route=\/wp\/v2\/posts\/4939","targetHints":{"allow":["GET"]}}],"collection":[{"href":"https:\/\/ss-cg.org\/index.php?rest_route=\/wp\/v2\/posts"}],"about":[{"href":"https:\/\/ss-cg.org\/index.php?rest_route=\/wp\/v2\/types\/post"}],"author":[{"embeddable":true,"href":"https:\/\/ss-cg.org\/index.php?rest_route=\/wp\/v2\/users\/3"}],"replies":[{"embeddable":true,"href":"https:\/\/ss-cg.org\/index.php?rest_route=%2Fwp%2Fv2%2Fcomments&post=4939"}],"version-history":[{"count":1,"href":"https:\/\/ss-cg.org\/index.php?rest_route=\/wp\/v2\/posts\/4939\/revisions"}],"predecessor-version":[{"id":4942,"href":"https:\/\/ss-cg.org\/index.php?rest_route=\/wp\/v2\/posts\/4939\/revisions\/4942"}],"wp:featuredmedia":[{"embeddable":true,"href":"https:\/\/ss-cg.org\/index.php?rest_route=\/wp\/v2\/media\/4943"}],"wp:attachment":[{"href":"https:\/\/ss-cg.org\/index.php?rest_route=%2Fwp%2Fv2%2Fmedia&parent=4939"}],"wp:term":[{"taxonomy":"category","embeddable":true,"href":"https:\/\/ss-cg.org\/index.php?rest_route=%2Fwp%2Fv2%2Fcategories&post=4939"},{"taxonomy":"post_tag","embeddable":true,"href":"https:\/\/ss-cg.org\/index.php?rest_route=%2Fwp%2Fv2%2Ftags&post=4939"}],"curies":[{"name":"wp","href":"https:\/\/api.w.org\/{rel}","templated":true}]}}