{"id":4924,"date":"2024-04-22T10:05:59","date_gmt":"2024-04-22T10:05:59","guid":{"rendered":"https:\/\/ss-cg.org\/?p=4924"},"modified":"2024-04-24T10:11:14","modified_gmt":"2024-04-24T10:11:14","slug":"ka-jos-vecem-uticaju-i-inkluzivnosti-rijec-nase-nove-predsjednice","status":"publish","type":"post","link":"https:\/\/ss-cg.org\/?p=4924","title":{"rendered":"KA JO\u0160 VE\u0106EM UTICAJU I INKLUZIVNOSTI &#8211; RIJE\u010c NA\u0160E NOVE PREDSJEDNICE"},"content":{"rendered":"<div dir=\"auto\">\n<div dir=\"auto\"><span style=\"background-color: #ffffff; color: #666666;\">Sa skromno\u0161\u0107u i ponosom sam zakora\u010dila na mjesto predsjednice Evropskog saveza slijepih. Biti prva \u017eena predsjednica i biti mla\u0111a od same organizacije daje osje\u0107aj izvanrednosti i uzbu\u0111enja. Vjerujem u mo\u0107 reprezentacije i nadam se da se u budu\u0107nosti izbor mla\u0111e \u017eene vi\u0161e ne\u0107e smatrati izuzetnim. Umjesto toga, \u017eelim podr\u017eati Evropski savez slijepih u prepoznavanju svojih snaga i izazivanju svojih praksi kako bi za \u010detiri godine na\u0161a organizacija bila jo\u0161 inkluzivnija, privla\u010dnija i uticajnija, predstavljaju\u0107i Evropljane potpuno i djelimi\u010dno o\u0161te\u0107enog vida bez obzira na njihov pol, godine ili etni\u010dku pripadnost.<\/span><\/div>\n<\/div>\n<div dir=\"auto\"><\/div>\n<div dir=\"auto\">Prethodni mandat mi je bio prvi u Odboru Evropskog saveza slijepih. Bio je to mandat u\u010denja, transformacije i prilago\u0111avanja \u2013 i za mene li\u010dno i za na\u0161u organizaciju. Moje prvo dijete ro\u0111eno je samo mjesec dana nakon Generalne skup\u0161tine u Rimu i u\u010destvovala sam na prvom sastanku odbora u Pragu u februaru 2020. na daljinu kada niko nije mogao o\u010dekivati \u200b\u200bda \u0107e to uskoro biti na\u0161a nova normala. Tokom mandata 2019-2024 osobe potpuno i djelimi\u010dno o\u0161te\u0107enog vida Evrope prvo su se suo\u010dile sa globalnom pandemijom, a zatim su svjedo\u010dile ratu na na\u0161em kontinentu i prilivu izbjeglica, s i bez invaliditeta.<\/div>\n<div dir=\"auto\"><\/div>\n<div dir=\"auto\">Ove promjene u na\u0161em radnom i \u017eivotnom okru\u017eenju nau\u010dile su nas otpornosti i natjerale nas na razmi\u0161ljanje orijentisano na rje\u0161enja. Generalna skup\u0161tina u Lisabonu bila je radosno dru\u017eenje na kojem smo mogli osjetiti zahvalnost za vrijeme provedeno zajedno \u2013 ne\u0161to \u0161to vi\u0161e ne uzimamo zdravo za gotovo.<\/div>\n<div dir=\"auto\"><\/div>\n<div dir=\"auto\">U narednim godinama tra\u017eimo da iskoristimo sve \u0161to smo nau\u010dili tokom proteklih godina \u2013 i tokom 40 godina istorije Evropskog saveza slijepih. Vi\u0161estruki na\u010dini online u\u010de\u0161\u0107a omogu\u0107ili su na\u0161oj zajednici da razvije nove, dinami\u010dne na\u010dine me\u0111usobnog povezivanja na webinarima, tematskim diskusijama i drugim online doga\u0111ajima koji se povezuju \u0161irom Evrope. Iskori\u0161\u0107avanje onoga \u0161to znamo i nastojanje da razvijemo nove prakse koje ja\u010daju inkluzivnost i jedinstvo Evropskog saveza slijepih, zaista je va\u017eno u godinama koje dolaze.<\/div>\n<div dir=\"auto\"><\/div>\n<div dir=\"auto\">Ne o\u010dekujem da \u0107e ovaj mandat biti lak\u0161i od prethodnog. Klimatski i ekolo\u0161ki izazovi, politi\u010dka nestabilnost, porast glasova koji kritikuju ljudska prava i finansijski izazovi sa kojima se Evropa suo\u010dava imaju ogroman uticaj na sve gra\u0111ane s invaliditetom. Jak i ujedinjen Evropski savez slijepih koji ima \u010dvrste veze sa \u0161irim pokretom osoba s invaliditetom jedini je na\u010din da odbranimo pravo na puno u\u010de\u0161\u0107e i inkluziju osoba potpuno i djelimi\u010dno o\u0161te\u0107enog vida \u0161irom Evrope.<\/div>\n<div dir=\"auto\"><\/div>\n<div dir=\"auto\">Tytti Matsinen, predsjednica Evropskog saveza slijepih<\/div>\n<div dir=\"auto\">Prevela: Katarina Bigovi\u0107 Kuli\u0107<\/div>\n<div dir=\"auto\">Izvor:\u00a0<a href=\"https:\/\/www.euroblind.org\/newsletter\/2024\/april\/en\/towards-even-greater-impact-and-inclusiveness-word-our-new-president\" target=\"_blank\" rel=\"noopener\" data-saferedirecturl=\"https:\/\/www.google.com\/url?q=https:\/\/www.euroblind.org\/newsletter\/2024\/april\/en\/towards-even-greater-impact-and-inclusiveness-word-our-new-president&amp;source=gmail&amp;ust=1714039496657000&amp;usg=AOvVaw3BwcA0fqE7g5uBKlzrgDFS\">https:\/\/www.euroblind.org\/<wbr \/>newsletter\/2024\/april\/en\/<wbr \/>towards-even-greater-impact-<wbr \/>and-inclusiveness-word-our-<wbr \/>new-president<\/a><\/div>\n","protected":false},"excerpt":{"rendered":"<p>Sa skromno\u0161\u0107u i ponosom sam zakora\u010dila na mjesto predsjednice Evropskog saveza slijepih. Biti prva \u017eena predsjednica i biti mla\u0111a od same organizacije daje osje\u0107aj izvanrednosti&#8230;<\/p>\n<div class=\"more-link-wrapper\"><a class=\"more-link\" href=\"https:\/\/ss-cg.org\/?p=4924\">Op\u0161irnije<span class=\"screen-reader-text\">KA JO\u0160 VE\u0106EM UTICAJU I INKLUZIVNOSTI &#8211; RIJE\u010c NA\u0160E NOVE PREDSJEDNICE<\/span><\/a><\/div>\n","protected":false},"author":3,"featured_media":4926,"comment_status":"open","ping_status":"open","sticky":false,"template":"","format":"standard","meta":{"footnotes":""},"categories":[23],"tags":[137,124,1532,1533],"class_list":["post-4924","post","type-post","status-publish","format-standard","has-post-thumbnail","hentry","category-aktuelnosti","tag-ebu","tag-osobe-ostecenog-vida","tag-predsjednica","tag-rijec-vise","ratio-2-1","entry"],"_links":{"self":[{"href":"https:\/\/ss-cg.org\/index.php?rest_route=\/wp\/v2\/posts\/4924","targetHints":{"allow":["GET"]}}],"collection":[{"href":"https:\/\/ss-cg.org\/index.php?rest_route=\/wp\/v2\/posts"}],"about":[{"href":"https:\/\/ss-cg.org\/index.php?rest_route=\/wp\/v2\/types\/post"}],"author":[{"embeddable":true,"href":"https:\/\/ss-cg.org\/index.php?rest_route=\/wp\/v2\/users\/3"}],"replies":[{"embeddable":true,"href":"https:\/\/ss-cg.org\/index.php?rest_route=%2Fwp%2Fv2%2Fcomments&post=4924"}],"version-history":[{"count":1,"href":"https:\/\/ss-cg.org\/index.php?rest_route=\/wp\/v2\/posts\/4924\/revisions"}],"predecessor-version":[{"id":4925,"href":"https:\/\/ss-cg.org\/index.php?rest_route=\/wp\/v2\/posts\/4924\/revisions\/4925"}],"wp:featuredmedia":[{"embeddable":true,"href":"https:\/\/ss-cg.org\/index.php?rest_route=\/wp\/v2\/media\/4926"}],"wp:attachment":[{"href":"https:\/\/ss-cg.org\/index.php?rest_route=%2Fwp%2Fv2%2Fmedia&parent=4924"}],"wp:term":[{"taxonomy":"category","embeddable":true,"href":"https:\/\/ss-cg.org\/index.php?rest_route=%2Fwp%2Fv2%2Fcategories&post=4924"},{"taxonomy":"post_tag","embeddable":true,"href":"https:\/\/ss-cg.org\/index.php?rest_route=%2Fwp%2Fv2%2Ftags&post=4924"}],"curies":[{"name":"wp","href":"https:\/\/api.w.org\/{rel}","templated":true}]}}