{"id":4915,"date":"2024-04-23T18:23:03","date_gmt":"2024-04-23T18:23:03","guid":{"rendered":"https:\/\/ss-cg.org\/?p=4915"},"modified":"2024-04-23T18:25:08","modified_gmt":"2024-04-23T18:25:08","slug":"cetiri-godine-preko-1500-pristupacnih-audio-fajlova","status":"publish","type":"post","link":"https:\/\/ss-cg.org\/?p=4915","title":{"rendered":"\u010cetiri godine, preko 1500 pristupa\u010dnih audio fajlova"},"content":{"rendered":"<div dir=\"auto\" data-removefontsize=\"true\" data-originalcomputedfontsize=\"16\">Po\u0161tovani i po\u0161tovane,<\/div>\n<div dir=\"auto\"><\/div>\n<div dir=\"auto\" data-removefontsize=\"true\" data-originalcomputedfontsize=\"16\">Kao \u0161to vam, je poznato, Savez slijepih Crne Gore je u aprilu 2020, na dan knjige, pokrenuo aktivnost pod nazivom: Audio poezija. Rije\u010d je o prilago\u0111avanju poezije u audio formatu, koja je prvenstveno namijenjena osobama o\u0161te\u0107enog vida, osobama koje ne mogu \u010ditati standardnu \u0161tampu, ali i ukupnoj javnosti, koja preferira konzumiranje poezije posredstvom audio-vizuelnih objava.<\/div>\n<div dir=\"auto\" data-removefontsize=\"true\" data-originalcomputedfontsize=\"16\">Jo\u0161 jedan razlog za pokretanje ove zna\u010dajne aktivnosti, bila je \u017eelja da u\u010dinimo dostupnim vi\u0161e poezije i poetskih djela, koja se ina\u010de u manjem obimu prilago\u0111avaju potrebama osoba o\u0161te\u0107enog vida. Biblioteke u zemlji i regionu, veoma malo poezije objavljuju u pristupa\u010dnim formatima i uglavnom su fokusirane na prozne sadr\u017eaje, romane i druge oblike izra\u017eavanja putem pisane rije\u010di.<\/div>\n<div dir=\"auto\" data-removefontsize=\"true\" data-originalcomputedfontsize=\"16\">Dalje, namjera nam je tako\u0111e da animiramo mlade, manje afirmisane pjesnike i pjesnikinje, da u modernom i dobro opremljenom studiju Saveza slijepih, snime svoje pjesme u audio formatu.<\/div>\n<div dir=\"auto\" data-removefontsize=\"true\" data-originalcomputedfontsize=\"16\">S ponosom mo\u017eemo ista\u0107i da smo do danas kreirali i objavili preko 1250 audio fajlova sa poetskim sadr\u017eajima, na \u010demu posebno zahvaljujemo volonterima i partnerima:<\/div>\n<div dir=\"auto\" data-removefontsize=\"true\" data-originalcomputedfontsize=\"16\">Ratkovi\u0107evim ve\u010derima poezije iz Bijelog Polja, Forumu mladih pisaca KIC-a iz Podgorice i Knji\u017eevnom klubu JU Zahumlja \u201cPoenta poetika\u201d iz Nik\u0161i\u0107a.<\/div>\n<div dir=\"auto\" data-removefontsize=\"true\" data-originalcomputedfontsize=\"16\">Podsje\u0107amo da je od novembra 2020, svakog petka, sadr\u017eaj upotpunjen i sa audio bajkama za na\u0161e najmla\u0111e, kojih ima 165, a od februara 2021, svake srijede sa audio basnama, kojih mo\u017eete na\u0107i 150, a od aprila 2021, svakog ponedeljka sa audio aforizmima, njih 120.<\/div>\n<div dir=\"auto\" data-removefontsize=\"true\" data-originalcomputedfontsize=\"16\">\u00a0U ovom segmentu isti\u010demo saradnju sa EU Info centrom, kao i sa \u010darobnim svijetom \u201c\u010cigrali\u0161ta\u201d, te aforisti\u010darkom Radojkom Dragani\u0107.<\/div>\n<div dir=\"auto\" data-removefontsize=\"true\" data-originalcomputedfontsize=\"16\">Na\u0161oj \u017eelji da u\u010dinimo pristupa\u010dnim vi\u0161e poezije i poetskih djela, bajki, basni, aforizama, koje se ina\u010de u manjem obimu prilago\u0111avaju zahtjevima osoba o\u0161te\u0107enog vida pridru\u017eili su se mnogi, na \u010demu im ovim putem posebno zahvaljujemo.<\/div>\n<div dir=\"auto\" data-removefontsize=\"true\" data-originalcomputedfontsize=\"16\">Nakon uspje\u0161ne \u010detiri godine, nastavljamo posve\u0107eno i predano da radimo na dijeljenju audio rije\u010di pristupa\u010dnih naj\u0161irem auditorijumu.<\/div>\n<div dir=\"auto\"><\/div>\n<div dir=\"auto\" data-removefontsize=\"true\" data-originalcomputedfontsize=\"16\">Posjetite:<\/div>\n<div dir=\"auto\" data-removefontsize=\"true\" data-originalcomputedfontsize=\"16\">Youtube kanal: <a href=\"https:\/\/www.youtube.com\/channel\/UCdvyiF17qzsPiDqC315IcXA\" target=\"_blank\" rel=\"noopener\" data-saferedirecturl=\"https:\/\/www.google.com\/url?q=https:\/\/www.youtube.com\/channel\/UCdvyiF17qzsPiDqC315IcXA&amp;source=gmail&amp;ust=1713447052521000&amp;usg=AOvVaw1wR0mPSowyran7qMZ9CQfW\" data-removefontsize=\"true\" data-originalcomputedfontsize=\"16\">https:\/\/www.youtube.com\/<wbr \/>channel\/<wbr \/>UCdvyiF17qzsPiDqC315IcXA<\/a>,<\/div>\n<div dir=\"auto\" data-removefontsize=\"true\" data-originalcomputedfontsize=\"16\">Facebook stranicu: <a href=\"https:\/\/www.facebook.com\/pg\/Audio-poezija-\" target=\"_blank\" rel=\"noopener\" data-saferedirecturl=\"https:\/\/www.google.com\/url?q=https:\/\/www.facebook.com\/pg\/Audio-poezija-&amp;source=gmail&amp;ust=1713447052521000&amp;usg=AOvVaw3l1-BgYrxkYds8xo5wEPh_\" data-removefontsize=\"true\" data-originalcomputedfontsize=\"16\">https:\/\/www.facebook.com\/pg\/<wbr \/>Audio-poezija-<\/a><\/div>\n<div dir=\"auto\" data-removefontsize=\"true\" data-originalcomputedfontsize=\"16\">103936691300761\/posts\/,<\/div>\n<div dir=\"auto\" data-removefontsize=\"true\" data-originalcomputedfontsize=\"16\">Instagram stranicu: <a href=\"https:\/\/instagram.com\/audiopoezija?igshid=160a7uuc0uo4q\" target=\"_blank\" rel=\"noopener\" data-saferedirecturl=\"https:\/\/www.google.com\/url?q=https:\/\/instagram.com\/audiopoezija?igshid%3D160a7uuc0uo4q&amp;source=gmail&amp;ust=1713447052522000&amp;usg=AOvVaw1U8YXd-uNsl0WL_yRbGzRc\" data-removefontsize=\"true\" data-originalcomputedfontsize=\"16\">https:\/\/instagram.com\/<wbr \/>audiopoezija?igshid=<wbr \/>160a7uuc0uo4q<\/a> .<\/div>\n<div dir=\"auto\"><\/div>\n<div dir=\"auto\" data-removefontsize=\"true\" data-originalcomputedfontsize=\"16\">S po\u0161tovanjem,<\/div>\n","protected":false},"excerpt":{"rendered":"<p>Po\u0161tovani i po\u0161tovane, Kao \u0161to vam, je poznato, Savez slijepih Crne Gore je u aprilu 2020, na dan knjige, pokrenuo aktivnost pod nazivom: Audio poezija.&#8230;<\/p>\n<div class=\"more-link-wrapper\"><a class=\"more-link\" href=\"https:\/\/ss-cg.org\/?p=4915\">Op\u0161irnije<span class=\"screen-reader-text\">\u010cetiri godine, preko 1500 pristupa\u010dnih audio fajlova<\/span><\/a><\/div>\n","protected":false},"author":3,"featured_media":4917,"comment_status":"open","ping_status":"open","sticky":false,"template":"","format":"standard","meta":{"footnotes":""},"categories":[1],"tags":[1531,1334,1530,28,124,94,32],"class_list":["post-4915","post","type-post","status-publish","format-standard","has-post-thumbnail","hentry","category-uncategorized","tag-23-april","tag-audio-format","tag-dan-knjige","tag-osi","tag-osobe-ostecenog-vida","tag-pristupacnost","tag-sscg","ratio-2-1","entry"],"_links":{"self":[{"href":"https:\/\/ss-cg.org\/index.php?rest_route=\/wp\/v2\/posts\/4915","targetHints":{"allow":["GET"]}}],"collection":[{"href":"https:\/\/ss-cg.org\/index.php?rest_route=\/wp\/v2\/posts"}],"about":[{"href":"https:\/\/ss-cg.org\/index.php?rest_route=\/wp\/v2\/types\/post"}],"author":[{"embeddable":true,"href":"https:\/\/ss-cg.org\/index.php?rest_route=\/wp\/v2\/users\/3"}],"replies":[{"embeddable":true,"href":"https:\/\/ss-cg.org\/index.php?rest_route=%2Fwp%2Fv2%2Fcomments&post=4915"}],"version-history":[{"count":1,"href":"https:\/\/ss-cg.org\/index.php?rest_route=\/wp\/v2\/posts\/4915\/revisions"}],"predecessor-version":[{"id":4916,"href":"https:\/\/ss-cg.org\/index.php?rest_route=\/wp\/v2\/posts\/4915\/revisions\/4916"}],"wp:featuredmedia":[{"embeddable":true,"href":"https:\/\/ss-cg.org\/index.php?rest_route=\/wp\/v2\/media\/4917"}],"wp:attachment":[{"href":"https:\/\/ss-cg.org\/index.php?rest_route=%2Fwp%2Fv2%2Fmedia&parent=4915"}],"wp:term":[{"taxonomy":"category","embeddable":true,"href":"https:\/\/ss-cg.org\/index.php?rest_route=%2Fwp%2Fv2%2Fcategories&post=4915"},{"taxonomy":"post_tag","embeddable":true,"href":"https:\/\/ss-cg.org\/index.php?rest_route=%2Fwp%2Fv2%2Ftags&post=4915"}],"curies":[{"name":"wp","href":"https:\/\/api.w.org\/{rel}","templated":true}]}}