{"id":4907,"date":"2024-04-06T09:45:34","date_gmt":"2024-04-06T09:45:34","guid":{"rendered":"https:\/\/ss-cg.org\/?p=4907"},"modified":"2024-04-18T09:56:25","modified_gmt":"2024-04-18T09:56:25","slug":"vlada-crne-gore-da-izmijeni-i-dopuni-odluku-o-obrazovanju-savjeta-za-prava-lica-sa-invaliditetom","status":"publish","type":"post","link":"https:\/\/ss-cg.org\/?p=4907","title":{"rendered":"Vlada Crne Gore da izmijeni i dopuni Odluku o obrazovanju Savjeta za prava lica sa invaliditetom"},"content":{"rendered":"<p><b style=\"color: #666666; background-color: #ffffff;\">O\u010dekujemo i tra\u017eimo od Vlade Crne Gore da izmijeni i dopuni <\/b><b style=\"color: #666666; background-color: #ffffff;\"><i>Odluku o obrazovanju Savjeta za prava lica sa invaliditetom<\/i><\/b><b style=\"color: #666666; background-color: #ffffff;\">, na na\u010din \u0161to \u0107e uklju\u010diti nedostaju\u0107e resore i izmijeniti predsjedavaju\u0107u poziciju.\u00a0<\/b><\/p>\n<div class=\"itemFullText\">\n<p>Naime, kao \u0161to je javnosti ve\u0107 poznato,<b>\u00a0Vlada Crne Gore<\/b>\u00a0je na ju\u010dera\u0161njoj sjednici donijela\u00a0<b><i>Odluku o obrazovanju Savjeta za prava lica sa invaliditetom<\/i><\/b>. Iako\u00a0<b>nas raduje formiranje<\/b>\u00a0<b>Savjeta<\/b>, koje smo \u010dekali vi\u0161e od pet godina, istovremeno nas zabrinjava \u010dinjenica da nijesmo bili uklju\u010deni u procesu kreiranja i dono\u0161enja navedene <b>Odluke<\/b>, kroz konsultacije koje je\u00a0<b>Ministarstvo ljudskih i manjinskih prava<\/b>\u00a0trebalo prethodno sprovesti. Na taj na\u010din nas je i ova\u00a0<b>Vlada<\/b>\u00a0ignorisala, kao i\u00a0<b>Vlada\u00a0<\/b>u junu 2020. koja je u sastav ovog tijela bila imenovala predstavnika NVO (Mitra Radonji\u0107a) koji nije reprezentativni predstavnik osoba s invaliditetom.<\/p>\n<p>Navedeni izostanak u\u010de\u0161\u0107a nas, osoba s invaliditetom i reprezentativnih predstavnika\/ca organizacija osoba s invaliditetom, za \u010dinjenicu je imao da su iz\u00a0<b><i>Odluke<\/i><\/b>\u00a0isklju\u010deni va\u017eni resori, poput\u00a0<b>Ministarstva saobra\u010daja i pomorstva, Ministarstva sporta i mladih i Ministarstva finansija<\/b>, ali i to da\u00a0<b>Savjetom<\/b>\u00a0predsjedava potpredsjednik\u00a0<b>Vlade za rad, obrazovanje, zdravstvo i socijalnu politiku<\/b>, a ne potpredsjednik\u00a0<b>Vlade za politi\u010dki sistem, pravosu\u0111e i antikorupciju<\/b>.<\/p>\n<p><b>Da budemo jasni, ne problematizujemo konkretna imena, odnosno potpredsjednike koji pokrivaju jednu i drugu poziciju, ve\u0107 problematizujemo pristup prema osobama s invaliditetom, koji proizilazi iz navedenog. Naime, ovo pokazuje da se osobe s invaliditetom posmatraju s aspekta pitanja rada, obrazovanja, zdravstva i socijalnog staranja, a ne, kako bi to moralo biti, s aspekta ljudskih prava i pravosu\u0111a, odnosno pristupa pravdi.<\/b><\/p>\n<p>Na takav pristup\u00a0<b>dr\u017eavu Crnu Goru<\/b>\u00a0obavezuje ratifikovana\u00a0<b><i>Konvencija UN o pravima osoba s invaliditetom<\/i><\/b>, koja je jo\u0161 od 2009, sastavni dio doma\u0107eg zakonodavstva.<\/p>\n<p>I prethodno smo, svih mjeseci unazad,\u00a0<b>pozivali ovu Vladu da nas uklju\u010duje u ranoj fazi dono\u0161enja odluka<\/b>, dakle prilikom njihovog planiranja, jer osim \u0161to je to obaveza, to je i mehanizam koji bi osigurao dr\u017eavnoj administraciji da ne pravi ovakve vrste propusta i gre\u0161aka. Zbog toga,\u00a0<b>o\u010dekujemo da Vlada izmijeni i dopunu navedenu\u00a0<\/b><b><i>Odluku<\/i><\/b><b>\u00a0i prije izbora predstavnika\/ca organizacija osoba s invaliditetom, a da proces izbora na\u0161ih predstavnika\/ca sprovede u skladu s\u00a0<\/b><b><i>Konvencijom<\/i><\/b><b>, odnosno\u00a0<\/b><b><i>Op\u0161tim komentarom broj 7<\/i><\/b><b>\u00a0Komiteta o pravima osoba s invaliditetom<\/b>.<\/p>\n<p>Jedino na takav na\u010din \u0107e ova\u00a0<b>Vlada<\/b>\u00a0pokazati svoju istinsku posve\u0107enost i namjeru koja je navedena u saop\u0161tenju\u00a0<b>Ministarstva ljudskih i manjinskih prava<\/b>\u00a0da \u0107e se voditi \u201era\u010duna sa posebnom pa\u017enjom o budu\u0107oj saradnji sa nevladinim organizacijama, organima dr\u017eavne uprave, lokalne uprave u procesu za\u0161tite lica sa invaliditetom\u201d.<\/p>\n<p>Logi\u010dna je na\u0161a bojazan o efektima i svrsi ovog tijela ako su iz njega isklju\u010deni navedeni resori, vrlo va\u017eni s aspekta prava osoba s invaliditetom, uklju\u010duju\u0107i i mlade s invaliditetom. Da li je uop\u0161te smisleno formirati ovakvo tijelo ako je isklju\u010den resor finansija i kakva se poruka ovim \u0161alje? Da \u0107emo se sastajati kako bismo jedni druge vi\u0111ali, a ne donosili zaklju\u010dke, davali prijedloge i mi\u0161ljenja koje kasnije treba organi i institucije da sprovedu? I za\u0161to nam svaka vlast uporno \u0161alje poruku da smo socijalno pitanje ili \u017eeli da nam poru\u010di da treba da se zadovoljimo sa par prava i oblasti?<\/p>\n<p>Ne pristajemo da budemo \u0161trik na ne\u010dijoj agendi! Zahtijevamo punu uklju\u010denost i adekvatan pristup osobama s invaliditetom i pravima osoba s invaliditetom.<\/p>\n<p><b>Marina Vuja\u010di\u0107<\/b>, izvr\u0161na direktorica\u00a0<b>UMHCG<\/b><\/p>\n<p><b>Goran Macanovi\u0107<\/b>, izvr\u0161ni direktor\u00a0<b>Saveza slijepih Crne Gore<\/b><\/p>\n<\/div>\n","protected":false},"excerpt":{"rendered":"<p>O\u010dekujemo i tra\u017eimo od Vlade Crne Gore da izmijeni i dopuni Odluku o obrazovanju Savjeta za prava lica sa invaliditetom, na na\u010din \u0161to \u0107e uklju\u010diti&#8230;<\/p>\n<div class=\"more-link-wrapper\"><a class=\"more-link\" href=\"https:\/\/ss-cg.org\/?p=4907\">Op\u0161irnije<span class=\"screen-reader-text\">Vlada Crne Gore da izmijeni i dopuni Odluku o obrazovanju Savjeta za prava lica sa invaliditetom<\/span><\/a><\/div>\n","protected":false},"author":3,"featured_media":4909,"comment_status":"open","ping_status":"open","sticky":false,"template":"","format":"standard","meta":{"footnotes":""},"categories":[23],"tags":[1527,28,1528,32,125,1358],"class_list":["post-4907","post","type-post","status-publish","format-standard","has-post-thumbnail","hentry","category-aktuelnosti","tag-odluka-o-obrazovanju","tag-osi","tag-savjett-prava-lica-s-invaliditetom","tag-sscg","tag-umhcg","tag-vlada-cg","ratio-2-1","entry"],"_links":{"self":[{"href":"https:\/\/ss-cg.org\/index.php?rest_route=\/wp\/v2\/posts\/4907","targetHints":{"allow":["GET"]}}],"collection":[{"href":"https:\/\/ss-cg.org\/index.php?rest_route=\/wp\/v2\/posts"}],"about":[{"href":"https:\/\/ss-cg.org\/index.php?rest_route=\/wp\/v2\/types\/post"}],"author":[{"embeddable":true,"href":"https:\/\/ss-cg.org\/index.php?rest_route=\/wp\/v2\/users\/3"}],"replies":[{"embeddable":true,"href":"https:\/\/ss-cg.org\/index.php?rest_route=%2Fwp%2Fv2%2Fcomments&post=4907"}],"version-history":[{"count":2,"href":"https:\/\/ss-cg.org\/index.php?rest_route=\/wp\/v2\/posts\/4907\/revisions"}],"predecessor-version":[{"id":4910,"href":"https:\/\/ss-cg.org\/index.php?rest_route=\/wp\/v2\/posts\/4907\/revisions\/4910"}],"wp:featuredmedia":[{"embeddable":true,"href":"https:\/\/ss-cg.org\/index.php?rest_route=\/wp\/v2\/media\/4909"}],"wp:attachment":[{"href":"https:\/\/ss-cg.org\/index.php?rest_route=%2Fwp%2Fv2%2Fmedia&parent=4907"}],"wp:term":[{"taxonomy":"category","embeddable":true,"href":"https:\/\/ss-cg.org\/index.php?rest_route=%2Fwp%2Fv2%2Fcategories&post=4907"},{"taxonomy":"post_tag","embeddable":true,"href":"https:\/\/ss-cg.org\/index.php?rest_route=%2Fwp%2Fv2%2Ftags&post=4907"}],"curies":[{"name":"wp","href":"https:\/\/api.w.org\/{rel}","templated":true}]}}