{"id":4903,"date":"2024-04-08T11:56:36","date_gmt":"2024-04-08T11:56:36","guid":{"rendered":"https:\/\/ss-cg.org\/?p=4903"},"modified":"2024-04-08T12:01:35","modified_gmt":"2024-04-08T12:01:35","slug":"prava-pacijenata-ostecenog-vida-i-dalje-na-margini-2","status":"publish","type":"post","link":"https:\/\/ss-cg.org\/?p=4903","title":{"rendered":"Prava pacijenata o\u0161te\u0107enog vida i dalje na margini"},"content":{"rendered":"<div dir=\"auto\"><span style=\"background-color: #ffffff; color: #666666;\">Pacijenti potpuno i djelimi\u010dno o\u0161te\u0107enog vida i dalje su diskriminisani u oblasti zdravstva. <\/span><span style=\"background-color: #ffffff; color: #666666;\">Iako smo prethodnih godina pozivali i djelovali sa ciljem da se omogu\u0107i adekvatna zdravstvena za\u0161tita i ovogodi\u0161nji Dan zdravlja prolazi sa istim apelom.\u00a0<\/span><\/div>\n<div id=\"m_-4909775492445603408ms-outlook-mobile-signature\" dir=\"auto\">\n<div dir=\"auto\">U odnosu na pristupa\u010dnost, informaciona potpuno izostaje \u0161to umnogome ote\u017eava kako pristup zdravstvu, tako i ostvarenju zdravstvene za\u0161tite.<\/div>\n<div dir=\"auto\">Mnoge ustanove zdravstva, poput Domova zdravlja, Op\u0161tih bolnica i Specijalnih bolnica imaju implementirane elemente pristupa\u010dnosti poput orjentacionih planova, taktilnih staza vodilja.<\/div>\n<div dir=\"auto\">Kada su u pitanju istaknuti natpisi na Brajevom pismu, isti se ne nalaze na svim vratima daju\u0107i adekvatne i neophodne informacije osobama o\u0161te\u0107enog vida, ba\u0161 kao i drugim gra\u0111anima\/kama. Naj\u010de\u0161\u0107e natpisi izostaju kada se radi o: toaletima, salama za sastanke, \u0161to je zabrinjavaju\u0107a \u010dinjenica, koja diskrimini\u0161e osobe o\u0161te\u0107enog vida, ne samo u odnosu na zdravstvenu za\u0161titu, ve\u0107 i u odnosu na neke od fiziolo\u0161kih potreba, kao i u odnosu na mogu\u0107nost rada, odnosno zaposlenja. Jedinice Hitne pomo\u0107i su uglavnom potpuno nepristupa\u010dne za osobe o\u0161te\u0107enog vida.<\/div>\n<div dir=\"auto\">Kada se govori o pristupu medicinskog osoblja, iako se ono od strane istog ocjenjuje dobrim, radi se o posve degradiraju\u0107em odnosu za osobe s invaliditetom. Medicinsko osoblje \u010desto razgovara sa asistentom, pratiocem osobe o\u0161te\u0107enog vida, nerijetko pitaju\u0107i \u201c\u0160ta nju\/njega boli?\u201d ili \u201cKoliku je temperaturu imao\/la?\u201d uru\u0161avaju\u0107i tako uro\u0111eno dostojanstvo osoba s invaliditetom.<\/div>\n<div dir=\"auto\">Dugogodi\u0161nja primjena bio-medicinskog i funkcionalnog pristupa invaliditetu u Crnoj Gori prouzrokovala je\u00a0 neadekvatan pristup zdravstvenog sistema potrebama i pravima OSI. Naime, i dalje je, naro\u010dito kod zdravstvenih radnika\/ca, prisutno mi\u0161ljenje da najva\u017eniji cilj u pogledu na \u017eivot OSI treba da bude potpuno ili makar djelimil\u010dno izlije\u010denje. Kako je ovaj cilj nedosti\u017ean, zdravstveni sistem \u201cdi\u017ee ruke\u201d od OSI, koje smatra \u201cbeznade\u017enim, neizlje\u010divim slu\u010dajevima\u201d. S obzirom na veoma rijetke slu\u010dajeve odstupanja od ovakvih stavova u zdravstvenom sistemu Crne Gore, i same OSI i njihove porodice nerijetko izgrade ovakav stav o zdravstvenom stanju ove populacije Invaliditet po svojoj prirodi nije bolest, ve\u0107 stanje, razvijaju\u0107i dru\u0161tveni fenomen, koji treba prihvatiti i u\u010diniti sve da se u okviru granica mogu\u0107eg, u\u010dini \u0161to vi\u0161e, da \u017eivot bude kvalitetniji, samostalniji, dostojanstveniji. Zato je bitno da se prava osoba o\u0161te\u0107enog vida primjenjuju dosljedno i da tretman i ovih pacijenata bude zasnovan na jednakom ljudskom, humanom, nediskriminatornom i nesa\u017ealjivom pristupu i odnosu. On ili ona je pacijent\/kinja kao i bilo ko drugi, treba ga\/je uva\u017eiti i saslu\u0161ati i svakako treba samo primijeniti i ispo\u0161tovati klju\u010dne norme koje su sadr\u017eane u brojnim propisima i standardima iz ove oblasti.<\/div>\n<div dir=\"auto\"><\/div>\n<div dir=\"auto\">Zbog svega navedenog apelujemo na sve pru\u017eaoce usluga zdravstvene za\u0161tite da po\u0161tuju prava osoba o\u0161te\u0107enog vida i omogu\u0107e ravnopravan i jednak tretman.<\/div>\n<div dir=\"auto\"><\/div>\n<div dir=\"auto\">Savez slijepih sproveo je projekat \u201ePristup primarnoj zdravstvenoj za\u0161titi bez diskriminacije\u201c u partnerstvu sa Organizacijom slijepih za Bijelo Polje i Mojkovac, a koji je finansijski podr\u017ean od strane Ministarstva pravde, ljudskih i manjinskih prava, te se vi\u0161e detalja mo\u017ee na\u0107i na web sajtu I YT kanalu.<\/div>\n<div dir=\"auto\">Detalji i rezultati Monitoringa pristupa\u010dnosti institucija zdravstvene za\u0161tite dostupni su na\u00a0<a href=\"https:\/\/ss-cg.org\/?p=3425\" target=\"_blank\" rel=\"noopener\" data-saferedirecturl=\"https:\/\/www.google.com\/url?q=https:\/\/ss-cg.org\/?p%3D3425&amp;source=gmail&amp;ust=1712662823855000&amp;usg=AOvVaw3uF3TAQI9WmiIS5OvUOVuc\">https:\/\/ss-cg.org\/?p=3425<\/a>.<\/div>\n<div dir=\"auto\">Savez slijepih se ovim pitanjem bavio i u okviru projekta PARVIS, Evropskog saveza slijepih, a spot o pristupa\u010dnoj zdravstvenoj za\u0161titi mo\u017eete pogledati na linku: <a href=\"https:\/\/www.youtube.com\/watch?v=3tkavl-L8C0&amp;t=9s\" target=\"_blank\" rel=\"noopener\" data-saferedirecturl=\"https:\/\/www.google.com\/url?q=https:\/\/www.youtube.com\/watch?v%3D3tkavl-L8C0%26t%3D9s&amp;source=gmail&amp;ust=1712662823855000&amp;usg=AOvVaw2Ud6H2NGKWyWqeuBtHOE3z\">https:\/\/www.youtube.com\/watch?<wbr \/>v=3tkavl-L8C0&amp;t=9s<\/a>\u00a0.<\/div>\n<\/div>\n","protected":false},"excerpt":{"rendered":"<p>Pacijenti potpuno i djelimi\u010dno o\u0161te\u0107enog vida i dalje su diskriminisani u oblasti zdravstva. Iako smo prethodnih godina pozivali i djelovali sa ciljem da se omogu\u0107i&#8230;<\/p>\n<div class=\"more-link-wrapper\"><a class=\"more-link\" href=\"https:\/\/ss-cg.org\/?p=4903\">Op\u0161irnije<span class=\"screen-reader-text\">Prava pacijenata o\u0161te\u0107enog vida i dalje na margini<\/span><\/a><\/div>\n","protected":false},"author":3,"featured_media":4905,"comment_status":"open","ping_status":"open","sticky":false,"template":"","format":"standard","meta":{"footnotes":""},"categories":[23],"tags":[1525,28,124,1526,853],"class_list":["post-4903","post","type-post","status-publish","format-standard","has-post-thumbnail","hentry","category-aktuelnosti","tag-dan-zdravlja","tag-osi","tag-osobe-ostecenog-vida","tag-prava-pacijenata","tag-zdravstvena-zastita","ratio-2-1","entry"],"_links":{"self":[{"href":"https:\/\/ss-cg.org\/index.php?rest_route=\/wp\/v2\/posts\/4903","targetHints":{"allow":["GET"]}}],"collection":[{"href":"https:\/\/ss-cg.org\/index.php?rest_route=\/wp\/v2\/posts"}],"about":[{"href":"https:\/\/ss-cg.org\/index.php?rest_route=\/wp\/v2\/types\/post"}],"author":[{"embeddable":true,"href":"https:\/\/ss-cg.org\/index.php?rest_route=\/wp\/v2\/users\/3"}],"replies":[{"embeddable":true,"href":"https:\/\/ss-cg.org\/index.php?rest_route=%2Fwp%2Fv2%2Fcomments&post=4903"}],"version-history":[{"count":1,"href":"https:\/\/ss-cg.org\/index.php?rest_route=\/wp\/v2\/posts\/4903\/revisions"}],"predecessor-version":[{"id":4904,"href":"https:\/\/ss-cg.org\/index.php?rest_route=\/wp\/v2\/posts\/4903\/revisions\/4904"}],"wp:featuredmedia":[{"embeddable":true,"href":"https:\/\/ss-cg.org\/index.php?rest_route=\/wp\/v2\/media\/4905"}],"wp:attachment":[{"href":"https:\/\/ss-cg.org\/index.php?rest_route=%2Fwp%2Fv2%2Fmedia&parent=4903"}],"wp:term":[{"taxonomy":"category","embeddable":true,"href":"https:\/\/ss-cg.org\/index.php?rest_route=%2Fwp%2Fv2%2Fcategories&post=4903"},{"taxonomy":"post_tag","embeddable":true,"href":"https:\/\/ss-cg.org\/index.php?rest_route=%2Fwp%2Fv2%2Ftags&post=4903"}],"curies":[{"name":"wp","href":"https:\/\/api.w.org\/{rel}","templated":true}]}}