{"id":4899,"date":"2024-04-05T10:14:36","date_gmt":"2024-04-05T10:14:36","guid":{"rendered":"https:\/\/ss-cg.org\/?p=4899"},"modified":"2024-04-05T10:19:44","modified_gmt":"2024-04-05T10:19:44","slug":"spanija-once-drustvena-grupa-pravo-na-pristupacni-glas","status":"publish","type":"post","link":"https:\/\/ss-cg.org\/?p=4899","title":{"rendered":"\u0160PANIJA &#8211; ONCE DRU\u0160TVENA GRUPA: &#8216;PRAVO NA PRISTUPA\u010cNI GLAS&#8217;"},"content":{"rendered":"<div>Nedostatak pristupa\u010dnosti je jedna od glavnih prepreka za ostvarivanje prava glasa osoba s invaliditetom. Da bi to sprije\u010dila, Dru\u0161tvena grupa ONCE radila je na intenzivnom zagovaranju i politi\u010dkom djelovanju kako bi osigurala za\u0161titu prava glasa osoba s invaliditetom, u sklopu svoje kampanje \u201ePravo na pristupa\u010dan glas: jednako pravo glasa\u201c.<\/div>\n<div><\/div>\n<div dir=\"auto\">S obzirom na \u010dinjenicu da pristupa\u010dna tehnologija mo\u017ee stati na kraj ovoj situaciji, ONCE Social Group je identifikovala QR kod sistem na glasa\u010dkim listi\u0107ima kao glavni prijedlog za za\u0161titu prava glasa, zbog njegove svestranosti, jednostavnosti kori\u0161\u0107enja i niske cijene. Ovaj kod omogu\u0107ava ugradnju dodatnog nivoa pristupa\u010dnosti u na\u010din ostvarivanja prava glasa, dopunjuju\u0107i ve\u0107 uspostavljene mjere pristupa\u010dnosti, kao \u0161to je sistem glasanja na Brajevom, \u010dime se omogu\u0107ava pristup osobama koje nisu upoznate sa ovim sistemom.<\/div>\n<div><\/div>\n<div>Predstoje\u0107i parlamentarni izbori Evropske unije, koji \u0107e se odr\u017eati od 6. do 9. juna 2024. godine, postavili su okvir i kontekst koji poziva na potrebu implementacije mjera pristupa\u010dnosti u izbornom procesu i za\u0161tite osnovnog prava glasa.<\/div>\n<div><\/div>\n<div dir=\"auto\">Imaju\u0107i to na umu, ONCE Social Group je odr\u017eala direktan kontakt sa Stalnim predstavni\u0161tvom \u0160panije pri EU (REPER), predstavljaju\u0107i upotrebu QR koda na glasa\u010dkim listi\u0107ima kao mehanizam za pobolj\u0161anje pristupa\u010dnosti. Osim toga, Socijalna grupa ONCE u\u010destvovala je u izradi Vodi\u010da Evropske komisije o dobrim izbornim praksama za gra\u0111ane s invaliditetom, te je uticala na izradu Izvje\u0161taja Evropskog parlamenta o Evropskim izborima 2024., kao i Deklaracije \u0160panskog predsjedni\u0161tva Savjetom EU o pravu glasa za osobe s invaliditetom, predla\u017eu\u0107i uvo\u0111enje QR koda za pobolj\u0161anje izborne pristupa\u010dnosti.<\/div>\n<div><\/div>\n<div dir=\"auto\">Osim toga, po\u010detkom marta, ONCE Social Group organizirovala je simulaciju u Evropskom parlamentu u kojoj je grupa \u0161panskih europarlamentaraca mogla iskusiti barijere s kojima se suo\u010davaju osobe oste\u0107enog vida prilikom glasanja, zbog nepristupa\u010dnosti glasa\u010dkih listi\u0107a.<\/div>\n<div><\/div>\n<div dir=\"auto\">U simulaciji, od poslanika je zatra\u017eeno da pokriju o\u010di povezom za o\u010di i poku\u0161aju da izaberu glasa\u010dke listi\u0107e razli\u010ditih boja iz izborne koverte. Ova vje\u017eba imala je za cilj da poka\u017ee pote\u0161ko\u0107e s kojima se susre\u0107u osobe o\u0161te\u0107enog vida kada bez pomo\u0107i glasaju za svoju preferiranu politi\u010dku opciju. To je ilustrovalo kako postavljanje QR koda na glasa\u010dke listi\u0107e mo\u017ee rije\u0161iti probleme pristupa\u010dnosti procesa glasanja. Ovaj QR kod bi usmjeravao korisnike na web stranicu koja verbalizira odabranu opciju, omogu\u0107avaju\u0107i bira\u010dima da ostvare svoje pravo glasa samostalno i pod jednakim uslovima.<\/div>\n<div><\/div>\n<div dir=\"auto\">Nakon ovog iskustva, Dru\u0161tvena grupa ONCE predstavila je video &#8220;QR je neophodan&#8221;, koji prikazuje osobe s o\u0161te\u0107enjem vida razli\u010ditih godina kako na QR kodu glasaju pod jednakim uslovima.<\/div>\n<div><\/div>\n<div dir=\"auto\">Kona\u010dno, prije simulacije, odr\u017ean je okrugli sto na kojem su u\u010destvovali europarlamentarci Jordi Ca\u00f1as, M\u00f3nica Silvana i Rosa Estar\u00e1s, potpredsjednik dru\u0161tvene grupe ONCE, Alberto Dur\u00e1n i generalni direktor za komunikacije Evropskog parlamenta, Jaume Duch, da razgovaramo o mjerama koje je potrebno sprovesti kako bi se pobolj\u0161ala pristupa\u010dnost izbornog procesa u Evropskoj uniji.<\/div>\n<div><\/div>\n<div><\/div>\n<div>Izvor:\u00a0<a id=\"m_-110450480629259662LPlnk\" href=\"https:\/\/www.euroblind.org\/newsletter\/2024\/march\/en\/spain-once-social-group-right-accessible-vote\" target=\"_blank\" rel=\"noopener\" data-saferedirecturl=\"https:\/\/www.google.com\/url?q=https:\/\/www.euroblind.org\/newsletter\/2024\/march\/en\/spain-once-social-group-right-accessible-vote&amp;source=gmail&amp;ust=1712397847316000&amp;usg=AOvVaw0W-pgtZi4VGdUuxSQfX8ae\">https:\/\/www.euroblind.org\/<wbr \/>newsletter\/2024\/march\/en\/<wbr \/>spain-once-social-group-right-<wbr \/>accessible-vote<\/a><\/div>\n","protected":false},"excerpt":{"rendered":"<p>Nedostatak pristupa\u010dnosti je jedna od glavnih prepreka za ostvarivanje prava glasa osoba s invaliditetom. Da bi to sprije\u010dila, Dru\u0161tvena grupa ONCE radila je na intenzivnom&#8230;<\/p>\n<div class=\"more-link-wrapper\"><a class=\"more-link\" href=\"https:\/\/ss-cg.org\/?p=4899\">Op\u0161irnije<span class=\"screen-reader-text\">\u0160PANIJA &#8211; ONCE DRU\u0160TVENA GRUPA: &#8216;PRAVO NA PRISTUPA\u010cNI GLAS&#8217;<\/span><\/a><\/div>\n","protected":false},"author":3,"featured_media":3596,"comment_status":"open","ping_status":"open","sticky":false,"template":"","format":"standard","meta":{"footnotes":""},"categories":[23],"tags":[1523,28,1524,94,981],"class_list":["post-4899","post","type-post","status-publish","format-standard","has-post-thumbnail","hentry","category-aktuelnosti","tag-once","tag-osi","tag-pravo-glasa","tag-pristupacnost","tag-spanija","ratio-2-1","entry"],"_links":{"self":[{"href":"https:\/\/ss-cg.org\/index.php?rest_route=\/wp\/v2\/posts\/4899","targetHints":{"allow":["GET"]}}],"collection":[{"href":"https:\/\/ss-cg.org\/index.php?rest_route=\/wp\/v2\/posts"}],"about":[{"href":"https:\/\/ss-cg.org\/index.php?rest_route=\/wp\/v2\/types\/post"}],"author":[{"embeddable":true,"href":"https:\/\/ss-cg.org\/index.php?rest_route=\/wp\/v2\/users\/3"}],"replies":[{"embeddable":true,"href":"https:\/\/ss-cg.org\/index.php?rest_route=%2Fwp%2Fv2%2Fcomments&post=4899"}],"version-history":[{"count":3,"href":"https:\/\/ss-cg.org\/index.php?rest_route=\/wp\/v2\/posts\/4899\/revisions"}],"predecessor-version":[{"id":4902,"href":"https:\/\/ss-cg.org\/index.php?rest_route=\/wp\/v2\/posts\/4899\/revisions\/4902"}],"wp:featuredmedia":[{"embeddable":true,"href":"https:\/\/ss-cg.org\/index.php?rest_route=\/wp\/v2\/media\/3596"}],"wp:attachment":[{"href":"https:\/\/ss-cg.org\/index.php?rest_route=%2Fwp%2Fv2%2Fmedia&parent=4899"}],"wp:term":[{"taxonomy":"category","embeddable":true,"href":"https:\/\/ss-cg.org\/index.php?rest_route=%2Fwp%2Fv2%2Fcategories&post=4899"},{"taxonomy":"post_tag","embeddable":true,"href":"https:\/\/ss-cg.org\/index.php?rest_route=%2Fwp%2Fv2%2Ftags&post=4899"}],"curies":[{"name":"wp","href":"https:\/\/api.w.org\/{rel}","templated":true}]}}