{"id":4893,"date":"2024-03-28T08:53:11","date_gmt":"2024-03-28T08:53:11","guid":{"rendered":"https:\/\/ss-cg.org\/?p=4893"},"modified":"2024-03-28T08:58:21","modified_gmt":"2024-03-28T08:58:21","slug":"savez-slijepih-crne-gore-samostalno-kretanje-preduslov-za-samostalnost-i-integraciju-osoba-sa-ostecenjem-vida-u-drustvo","status":"publish","type":"post","link":"https:\/\/ss-cg.org\/?p=4893","title":{"rendered":"Savez slijepih Crne Gore: Samostalno kretanje preduslov za samostalnost i integraciju osoba sa o\u0161te\u0107enjem vida u dru\u0161tvo"},"content":{"rendered":"<p>Podgorica, (Media Biro) Savez slijepih Crne Gore danas je organizovao konferenciju \u201eRasklopi \u0161tap i pokreni avanturu samostalnog kretanja\u201c u okviru istoimenog projekta koji sprovodi Savez slijepih Crne Gore, u partnerstvu sa Organizacijom slijepih Nik\u0161i\u0107, a finansiran je od strane Ministarstva rada i socijalnog staranja.<br \/>\nPredsjednik Saveza slijepih Crne Gore, gdin Andrija Samard\u017ei\u0107 je u svom uvodnom obra\u0107anju podsjetio da se ovaj projekat realizuje vi\u0161e od godinu dana, te da su prvobitni ciljevi prema\u0161eni.<\/p>\n<p><em>\u201cPostavljen je jedan op\u0161ti cilj, a to je pobolj\u0161anje statusa osoba sa o\u0161te\u0107enjem vida uklju\u010divanjem u sve sfere dru\u0161tvenog \u017eivota i organizovanje obuke za kretanje uz pomo\u0107 bijelog \u0161tapa i taj op\u0161ti cilj se realizovao kroz ostvarivanje dva specifi\u010dna cilja \u2013 inkluziju osoba sa o\u0161te\u0107enjem vida u sve sfere \u017eivota i, ono \u0161to je veoma va\u017eno, podizanje svijesti o zna\u010daju podr\u0161ke za \u017eivot u zajednici. Nije dovoljno samo da okupimo odre\u0111eni broj stru\u010dnih radnika, \u0161to smo uspje\u0161no postigli, i da okupimo odre\u0111eni broj osoba sa o\u0161te\u0107enjem vida koje su spremne da se odlu\u010de na samostalno kretanje uz pomo\u0107 bijelog \u0161tapa, ve\u0107 da i \u0161iroj zajednici stavimo do znanja koliko je zna\u010dajan samostalan \u017eivot i koliko je va\u017eno samostalno kretanje uz pomo\u0107 bijelog \u0161tapa,\u201d<\/em> istakao je Samard\u017ei\u0107.<\/p>\n<p>Obuka za obu\u010davanje stru\u010dnih radnika koji \u0107e raditi obuke za osobe o\u0161te\u0107enog vida se organizovala u dva modula po sedam dana u oktobru i decembru 2023. Obu\u010dena su tri polaznika od \u010dega je trenutno anga\u017eovano dvoje instruktora koji su kroz dvomjese\u010dnu obuku radili sa \u010detiri polaznika &#8211; osobe sa o\u0161te\u0107enim vidom. Obuku je vodila Aksinja Kermauner, peripatolo\u0161kinja iz Slovenije.<\/p>\n<p><em>\u201cOsim usavr\u0161avanja postoje\u0107eg teorijskog znanja koje smo imale dobile smo i jako dobro prakti\u010dno znanja koje nam je na\u0161a mentorka Aksinja kroz dva modula pru\u017eila tako \u0161to nas je stavila u poziciju osoba sa o\u0161te\u0107enjem vida. Sve \u0161to smo u\u010dile, u\u010dile smo iz pozicije osobe sa o\u0161te\u0107enjem vida. Plan i program je bio samo kostur na\u0161eg rada, terenski rad zahtijeva mnogo izmjena i susretanje sa mnogo izazova. Od realnog postavljenog cilja od tri rute uspjele smo i neke dijelove da pro\u0161irimo. Rezultati su postignuti, ali \u0107e na\u0161i korisnici najbolje re\u0107i koliko je obuka bila uspje\u0161na. Uz trud i rad sve mo\u017ee da se postigne, potrebno je da budete uporni. Najve\u0107e prepreke i strahove koje imate mo\u017eete prevazi\u0107i,\u201d<\/em> istakla je instruktorka za samostalno kretanje uz pomo\u0107 bijelog \u0161tapa, Albina Smailovi\u0107.<\/p>\n<p>Svoje pozitivno iskustvo sa ove obuke podijelila je i druga instruktorka za samostalno kretanje uz pomo\u0107 bijelog \u0161tapa, Dragana \u0110uri\u0107.<\/p>\n<p><em>\u201cEvolucijski nas je samostalno kretanje odr\u017ealo kao vrstu, tako da samo to potvr\u0111uje koliko je ova obuka bila zna\u010dajna za na\u0161e korisnike, njihovu samostalnost i integraciju u dru\u0161tvu. Bili su istrajni i disciplinovani, tako da je za mene kao instruktora ovaj rad bio jako koristan, ne samo kao profesionalca, ve\u0107 kao i \u010dovjeka koji je promijenio pogled na svijet. Uvidjela sam koliko je samostalno kretanje va\u017eno za svakog od nas i koliko je posljedica toga jedan integrisan \u017eivot u zajednici. Ciljevi su dostignuti, a neki i pro\u0161ireni,\u201d<\/em> saop\u0161tila je \u0110uri\u0107.<\/p>\n<p>Svoja pozitivna iskustva podijelili su i sami polaznici obuke za samostalno kretanje uz pomo\u0107 bijelog \u0161tapa.<\/p>\n<p><em>\u201cKada sam \u010duo da se ovaj projekat relizuje nisam smio da dozvolim sebi luksuz da u njemu ne u\u010destvujem. Prije projekta sam se djelimi\u010dno sam kretao, ali nije isto kada sami krenete u avanturu i kad je neko stru\u010dan sa vama \u017delim da poru\u010dim budu\u0107im korisnicima da rasklope \u0161tap krenu u avanturu i uspjeh \u0107e biti zagarantovan. Zahvaljuju\u0107i ovom projektu danas sve dnevne aktivnosti mogu da obavljam samostalno,\u201d<\/em> kazao je Adnan Kujovi\u0107.<\/p>\n<p>Druga polaznica, Bojana Ota\u0161evi\u0107 istakla je da ve\u0107 13 godina koristi bijeli \u0161tap, ali da je tek uz ovu zna\u010dajnu obuku nau\u010dila da koristi njegov pun potencijal.<\/p>\n<p><em>\u201cKako je krenula obuka, sve se promijenilo, nau\u010dila sam nove tehnike i kako da ispravno dr\u017eim bijeli \u0161tap. \u010cinjenica je da sam se prije obuke veoma malo kretala i da sam zavisila od volje porodice i prijatelja da mi pomognu. Strahovi su postojali, podcjenjivala sam sebe, smatrala sam da neke rute ne\u0107u savladati.<\/em><br \/>\n<em>Motivacija mi je bila da jednog dana ne\u0107u od nikoga zavisiti i da \u0107u mo\u0107i samostalno po\u0107i do odre\u0111enih mjesta. Nakon obuke sam se susrela sa velikim razumijevanjem sredine i njihov pristup se promijenio, dobila sam osje\u0107aj samostalnosti, slobode i nezavisnosti,\u201d<\/em> saop\u0161tila je Ota\u0161evi\u0107.<\/p>\n<p>Nakon uvodnih obra\u0107anja uslijedila je panel diskusija \u201cUloga i zna\u010daj servisa podr\u0161ke za samostalno kretanje osoba o\u0161te\u0107enog vida\u201d u kojoj su u\u010destvovali predstavnici klju\u010dnih institucija za pitanje socijalne za\u0161tite kako na dr\u017eavnom, tako i lokalnom nivou.<br \/>\nU diskusiji je u\u010destvovala predstavnica Ministarstva rada i socijalnog staranja, Marina Kamberovi\u0107 koja je podsjetila da su \u010clanom 60 Zakona o socijalnoj i dje\u010djoj za\u0161titi propisane usluge socijalne i dje\u010dje za\u0161tite, podr\u0161ke za \u017eivot u zajednici i savjetodavna-terapijska i socijalna-edukativna usluga, kao i usluge smje\u0161taja i neodlo\u017enih intervencija.<\/p>\n<p><em>\u201cSvrha usluge dnevnog boravka se sastoji u unapre\u0111enju kvaliteta \u017eivota korisnika u vlastitoj socijalnoj sredini kroz odr\u017eavanje i razvijanje socijalnih, psiholo\u0161kih i fizi\u010dkih vje\u0161tina kako bi se osposobili za samostalan \u017eivot o kome i danas govorimo. Pomo\u0107 u ku\u0107i je podr\u0161ka korisnicima u zadovoljavanju svakodnevnih potreba kako bi se unaprijedio i odr\u017eao kvalitet \u017eivota. Svrha usluge personalne asistencije i pru\u017eanje individualne prakti\u010dne podr\u0161ke koja je korisniku neophodna za zadovoljavanje li\u010dnih potreba, uklju\u010divanje u obrazovne, radne i dru\u0161tvene aktivnosti u zajednici radi uspostavljanja \u0161to ve\u0107eg nivoa samostalnosti,\u201d<\/em> navela je Kamberovi\u0107.<\/p>\n<p>Predstavnica Sekretarijata za socijalno staranje Glavnog grada, An\u0111ela Radovanovi\u0107 ovom prilikom je ukazala da Glavni grad tako\u0111e nudi servise za osobe sa invaliditetom koji su planirani Lokalnim planom socijalne-inkluzije.<\/p>\n<p><em>\u201cOvo je negdje i poziv ostalim lokalnim samoupravama koje sprovode razli\u010dite usluge za osobe sa invaliditetom da, vode\u0107i se na\u0161im primjerom, ali i primjerima koje sigurno mogu dobiti od organizacija OSI, po\u010dnu u direktnoj saradnji sa njima da provjeravaju ono \u0161to je korisnicima potrebno. Ono \u0161to Podgoricu odvaja od drugih gradova je \u0161to kod nas postoje \u0161irom otvorena vrata za organizacije OSI da saslu\u0161amo svaku njihovu sugestiju i da vode\u0107i se povratnim informacijama korisnika usluga sa terena nastavimo da ih unapre\u0111ujemo jer smo svjesni da ono \u0161to pru\u017eamo jeste dovoljno, ali da nam je do postizanja onoga \u0161to je definisano Konvencijom UN o pravima osoba sa invaliditetom potrebno jo\u0161 puno posla,\u201d<\/em> kazala je Radovanovi\u0107.<\/p>\n<p>Da i dalje postoji prostor za napredak saglasan je predstravnik Zavoda za socijalu i dje\u010dju za\u0161titu, gdin Milo\u0161 Risti\u0107. Posebno se osvrnuo na akreditaciju obuka nalik obuci za samostalno kretanje uz pomo\u0107 bijelog \u0161tapa na kojoj je bio fokus dana\u0161nje konferencije.<\/p>\n<p><em>\u201cUvijek treba akreditovati vi\u0161e programa obuke, ja li\u010dno ne poznajem ni jednu nauku koja je zaokru\u017eila svoje djelovanje, pogotovo jednu oblast kakva je socijalna i dje\u010dja za\u0161tita. Posljednje dvije godine Zavod se trudi da stimuli\u0161e akreditaciju programa obuke na na\u010din \u0161to se upla\u0107uju odre\u0111ena nov\u010dana sredstva autorima obuke da organizuju svoju obuku. Uloga stru\u010dnih radnika u ovom procesu je klju\u010dna jer odgovorno tvrdim da niko sem njih ne mo\u017ee bolje prepoznati koja su znanja i vje\u0161tine potrebne drugim stru\u010dnim radnicima u praksi, tako da ih stimuli\u0161emo i podi\u017eemo svijest o zna\u010daju akreditacije programa,\u201d<\/em> istakao je Risti\u0107.<\/p>\n<p>Izvr\u0161ni direktor Saveza slijepih Crne Gore, gdin Goran Macanovi\u0107 se nadovezao na pri\u010du o uslugama, servisima i njihovoj pravnoj regulaciji, te istakao da se neke zakonske norme ipak u praksi ne primjenjuju.<\/p>\n<p><em>\u201cUslugu vide\u0107eg pratioca koju Savez slijepih ve\u0107 tri godine jako uspje\u0161no realizuje ne mo\u017eemo da licenciramo i uvedemo u sistem jer se u zakonu ne pominje vide\u0107i pratilac kao usluga, a ne mo\u017eemo da ga podvedemo pod Druge usluge za podr\u0161ku \u017eivotu u zajednici, \u0161to zna\u010di da u tom dijelu treba izmijeniti akta da li Zakona o socijalnoj ili dje\u010dijoj za\u0161titi ili neki podzakonski akt. Ono \u0161to je jako bitno je da se u Ministarstvu rada i socijalnog staranja ozbiljno pozabave analizom pravilnika o participaciji pla\u0107anja usluga koje propisane Zakona o socijalnoj ili dje\u010djoj za\u0161titi,\u201d<\/em> naveo je Macanovi\u0107.<\/p>\n<p>Na konferenciji su, osim u\u010desnika iz Crne Gore iskustva u oblasti samostalnog kretanja podijeliti i gosti iz regiona odnosno peripatolozi, predstavnici institucija, polaznici obuke i instruktori. Iskustva iz Republike Srpske prisutnima je pribli\u017eio Branko Suzi\u0107, predstavnik Saveza slijepih Republike Srpske, situaciju u Bosni i Hercegovini je prikazao Fikret Zuko, predstavnik Organizacije slijepih kantona Sarajevo. Goran Pe\u0107anac, predstavnik Saveza slepih Srbije i Nikola \u0110or\u0111evi\u0107, predstavnik Organizacije slepih grada Beograda su predstavili trenutno stanje po pitanju polo\u017eaja osoba sa o\u0161te\u0107enjem vida u Srbiji, dok su na specifi\u010dne okolnosti u Hrvatskoj ukazale Nikolina Ku\u0161terbajn i Antonia Papi\u0107, iz Saveza slijepih Hrvatske.<br \/>\nOvu produktivnu konferenciju koja je otvorila mnoga pitanja i predstavnike dr\u017eavnih i lokalnih vlasti pozvala na akciju, zatvorio je Izvr\u0161ni direktor Saveza slijepih Crne Gore, gdin Goran Macanovi\u0107.<\/p>\n<p><em>\u201cMi ne\u0107emo ovdje stati! O\u010dekujemo podr\u0161ku Evropskog saveza slijepih, sa njima imamo jako dobru razvijenu saradnju dok ne vidimo da li \u0107e Ministarstvo rada i socijalnog staranja shvatiti kavku su gre\u0161ku napravili u odnosu na odbijanje finansiranja vide\u0107eg pratioca, a naravno tu su nam Glavni grad, Op\u0161tina Nik\u0161i\u0107 i Op\u0161tina Pljevlja koje su nam za ovu godinu osigurale sredstva za uslugu vide\u0107eg pratioca, te se nadam da \u0107e se ta podr\u0161ka pro\u0161iriti i na obuku za samostalno kretanje. Ve\u0107a samostalnost u kretanju osoba sa o\u0161te\u0107enjem vida je preduslov za samostalni \u017eivot i samostalno funkcionisanje,\u201d<\/em> podvukao je Macanovi\u0107.<\/p>\n","protected":false},"excerpt":{"rendered":"<p>Podgorica, (Media Biro) Savez slijepih Crne Gore danas je organizovao konferenciju \u201eRasklopi \u0161tap i pokreni avanturu samostalnog kretanja\u201c u okviru istoimenog projekta koji sprovodi Savez&#8230;<\/p>\n<div class=\"more-link-wrapper\"><a class=\"more-link\" href=\"https:\/\/ss-cg.org\/?p=4893\">Op\u0161irnije<span class=\"screen-reader-text\">Savez slijepih Crne Gore: Samostalno kretanje preduslov za samostalnost i integraciju osoba sa o\u0161te\u0107enjem vida u dru\u0161tvo<\/span><\/a><\/div>\n","protected":false},"author":3,"featured_media":4895,"comment_status":"open","ping_status":"open","sticky":false,"template":"","format":"standard","meta":{"footnotes":""},"categories":[23],"tags":[291,53,124,1271,32],"class_list":["post-4893","post","type-post","status-publish","format-standard","has-post-thumbnail","hentry","category-aktuelnosti","tag-konferencija","tag-ministarstvo-rada-i-socijalnog-staranja","tag-osobe-ostecenog-vida","tag-rasklopi-stap-i-pokreni-avanturu-samostalnog-kretanja","tag-sscg","ratio-2-1","entry"],"_links":{"self":[{"href":"https:\/\/ss-cg.org\/index.php?rest_route=\/wp\/v2\/posts\/4893","targetHints":{"allow":["GET"]}}],"collection":[{"href":"https:\/\/ss-cg.org\/index.php?rest_route=\/wp\/v2\/posts"}],"about":[{"href":"https:\/\/ss-cg.org\/index.php?rest_route=\/wp\/v2\/types\/post"}],"author":[{"embeddable":true,"href":"https:\/\/ss-cg.org\/index.php?rest_route=\/wp\/v2\/users\/3"}],"replies":[{"embeddable":true,"href":"https:\/\/ss-cg.org\/index.php?rest_route=%2Fwp%2Fv2%2Fcomments&post=4893"}],"version-history":[{"count":1,"href":"https:\/\/ss-cg.org\/index.php?rest_route=\/wp\/v2\/posts\/4893\/revisions"}],"predecessor-version":[{"id":4894,"href":"https:\/\/ss-cg.org\/index.php?rest_route=\/wp\/v2\/posts\/4893\/revisions\/4894"}],"wp:featuredmedia":[{"embeddable":true,"href":"https:\/\/ss-cg.org\/index.php?rest_route=\/wp\/v2\/media\/4895"}],"wp:attachment":[{"href":"https:\/\/ss-cg.org\/index.php?rest_route=%2Fwp%2Fv2%2Fmedia&parent=4893"}],"wp:term":[{"taxonomy":"category","embeddable":true,"href":"https:\/\/ss-cg.org\/index.php?rest_route=%2Fwp%2Fv2%2Fcategories&post=4893"},{"taxonomy":"post_tag","embeddable":true,"href":"https:\/\/ss-cg.org\/index.php?rest_route=%2Fwp%2Fv2%2Ftags&post=4893"}],"curies":[{"name":"wp","href":"https:\/\/api.w.org\/{rel}","templated":true}]}}