{"id":4682,"date":"2023-10-18T08:49:01","date_gmt":"2023-10-18T08:49:01","guid":{"rendered":"https:\/\/ss-cg.org\/?p=4682"},"modified":"2023-11-02T09:10:01","modified_gmt":"2023-11-02T09:10:01","slug":"korisnici-doma-starih-podgorica-uzivali-u-nastupu-orkestra-saveza-slijepih-crne-gore","status":"publish","type":"post","link":"https:\/\/ss-cg.org\/?p=4682","title":{"rendered":"Korisnici Doma starih Podgorica u\u017eivali u nastupu orkestra Saveza slijepih Crne Gore"},"content":{"rendered":"<p><img loading=\"lazy\" decoding=\"async\" class=\"alignnone size-medium wp-image-4684\" src=\"https:\/\/ss-cg.org\/wp-content\/uploads\/2023\/10\/Koncert-Orkestra-SSCG-u-Domu-starih-Podgorica-300x225.jpg\" alt=\"\" width=\"300\" height=\"225\" srcset=\"https:\/\/ss-cg.org\/wp-content\/uploads\/2023\/10\/Koncert-Orkestra-SSCG-u-Domu-starih-Podgorica-300x225.jpg 300w, https:\/\/ss-cg.org\/wp-content\/uploads\/2023\/10\/Koncert-Orkestra-SSCG-u-Domu-starih-Podgorica-1024x768.jpg 1024w, https:\/\/ss-cg.org\/wp-content\/uploads\/2023\/10\/Koncert-Orkestra-SSCG-u-Domu-starih-Podgorica-768x576.jpg 768w, https:\/\/ss-cg.org\/wp-content\/uploads\/2023\/10\/Koncert-Orkestra-SSCG-u-Domu-starih-Podgorica.jpg 1440w\" sizes=\"auto, (max-width: 300px) 100vw, 300px\" \/>U \u010detvrtak 17.10.2023. godine, orkestar Saveza slijepih Crne Gore je, sa po\u010detkom u 17h odr\u017eao nastup u Domu starih Podgorica pod nazivom \u201eMuzika na dar\u201c. Tom prilikom, ovaj vokalno instrumentalni sastav koji sa\u010dinjavaju \u010dlanovi Saveza slijepih Crne Gore i njihovi prijatelji, prezentovao je svoje umije\u0107e kroz izvo\u0111enje izvornih i pjesama o Podgorici. U ime orkestra, prisutnima se obratila An\u0111ela Dragovi\u0107, te izrazila zahvalnost na ukazanoj prilici da poka\u017eu potencijale i raznovrsni repertoar koji kontinuirano pripremaju. Budu\u0107i da se u mnogim zemljama muzika koristi kao sastavni dio razli\u010ditih procesa lije\u010denja, a da je ona prevashodno izvor lijepih emocija, ovim koncertom, kako je navela \u017eelimo korisnicima da poklonimo ve\u010de ispunjeno pjesmom, plesom i smijehom. Nastup je zapo\u010deo interpretacijom Veselina Vukovi\u0107a, nakon kog su svoje vokalne sposobnosti predstavili Tijana Janjevi\u0107, Bojana Ota\u0161evi\u0107, An\u0111ela Dragovi\u0107, Milo\u0161 Lalovi\u0107, Ranko Magov\u010devi\u0107 i D\u017eano Rastoder. Nakon nastupa, korisnici su izrazili zadovoljstvo zbog odr\u017eanog nastupa, uz \u017eelju za ponovnim susretom.<br \/>\nOvaj nastup dio je festivala mentalnog zdravlja, koji je po prvi put od strane Instituta za javno zdravlje realizovan u Crnoj Gori od 10-20.10.2023. godine, a po uzoru na isti doga\u0111aj koji se godinama odr\u017eava u Vojvodini. Tema ovogodi\u0161njeg festivala bila je empatija, a koncert je prakti\u010dan primjer teme festivala.<br \/>\nKroz sami doga\u0111aj, poslali smo poruku razumijevanja i podr\u0161ke svim \u010dlanovima na\u0161eg dru\u0161tva koji su trenutno korisnici Doma starih. Kao osobe sa invaliditetom, koje u najve\u0107oj mjeri \u010dine Orkestar Saveza slijepih,, a uzimaju\u0107i u obzir \u010dinjenicu da dru\u0161tvo \u010desto ne prepoznaje razlike i ne posve\u0107uje dovoljno pa\u017enje svim pojedincima u dru\u0161tvu podjednako, koncertom se \u017eeljelo ukazati na va\u017enost korisnika doma starih kao \u010dlanova dru\u0161tva, kao i njihov osje\u0107aj va\u017enosti, ispunjenosti i korisnosti.<\/p>\n","protected":false},"excerpt":{"rendered":"<p>U \u010detvrtak 17.10.2023. godine, orkestar Saveza slijepih Crne Gore je, sa po\u010detkom u 17h odr\u017eao nastup u Domu starih Podgorica pod nazivom \u201eMuzika na dar\u201c.&#8230;<\/p>\n<div class=\"more-link-wrapper\"><a class=\"more-link\" href=\"https:\/\/ss-cg.org\/?p=4682\">Op\u0161irnije<span class=\"screen-reader-text\">Korisnici Doma starih Podgorica u\u017eivali u nastupu orkestra Saveza slijepih Crne Gore<\/span><\/a><\/div>\n","protected":false},"author":3,"featured_media":4684,"comment_status":"open","ping_status":"open","sticky":false,"template":"","format":"standard","meta":{"footnotes":""},"categories":[23],"tags":[1083,31,459,28,32],"class_list":["post-4682","post","type-post","status-publish","format-standard","has-post-thumbnail","hentry","category-aktuelnosti","tag-dom-starih-podgorica","tag-koncert","tag-orkestar-sscg","tag-osi","tag-sscg","ratio-2-1","entry"],"_links":{"self":[{"href":"https:\/\/ss-cg.org\/index.php?rest_route=\/wp\/v2\/posts\/4682","targetHints":{"allow":["GET"]}}],"collection":[{"href":"https:\/\/ss-cg.org\/index.php?rest_route=\/wp\/v2\/posts"}],"about":[{"href":"https:\/\/ss-cg.org\/index.php?rest_route=\/wp\/v2\/types\/post"}],"author":[{"embeddable":true,"href":"https:\/\/ss-cg.org\/index.php?rest_route=\/wp\/v2\/users\/3"}],"replies":[{"embeddable":true,"href":"https:\/\/ss-cg.org\/index.php?rest_route=%2Fwp%2Fv2%2Fcomments&post=4682"}],"version-history":[{"count":2,"href":"https:\/\/ss-cg.org\/index.php?rest_route=\/wp\/v2\/posts\/4682\/revisions"}],"predecessor-version":[{"id":4685,"href":"https:\/\/ss-cg.org\/index.php?rest_route=\/wp\/v2\/posts\/4682\/revisions\/4685"}],"wp:featuredmedia":[{"embeddable":true,"href":"https:\/\/ss-cg.org\/index.php?rest_route=\/wp\/v2\/media\/4684"}],"wp:attachment":[{"href":"https:\/\/ss-cg.org\/index.php?rest_route=%2Fwp%2Fv2%2Fmedia&parent=4682"}],"wp:term":[{"taxonomy":"category","embeddable":true,"href":"https:\/\/ss-cg.org\/index.php?rest_route=%2Fwp%2Fv2%2Fcategories&post=4682"},{"taxonomy":"post_tag","embeddable":true,"href":"https:\/\/ss-cg.org\/index.php?rest_route=%2Fwp%2Fv2%2Ftags&post=4682"}],"curies":[{"name":"wp","href":"https:\/\/api.w.org\/{rel}","templated":true}]}}