{"id":4676,"date":"2023-10-30T08:54:46","date_gmt":"2023-10-30T08:54:46","guid":{"rendered":"https:\/\/ss-cg.org\/?p=4676"},"modified":"2023-10-30T08:54:46","modified_gmt":"2023-10-30T08:54:46","slug":"durakovic-oik-mogu-doprinijeti-podizanju-svijesti-i-poboljsanju-uslova-za-ostvarivanje-birackog-prava-osi","status":"publish","type":"post","link":"https:\/\/ss-cg.org\/?p=4676","title":{"rendered":"Durakovi\u0107: OIK mogu doprinijeti podizanju svijesti i pobolj\u0161anju uslova za ostvarivanje bira\u010dkog prava OSI"},"content":{"rendered":"<p><strong>Trenutno stanje po pitanju zastupljenosti osoba s invaliditetom (OSI) u oblasti javnog I politi\u010dkog \u017eivota nije na zavidnom nivou, imaju\u0107i u vidu mali broj OSI koje se u javnom prostoru zala\u017eu za po\u0161tovanje prava na u\u010de\u0161\u0107e u javnom i politi\u010dkom \u017eivotu, ocijenio je u intervjuu za Savez slijepih Crne Gore Adis Durakovi\u0107, predsjednik Op\u0161tinske izborne komisije Petnjica.<\/strong><\/p>\n<p><em>\u201cSmatram da je potrebno pove\u0107ati vidljivost OSI u javnom i politi\u010dkom \u017eivotu Crne Gore. Vjerujem da kroz politi\u010dku participaciju i gra\u0111anski aktivizam OSI, oni mogu na efikasniji na\u010din prezentovati probleme, a samim tim ih i efikasnije rje\u0161avati\u201d<\/em>, istakao je Durakovi\u0107.<\/p>\n<p>Kako je kazao, sti\u010de utisak da odre\u0111eni broj OSI nije upoznat sa nekim od dostupnih mehanizama (tamo gdje ih ima) za prevazila\u017eenje svakodnevnih izazova.<\/p>\n<p><em>\u201cTako\u0111e, kao i u mnogim oblastima, i ovdje vidimo nejednak polo\u017eaj OSI u zavisnosti od regije u kojoj \u017eive. Osobe s invaliditetom na sjeveru imaju mnogo manje mehanizama koji su im na raspolaganju, te samim tim njihova svakodnevnica mnogo vi\u0161e zavisi od drugih \u010dlanova porodice nego \u0161to je to slu\u010daj u drugim regijama\u201d<\/em>, nagla\u0161ava na\u0161 sagovornik.<\/p>\n<p>Jedna od oblasti na kojoj bi trebao biti fokus je, kako dodaje, promovisanje aktivnog i pasivnog bira\u010dkog prava OSI.<\/p>\n<p><em>\u201cTo bi u budu\u0107nosti pomoglo da se njihov glas vi\u0161e \u010duje\u201d<\/em>, podvukao je. Isti\u010de da je OIK Petnjica u skladu sa zakonom i podzakonskim aktima iz oblasti izbornog zakonodavstva dosljedno sprovela preporuke Dr\u017eavne izborne komisije u vezi sa pristupa\u010dno\u0161\u0107u bira\u010dkih mjesta OSI, kao i sprovo\u0111enjem procedure glasanja.<\/p>\n<p><em>\u201cOIK Petnjica je po\u0161tovala preporuke ali uvijek ima mjesta unapre\u0111enjima \u0161to \u0107emo sa velikim zadovoljstvom u\u010diniti u narednim izbornim ciklusima\u201d<\/em>, nagla\u0161ava Durakovi\u0107.<\/p>\n<p>Govore\u0107i o uslovima za ostvarivanje pasivnog bira\u010dkog prava, kazao je da bi dao apsolutnu podr\u0161ku kandidaturi OSI za obavljanje zna\u010dajnih javnih funkcija.<\/p>\n<p><em>\u201cSmatram da je nedovoljna promocija potencijala i nedovoljna informisanost o samim potencijalima OSI jedan od klju\u010dnih razloga koji ote\u017eava njihovu kandidaturu. Tako\u0111e, negativna percepcija o tome da invaliditet mo\u017ee ograni\u010diti fizi\u010dke i mentalne resurse pojedinca, te da je manje vjerovatno da \u0107e politi\u010dki sistem biti manje osjetljiv na OSI. \u010cesto se smatra i da \u0107e osoba s invaliditetom u politi\u010dkom \u017eivotu biti manje aktivna u politi\u010dkim procesima. Vjerujem da bismo emancipacijom politi\u010dkih partija i javnih \u010dinilaca popravili stanje u ovoj oblasti. Time bi mnogo lak\u0161e tekao proces podizanja svijesti javnosti o u\u010de\u0161\u0107u OSI u politi\u010dkom \u017eivotu\u201d<\/em>, napominje Durakovi\u0107.<\/p>\n<p>Odgovaraju\u0107i na pitanje kako unaprijediti trenutno stanje u ovoj oblasti, kazao je da se radom OIK mo\u017ee posti\u0107i napredak kroz podizanje svijesti i promovisanje kako aktivnog, tako i pasivnog bira\u010dkog prava OSI.<\/p>\n<p><em>\u201cPristupa\u010dnost bira\u010dkih mjesta OSI predstavljala je jedan od izazova za OIK-e, u nekoliko prethodnih izbornih ciklusa. Uz preporuke DIK-a unaprijedili smo uslove za ostvarivanje bira\u010dkog prava OSI. Naravno da uvijek mo\u017ee bolje\u201d<\/em>, zaklju\u010duje Durakovi\u0107.<\/p>\n<p><strong>Intervju je kreiran u okviru projekta \u201cBiram da biram\u201d koji realizuje Savez slijepih Crne Gore. Projekat je podr\u017ean kroz program \u201eOCD u Crnoj Gori \u2013 od osnovnih usluga do oblikovanja politika \u2013 M\u2019BASE\u201c koji sprovode Centar za gra\u0111ansko obrazovanje (CGO), Friedrich-Ebert-Stiftung (FES), Centar za za\u0161titu i prou\u010davanje ptica Crne Gore (CZIP) i Politikon mre\u017ea. Projekat finansira Evropska unija, a kofinansira Ministarstvo javne uprave.<\/strong><\/p>\n<p><em>Sadr\u017eaj ovog intervjua isklju\u010diva je odgovornost Saveza slijepih Crne Gore i ne odra\u017eava nu\u017eno stavove CGO-a, Evropske unije ili Ministarstva javne uprave.<\/em><\/p>\n","protected":false},"excerpt":{"rendered":"<p>Trenutno stanje po pitanju zastupljenosti osoba s invaliditetom (OSI) u oblasti javnog I politi\u010dkog \u017eivota nije na zavidnom nivou, imaju\u0107i u vidu mali broj OSI&#8230;<\/p>\n<div class=\"more-link-wrapper\"><a class=\"more-link\" href=\"https:\/\/ss-cg.org\/?p=4676\">Op\u0161irnije<span class=\"screen-reader-text\">Durakovi\u0107: OIK mogu doprinijeti podizanju svijesti i pobolj\u0161anju uslova za ostvarivanje bira\u010dkog prava OSI<\/span><\/a><\/div>\n","protected":false},"author":3,"featured_media":4677,"comment_status":"open","ping_status":"open","sticky":false,"template":"","format":"standard","meta":{"footnotes":""},"categories":[23],"tags":[1471,1385,1072,1387,498,1386,260,120,1388,32],"class_list":["post-4676","post","type-post","status-publish","format-standard","has-post-thumbnail","hentry","category-aktuelnosti","tag-adis-durakovic","tag-biram-da-biram","tag-cgo","tag-czip","tag-eu","tag-fes","tag-intervju","tag-ministarstvo-javne-uprave","tag-politikon-mreza","tag-sscg","ratio-2-1","entry"],"_links":{"self":[{"href":"https:\/\/ss-cg.org\/index.php?rest_route=\/wp\/v2\/posts\/4676","targetHints":{"allow":["GET"]}}],"collection":[{"href":"https:\/\/ss-cg.org\/index.php?rest_route=\/wp\/v2\/posts"}],"about":[{"href":"https:\/\/ss-cg.org\/index.php?rest_route=\/wp\/v2\/types\/post"}],"author":[{"embeddable":true,"href":"https:\/\/ss-cg.org\/index.php?rest_route=\/wp\/v2\/users\/3"}],"replies":[{"embeddable":true,"href":"https:\/\/ss-cg.org\/index.php?rest_route=%2Fwp%2Fv2%2Fcomments&post=4676"}],"version-history":[{"count":1,"href":"https:\/\/ss-cg.org\/index.php?rest_route=\/wp\/v2\/posts\/4676\/revisions"}],"predecessor-version":[{"id":4678,"href":"https:\/\/ss-cg.org\/index.php?rest_route=\/wp\/v2\/posts\/4676\/revisions\/4678"}],"wp:featuredmedia":[{"embeddable":true,"href":"https:\/\/ss-cg.org\/index.php?rest_route=\/wp\/v2\/media\/4677"}],"wp:attachment":[{"href":"https:\/\/ss-cg.org\/index.php?rest_route=%2Fwp%2Fv2%2Fmedia&parent=4676"}],"wp:term":[{"taxonomy":"category","embeddable":true,"href":"https:\/\/ss-cg.org\/index.php?rest_route=%2Fwp%2Fv2%2Fcategories&post=4676"},{"taxonomy":"post_tag","embeddable":true,"href":"https:\/\/ss-cg.org\/index.php?rest_route=%2Fwp%2Fv2%2Ftags&post=4676"}],"curies":[{"name":"wp","href":"https:\/\/api.w.org\/{rel}","templated":true}]}}