{"id":4559,"date":"2023-09-15T10:36:52","date_gmt":"2023-09-15T10:36:52","guid":{"rendered":"https:\/\/ss-cg.org\/?p=4559"},"modified":"2023-09-25T10:27:57","modified_gmt":"2023-09-25T10:27:57","slug":"stav-ebu-a-o-evropskim-izborima-2024","status":"publish","type":"post","link":"https:\/\/ss-cg.org\/?p=4559","title":{"rendered":"Stav EBU-a o Evropskim izborima 2024."},"content":{"rendered":"<div>Kao organizacija koja se du\u017ei niz godina bavi aktivnostima svakodnevnog \u017eivota osoba potpuno i djelimi\u010dno o\u0161te\u0107enog vida, dijelimo stav Evropskog saveza slijepih povodom o\u010dekivanja od predstoje\u0107ih evropskih izbora 2024.godine za unapre\u0111enje inkluzije osoba o\u0161te\u0107enog vida.<\/div>\n<div>Podsje\u0107anja radi, Savez slijepih Crne Gore pokrenuo je aktivnosti u odnosu na prava potro\u0161a\u010da kako u Crnoj Gori, tako i u regiji, pa i na nivou Evropskog saveza slijepih. U odnosu na u\u010de\u0161\u0107e u politi\u010dkom i javnom \u017eivotu, zagovarali smo izmjene koje su doprinijele prije svega ostvarivanju prava glasa osoba o\u0161te\u0107enog vida u tajnosti.<\/div>\n<div>Detaljnije o svim aktivnostima Saveza slijepih mo\u017eete pro\u010ditati na na\u0161em web sajtu, te dru\u0161tvenim mre\u017eama.<\/div>\n<div><\/div>\n<div>U nastavku mo\u017eete preuzeti i pro\u010ditati Stav EBU na engleskom jeziku &#8211; <a href=\"https:\/\/ss-cg.org\/wp-content\/uploads\/2023\/09\/EBU-Statement-on-European-Parliament-elections-2024-September-2023.docx\">EBU Statement on European Parliament elections 2024 (September 2023)<\/a> , kao i na crnogorskom jeziku &#8211; <a href=\"https:\/\/ss-cg.org\/wp-content\/uploads\/2023\/09\/Stav-EBU-o-Evropskim-izborima-2024-septembar-2023.docx\">Stav EBU o Evropskim izborima 2024, septembar 2023.<\/a> .<\/div>\n<div><\/div>\n<div>Tekst na engleskom mo\u017eete pro\u010ditati i preuzeti u nastavku &#8211; <a href=\"https:\/\/ss-cg.org\/wp-content\/uploads\/2023\/09\/EBU.docx\">EBU<\/a> .<\/div>\n","protected":false},"excerpt":{"rendered":"<p>Kao organizacija koja se du\u017ei niz godina bavi aktivnostima svakodnevnog \u017eivota osoba potpuno i djelimi\u010dno o\u0161te\u0107enog vida, dijelimo stav Evropskog saveza slijepih povodom o\u010dekivanja od&#8230;<\/p>\n<div class=\"more-link-wrapper\"><a class=\"more-link\" href=\"https:\/\/ss-cg.org\/?p=4559\">Op\u0161irnije<span class=\"screen-reader-text\">Stav EBU-a o Evropskim izborima 2024.<\/span><\/a><\/div>\n","protected":false},"author":3,"featured_media":4563,"comment_status":"open","ping_status":"open","sticky":false,"template":"","format":"standard","meta":{"footnotes":""},"categories":[23],"tags":[137,1451,28,124,32,1450],"class_list":["post-4559","post","type-post","status-publish","format-standard","has-post-thumbnail","hentry","category-aktuelnosti","tag-ebu","tag-izbori-2024","tag-osi","tag-osobe-ostecenog-vida","tag-sscg","tag-stav","ratio-2-1","entry"],"_links":{"self":[{"href":"https:\/\/ss-cg.org\/index.php?rest_route=\/wp\/v2\/posts\/4559","targetHints":{"allow":["GET"]}}],"collection":[{"href":"https:\/\/ss-cg.org\/index.php?rest_route=\/wp\/v2\/posts"}],"about":[{"href":"https:\/\/ss-cg.org\/index.php?rest_route=\/wp\/v2\/types\/post"}],"author":[{"embeddable":true,"href":"https:\/\/ss-cg.org\/index.php?rest_route=\/wp\/v2\/users\/3"}],"replies":[{"embeddable":true,"href":"https:\/\/ss-cg.org\/index.php?rest_route=%2Fwp%2Fv2%2Fcomments&post=4559"}],"version-history":[{"count":3,"href":"https:\/\/ss-cg.org\/index.php?rest_route=\/wp\/v2\/posts\/4559\/revisions"}],"predecessor-version":[{"id":4588,"href":"https:\/\/ss-cg.org\/index.php?rest_route=\/wp\/v2\/posts\/4559\/revisions\/4588"}],"wp:featuredmedia":[{"embeddable":true,"href":"https:\/\/ss-cg.org\/index.php?rest_route=\/wp\/v2\/media\/4563"}],"wp:attachment":[{"href":"https:\/\/ss-cg.org\/index.php?rest_route=%2Fwp%2Fv2%2Fmedia&parent=4559"}],"wp:term":[{"taxonomy":"category","embeddable":true,"href":"https:\/\/ss-cg.org\/index.php?rest_route=%2Fwp%2Fv2%2Fcategories&post=4559"},{"taxonomy":"post_tag","embeddable":true,"href":"https:\/\/ss-cg.org\/index.php?rest_route=%2Fwp%2Fv2%2Ftags&post=4559"}],"curies":[{"name":"wp","href":"https:\/\/api.w.org\/{rel}","templated":true}]}}