{"id":4392,"date":"2023-06-20T07:26:46","date_gmt":"2023-06-20T07:26:46","guid":{"rendered":"https:\/\/ss-cg.org\/?p=4392"},"modified":"2023-07-03T10:03:41","modified_gmt":"2023-07-03T10:03:41","slug":"biraci-ostecenog-vida-diskriminisani-na-prethodno-odrzanim-lokalnim-izborima-u-trinaest-crnogorskih-opstina","status":"publish","type":"post","link":"https:\/\/ss-cg.org\/?p=4392","title":{"rendered":"Bira\u010di o\u0161te\u0107enog vida diskriminisani na prethodno odr\u017eanim lokalnim izborima u trinaest crnogorskih op\u0161tina"},"content":{"rendered":"<p>Bira\u010di o\u0161te\u0107enog vida neposredno diskriminisani uz povredu prava tajnosti glasanja prilikom kori\u0161\u0107enja \u0161ablona za glasanje na lokalnim izborima u trinaest crnogorskih op\u0161tina odr\u017eanim 23. oktobra 2022. godine, ocjenjuje institucija Za\u0161titnika.<br \/>\nPritu\u017ebom, Savez slijepih Crne Gore je Izbornoj komisiji Glavnog grada i op\u0161tinskim izbornim komisijama u op\u0161tinama Bar, Bijelo Polje, Budva, Danilovgrad, \u017dabljak, Zeta, Kola\u0161in, Plav, Plu\u017eine, Pljevlja, Ro\u017eaje i Tivat na \u010dijem podru\u010dju su odr\u017eani lokalni izbori, 23. oktobra 2022. godine, stavio na teret neposrednu diskriminaciju i povredu prava tajnosti glasanja bira\u010da o\u0161te\u0107enog vida, prilikom kori\u0161\u0107enja \u0161ablona za glasanje.<br \/>\nU pritu\u017ebi je istaknuto da je na lokalnim izborima odr\u017eanim, 23. oktobra 2022. godine, primjena \u0161ablona za glasanje osoba o\u0161te\u0107enog vida pokazala da on ima odre\u0111ene, ozbiljne nedostatke, te da ga treba \u0161to hitnije unaprijediti. Tako\u0111e, ukazano je da je DIK na sjednici, odr\u017eanoj 23. marta 2022. godine razmatrao i usvojio inicijative Saveza slijepih Crne Gore i Udru\u017eenja mladih sa hendikepom Crne Gore i 7. aprila 2022. godine, izmijenio Pravila o odre\u0111ivanju i ure\u0111enju bira\u010dkih mjesta i o mjerama kojima se obezbje\u0111uje tajnost glasanja (&#8220;Slu\u017ebeni list Crne Gore&#8221;, br. 011\/16, 076\/17 i 033\/22) i Pravila o jedinstvenim standardima za izborni materijal (&#8220;Slu\u017ebeni list Crne Gore&#8221;, br. 015\/14, 005\/22 i 033\/22), te da je potom uputio akt svim op\u0161tinskim izbornim komisijama i nalo\u017eio im da obrate pa\u017enju na izmijenjene odredbe navedenih podzakonskih akata i neophodnost njihove primjene, kako bi se obezbqedili uslovi za samostalno i tajno glasanje osoba s invaliditetom.<br \/>\nU ispitnom postupku, Za\u0161titnik je zatra\u017eio od op\u0161tinskih izbornih komisija na \u010diji rad se pritu\u017eba odnosi izja\u0161njenje na navode iz pritu\u017ebe. Po zahtjevu za izja\u0161njenje postupile su: Izborna komisija Glavnog grada, Op\u0161tinska izborna komisija Ro\u017eaje, Op\u0161tinska izborna komisija Bar i Op\u0161tinska izborna komisija Bijelo Polje. Nakon toga, Za\u0161titnik je op\u0161tinskim izbornom komisijama koje nijesu postupile po zahtjevu Za\u0161titnika uputio ponovni zahtjev (urgenciju) za dostavljanje tog izja\u0161njenja, bez daljeg odlaganja. Nakon upu\u0107ene urgencije tra\u017eeno izja\u0161njenje dostavile su: Op\u0161tinska izborna komisija Danilovgrad, Op\u0161tinska izborna komisija Tivat i Op\u0161tinska izborna komisija Plav.<br \/>\nOstale op\u0161tinske izborne komisije ni nakon upu\u0107ene urgencije nijesu dostavile tra\u017eena izja\u0161njenja.<br \/>\nNa osnovu rezultata ispitnog postupka. Za\u0161titnik je mi\u0161ljenja da je u cjelini posmatrano na lokalnim izborima koji su odr\u017eani 23.oktobra 2022. godine, bilo propusta prilikom upotrebe \u0161ablona za glasa\u010dki listi\u0107, koji su bira\u010de o\u0161te\u0107enog vida stavili u nejednak polo\u017eaj u pore\u0111enju sa drugim licima.<\/p>\n<p>U postupku kod Za\u0161titnika, skoro polovina op\u0161tinskih izbornih komisija na \u010diji se rad pritu\u017eba odnosi nije se izjasnila na navode iz iste, ni nakon upu\u0107enih urgencija. Nedostavljanjem tra\u017eenih izja\u0161njenja, te op\u0161tinske izborne komisije su propustile da eventualno argumentovano opovrgnu pritu\u017ebene navode.<br \/>\nZa\u0161titnik posebno ukazuje da problemi sa kojima su se pojedine izborne komisije suo\u010dile prilikom obezbje\u0111ivanja adekvatnih \u0161ablona za glasa\u010dki listi\u0107, a na koje su u ispitnom postupku iste ukazivale ne predstavljaju dovoljno objektivno i razumno opravdanje za nepovoljno postupanje prema bira\u010dima o\u0161te\u0107enog vida. Ovakvi i drugi problemi moraju se pravovremeno i efikasno rije\u0161avati kako bi bira\u010di o\u0161te\u0107enog vida bira\u010dko pravo mogli ostvarivati bez diskriminacije na bazi jednakosti sa drugima.<br \/>\nStoga je u situaciji kada je osobama o\u0161te\u0107enog vida na diskriminatornoj osnovi uskra\u0107eno pravo na tajnost glasanja sasvim jasno da oni ne mogu na bazi jednakosti sa drugima, koristiti svoje aktivno bira\u010dko pravo, odnosno ne mogu slobodno izabrati svoje predstavnike, ocjenjuju iz institucije Za\u0161titnika. Imaju\u0107i u vidu sve navedeno, a posebno fundamentalni zna\u010daj na\u010dela zabrane diskriminacije i sveobuhvatnost pitanja koja su razmatrana u ovom postupku, Za\u0161titnik preporu\u010duje Op\u0161tinskim izbornim komisijama na koje se pritu\u017eba odnosi:<br \/>\n<em>&#8211; da u svim budu\u0107im slu\u010dajevima dosljedno primjenjuju relevantne nacionalne i me\u0111unarodne propise, radi ostvarivanja bira\u010dkog prava lica sa invaliditetom bez diskriminacije i na bazi jednakosti sa drugima.<\/em><\/p>\n<p>Mi\u0161ljenje na engleskom mo\u017eete pro\u010ditati i preuzeti u nastavku &#8211; <a href=\"https:\/\/ss-cg.org\/wp-content\/uploads\/2023\/06\/Misljenje.docx\">Mi\u0161ljenje<\/a><\/p>\n<p><strong>Mi\u0161ljenje u cjelini mo\u017eete preuzeti u nastavku:<\/strong> <a href=\"https:\/\/ss-cg.org\/wp-content\/uploads\/2023\/06\/Misljenje-Ombudsmana-pol-zivot-20.06.2023.pdf\">Mi\u0161ljenje Ombudsmana, pol \u017eivot, 20.06.2023.<\/a><\/p>\n","protected":false},"excerpt":{"rendered":"<p>Bira\u010di o\u0161te\u0107enog vida neposredno diskriminisani uz povredu prava tajnosti glasanja prilikom kori\u0161\u0107enja \u0161ablona za glasanje na lokalnim izborima u trinaest crnogorskih op\u0161tina odr\u017eanim 23. oktobra&#8230;<\/p>\n<div class=\"more-link-wrapper\"><a class=\"more-link\" href=\"https:\/\/ss-cg.org\/?p=4392\">Op\u0161irnije<span class=\"screen-reader-text\">Bira\u010di o\u0161te\u0107enog vida diskriminisani na prethodno odr\u017eanim lokalnim izborima u trinaest crnogorskih op\u0161tina<\/span><\/a><\/div>\n","protected":false},"author":3,"featured_media":1527,"comment_status":"open","ping_status":"open","sticky":false,"template":"","format":"standard","meta":{"footnotes":""},"categories":[23],"tags":[1419,194,1418,28,94,32,221],"class_list":["post-4392","post","type-post","status-publish","format-standard","has-post-thumbnail","hentry","category-aktuelnosti","tag-biraci-ostecenog-vida","tag-diskriminacija","tag-ombudsam","tag-osi","tag-pristupacnost","tag-sscg","tag-zastitnik-ljudskih-prava","ratio-2-1","entry"],"_links":{"self":[{"href":"https:\/\/ss-cg.org\/index.php?rest_route=\/wp\/v2\/posts\/4392","targetHints":{"allow":["GET"]}}],"collection":[{"href":"https:\/\/ss-cg.org\/index.php?rest_route=\/wp\/v2\/posts"}],"about":[{"href":"https:\/\/ss-cg.org\/index.php?rest_route=\/wp\/v2\/types\/post"}],"author":[{"embeddable":true,"href":"https:\/\/ss-cg.org\/index.php?rest_route=\/wp\/v2\/users\/3"}],"replies":[{"embeddable":true,"href":"https:\/\/ss-cg.org\/index.php?rest_route=%2Fwp%2Fv2%2Fcomments&post=4392"}],"version-history":[{"count":6,"href":"https:\/\/ss-cg.org\/index.php?rest_route=\/wp\/v2\/posts\/4392\/revisions"}],"predecessor-version":[{"id":4440,"href":"https:\/\/ss-cg.org\/index.php?rest_route=\/wp\/v2\/posts\/4392\/revisions\/4440"}],"wp:featuredmedia":[{"embeddable":true,"href":"https:\/\/ss-cg.org\/index.php?rest_route=\/wp\/v2\/media\/1527"}],"wp:attachment":[{"href":"https:\/\/ss-cg.org\/index.php?rest_route=%2Fwp%2Fv2%2Fmedia&parent=4392"}],"wp:term":[{"taxonomy":"category","embeddable":true,"href":"https:\/\/ss-cg.org\/index.php?rest_route=%2Fwp%2Fv2%2Fcategories&post=4392"},{"taxonomy":"post_tag","embeddable":true,"href":"https:\/\/ss-cg.org\/index.php?rest_route=%2Fwp%2Fv2%2Ftags&post=4392"}],"curies":[{"name":"wp","href":"https:\/\/api.w.org\/{rel}","templated":true}]}}