{"id":4327,"date":"2023-06-11T11:38:01","date_gmt":"2023-06-11T11:38:01","guid":{"rendered":"https:\/\/ss-cg.org\/?p=4327"},"modified":"2023-06-11T11:59:51","modified_gmt":"2023-06-11T11:59:51","slug":"znacajan-broj-birackih-mjesta-nije-u-potpunosti-pristupacan-za-osobe-s-invaliditetom","status":"publish","type":"post","link":"https:\/\/ss-cg.org\/?p=4327","title":{"rendered":"Zna\u010dajan broj bira\u010dkih mjesta nije u potpunosti pristupa\u010dan za osobe s invaliditetom"},"content":{"rendered":"<p>Podgorica, 11. jun 2023 13:00 h \u2013 Savez slijepih Crne Gore po prvi put sistematski nadgleda pristupa\u010dnost bira\u010dkih mjesta na izborni dan u sve tri regije Crne Gore. Pedeset (50) mobilnih posmatra\u010da\/ica danas \u0107e obi\u0107i oko 400 bira\u010dkih mjesta kako bi nadgledali sprovo\u0111enje izbornog procesa u pogledu pristupa\u010dnosti bira\u010dkih mjesta i izbornog materijala osobama s invaliditetom. Vr\u0161i se monitoring u pet kategorija i to: okolina bira\u010dkog mjesta (parking), prilaz bira\u010dkom mjestu, ulazni prostor u bira\u010dko mjesto, rad bira\u010dkog odbora, i ure\u0111enost prostorije bira\u010dkog mjesta u odnosu na fizi\u010dku pristupa\u010dnost i izborni materijal. Osobe s invaliditetom uklju\u010dene su u posmatranje i rad Pozivnog centra koji prikuplja i analizira podatke s terena.<br \/>\n<strong>Do 11:00 sati posmatra\u010di\/ce Saveza slijepih posjetili\/e su 230 bira\u010dkih mjesta u 20 op\u0161tina.<\/strong> Svim posmatra\u010dima\/cama bilo je omogu\u0107eno nesmetano posmatranje.<br \/>\n<strong>Vezano za okolinu bira\u010dkog mjesta, 16,8% od posmatranih bira\u010dkih mjesta je u potpunosti pristupa\u010dno<\/strong>, odnosno parking se nalazi u neposrednoj blizini, ozna\u010den je znakom pristupa\u010dnosti, adekvatnih je dimenzija i nema nepropisno parkiranih automobila koji blokiraju pristup osobama s inavaliditetom. <strong>Prilaz bira\u010dkim mjestima u potpunosti je pristupa\u010dan na 59,1 % od posmatranih bira\u010dkih mjesta<\/strong> \u0161to zna\u010di da je ivi\u010dnjak, ukoliko postoji, ni\u017ei od propisanih 2 cm, te da ne postoje nikakve druge prepreke za pristup u vidu postavljenih betonskih stubi\u0107a, \u017eardinjera i sl.<br \/>\n<strong>Ulazni prostor u bira\u010dka mjesta u potpunosti je pristupa\u010dan na 20,3% od posmatranih bira\u010dkih mjesta<\/strong> \u0161to pokazuje da su lokacije ovih bira\u010dkih mjesta pa\u017eljivo odabrane jer je ulaz ravan ili ima adekvatnu rampu. Isti je u <strong>potpunosti<\/strong> <strong>pristupa\u010dan za osobe s tjelesnim invaliditetom na 31, 5%<\/strong> od posmatranih bira\u010dkih mjesta. Ovo ozna\u010dava da su ulazna vrata dovoljno \u0161iroka da kroz njih mogu pro\u0107i korisnici\/e invalidskih kolica, da su otvorena oba krila ukoliko postoje dvokrilna vrata, da prag ulaznih vrata, ukoliko postoji, nije vi\u0161i od 2 cm, te da su hodnici minimalne \u0161irine 120 cm.<br \/>\n<strong>Samo 27,6% od posmatranih bira\u010dkih mjesta je u potpunosti pristupa\u010dno osobama o\u0161te\u0107enog vida<\/strong> \u0161to zna\u010di da su na bira\u010dkom mjestu dostupna dva \u0161ablona za glasanje i dvije bro\u0161ure na Brajevom pismu, da su isti dostupni zajedno s ostalim bira\u010dkim materijalom na stolu bira\u010dkog odbora, te da su etison trake pravilno postavljene.<br \/>\n<strong>Vezano za glasanje osoba ni\u017eeg rasta i korisnika\/ca invalidskih kolica, 57,8% od posmatranih bira\u010dka mjesta bilo je u potpunosti pristupa\u010dno<\/strong>, \u0161to zna\u010di da je ni\u017ea polica za glasanje bila pravilno postavljena, te da visina glasa\u010dke kutije nije prelazila propisanih 85 cm.<\/p>\n<p>Do 12:00 sati Savez Slijepih je primio dvije prijave osoba s invaliditetom o razli\u010ditim nepravilnostima.<br \/>\n<strong>Uprkos ovim nalazima, pozivamo sve osobe s invaliditetom da iskoriste svoje bira\u010dko pravo i da nam prijave eventualne nepravilnosti do 21.00h, na brojeve telefona: 020\/ 665 368, 067\/347 427.<\/strong> Nakon izbora, Savez slijepih \u0107e svim zainteresovanim osobama s invaliditetom pru\u017eiti besplatnu pravnu podr\u0161ku.<br \/>\nSljede\u0107e saop\u0161tenje Savez \u0107e objaviti u 19:00 h.<\/p>\n<p>Saop\u0161tenje na ENG jeziku mo\u017eete pro\u010ditati i preuzeti u nastavku &#8211; <a href=\"https:\/\/ss-cg.org\/wp-content\/uploads\/2023\/06\/Press-release-A-Significant-Number-of-Polling-Stations-Are-not-Fully-Accessible-for-Persons-with-Disabilities.docx\">Press release, A Significant Number of Polling Stations Are not Fully Accessible for Persons with Disabilities<\/a><\/p>\n<p><strong><em>Ovo posmatranje sprovodi se uz finansijsku i tehni\u010dku podr\u0161ku Nacionalnog demokratskog instituta (NDI). Nalazi posmatranja pripadaju Savezu slijepih i ne moraju odra\u017eavati nu\u017eno stav NDI-a, donatora ili Vlade SAD.<\/em><\/strong><\/p>\n","protected":false},"excerpt":{"rendered":"<p>Podgorica, 11. jun 2023 13:00 h \u2013 Savez slijepih Crne Gore po prvi put sistematski nadgleda pristupa\u010dnost bira\u010dkih mjesta na izborni dan u sve tri&#8230;<\/p>\n<div class=\"more-link-wrapper\"><a class=\"more-link\" href=\"https:\/\/ss-cg.org\/?p=4327\">Op\u0161irnije<span class=\"screen-reader-text\">Zna\u010dajan broj bira\u010dkih mjesta nije u potpunosti pristupa\u010dan za osobe s invaliditetom<\/span><\/a><\/div>\n","protected":false},"author":3,"featured_media":4328,"comment_status":"open","ping_status":"open","sticky":false,"template":"","format":"standard","meta":{"footnotes":""},"categories":[23],"tags":[1416,1415,28,94,115,32],"class_list":["post-4327","post","type-post","status-publish","format-standard","has-post-thumbnail","hentry","category-aktuelnosti","tag-bm","tag-ndi-montenegro","tag-osi","tag-pristupacnost","tag-saopstenje","tag-sscg","ratio-2-1","entry"],"_links":{"self":[{"href":"https:\/\/ss-cg.org\/index.php?rest_route=\/wp\/v2\/posts\/4327","targetHints":{"allow":["GET"]}}],"collection":[{"href":"https:\/\/ss-cg.org\/index.php?rest_route=\/wp\/v2\/posts"}],"about":[{"href":"https:\/\/ss-cg.org\/index.php?rest_route=\/wp\/v2\/types\/post"}],"author":[{"embeddable":true,"href":"https:\/\/ss-cg.org\/index.php?rest_route=\/wp\/v2\/users\/3"}],"replies":[{"embeddable":true,"href":"https:\/\/ss-cg.org\/index.php?rest_route=%2Fwp%2Fv2%2Fcomments&post=4327"}],"version-history":[{"count":4,"href":"https:\/\/ss-cg.org\/index.php?rest_route=\/wp\/v2\/posts\/4327\/revisions"}],"predecessor-version":[{"id":4333,"href":"https:\/\/ss-cg.org\/index.php?rest_route=\/wp\/v2\/posts\/4327\/revisions\/4333"}],"wp:featuredmedia":[{"embeddable":true,"href":"https:\/\/ss-cg.org\/index.php?rest_route=\/wp\/v2\/media\/4328"}],"wp:attachment":[{"href":"https:\/\/ss-cg.org\/index.php?rest_route=%2Fwp%2Fv2%2Fmedia&parent=4327"}],"wp:term":[{"taxonomy":"category","embeddable":true,"href":"https:\/\/ss-cg.org\/index.php?rest_route=%2Fwp%2Fv2%2Fcategories&post=4327"},{"taxonomy":"post_tag","embeddable":true,"href":"https:\/\/ss-cg.org\/index.php?rest_route=%2Fwp%2Fv2%2Ftags&post=4327"}],"curies":[{"name":"wp","href":"https:\/\/api.w.org\/{rel}","templated":true}]}}