{"id":4261,"date":"2023-05-24T07:21:11","date_gmt":"2023-05-24T07:21:11","guid":{"rendered":"https:\/\/ss-cg.org\/?p=4261"},"modified":"2023-05-24T07:21:11","modified_gmt":"2023-05-24T07:21:11","slug":"reagovanje-na-tekst-nastavljena-pljacka-budzeta-preko-osoba-sa-invaliditetom-koji-je-objavljen-u-subotu-20-05-2023-na-portalu-www-vijesti-me","status":"publish","type":"post","link":"https:\/\/ss-cg.org\/?p=4261","title":{"rendered":"Reagovanje na tekst \u201cNastavljena plja\u010dka bud\u017eeta preko osoba sa invaliditetom\u201d koji je objavljen u subotu 20.05.2023. na portalu www.vijesti.me"},"content":{"rendered":"<p>U Crnoj Gori nastavlja se kr\u0161enje ljudskih prava, a naro\u010dito prava osoba s invaliditetom. Naime, osim ukidanja Direktorata za prava osoba s invaliditetom u okviru Ministarstva ljudskih i manjinskih prava, nefunkcionisanja Savjeta za prava osoba s invaliditetom, prethodnih mjeseci dr\u017eava je, na\u017ealost, u sprezi sa pojedinim neodgovornim novinarima, odlu\u010dila da sabotira i oblast zapo\u0161ljavanja osoba s invaliditetom.<\/p>\n<p>Naime, kroz vi\u0161e tekstova na portalu Vijesti, medijskih nastupa \u010delnika Fonda za profesionalnu rehabilitaciju, ali i autorskih konstatacija novinara, mogli smo \u010duti niz neprimjerenih, krajnje diskriminatornih pristupa prema osobama s invaliditetom.<\/p>\n<p>Prvenstveno se postavlja pitanje \u201chumane ideje\u201d Zakona o zapo\u0161ljavanju i profesionalnoj rehabilitaciji osoba s invaliditetom. Navedeni Zakon, kao i njegove odredbe nijesu, niti smiju predstavljati humani odnos prema osobama s invaliditetom, ve\u0107 po\u0161tovanje njihovih prava, jer zaista u 2023. godini moramo pristupati osobama s invaliditetom sa aspekta ljudskih prava i po\u0161tovanja li\u010dnosti i individue. Ideja Zakona je pru\u017eanje afirmativne akcije, koja je usljed dru\u0161tveno nepovoljnog odnosa poslodavaca prema osobama s invaliditetom imala jedan zadatak, a to je da na ravnopravnoj i jednakoj osnovi omogu\u0107i kako tra\u017eenje zaposlenja, tako i zasnivanje radnog odnosa, te napredovanje u karijeri za osobe s invaliditetom.<\/p>\n<p>Pitanje \u201cograni\u010denja visine zarade koja se subvencioni\u0161e, \u2026odnosno da li se one obra\u010dunavaju na osnovu stvarnog u\u010dinka tog radnika i njegovog doprinosa preduze\u0107u.\u00a0\u201d je dokaz da oni koji sprovode politiku invaliditeta, istu ne shvataju ili ne \u017eele da shvate. Ograni\u010denje zarade bilo kod gra\u0111anina i gra\u0111anke u Crnoj Gori je nedopustivo. Ali u ovom aspektu, \u201cograni\u010denje zarade\u201d, na\u017ealost, govori samo o pristupu prema osobama s invaliditetom, koji je i dalje neadekvatan, a to je da su osobe s invaliditetom nesposobne, da nijesu u mogu\u0107nosti da obavljaju svoje poslove, niti da zara\u0111uju zarade u iznosu od nekoliko hiljada eura. Da li smo nekad \u010duli da se komentari\u0161e iznos najve\u0107e ispla\u0107ene zarade u Crnoj Gori? Nismo i ne treba.<\/p>\n<p>Postavlja se i pitanje, kako to da je osoba s invaliditetom osniva\u010d firme, preduzetnik? Pa zaista je pitanje kako, u ovom krajnje diskriminatornom i neprijateljski nastrojenom okru\u017eenju.<\/p>\n<p>Ono \u0161to dr\u017eavu, njene organe, treba da zanima je da li su ispla\u0107eni svi doprinosi, porezi, prirezi i sli\u010dno, kao i posebni doprinosi za nezapo\u0161ljavanje osoba s invaliditetom, da li poslodavci izvr\u0161avaju redovno sve obaveze prema dr\u017eavi i prema zaposlenim osobama s invaliditetom.<\/p>\n<p>Podatak o broju zaposlenih osoba s invaliditetom treba da nam bude za ponos, za primjer dobre prakse.<\/p>\n<p>Me\u0111utim, kao i u mnogim drugim oblastima, tako i u ovoj, pretpostavka da neko zloupotrebljava zakonske odredbe treba da se odrazi na sve u dru\u0161tvu. Ne! Nikako! Ukoliko Zavod za zapo\u0161ljavanje Crne Gore, Fond za profesionalnu rehabilitaciju i zapo\u0161ljavanje osoba s invaliditetom ima osnovane sumnje da pojedini poslodavci zloupotrebljavaju norme Zakona, neka pokrenu postupke, komuniciraju intersektorski sa drugim organima, Poreskom upravom, Inspekcijom rada\u2026<\/p>\n<p>Da ne bismo kalkulisali sa iznosima novca koji je utro\u0161en, pozivamo Fond za profesionalnu rehabilitaciju da javno saop\u0161ti informacije o iznosima potra\u017eivanja poslodavaca u odnosu na subvencije zarade pojedina\u010dno za svaku godinu od 2019-2023, kao i ispla\u0107ene iznose u svakoj navedenoj godini.<\/p>\n<p>Ka\u0161njenja su evidentna, jer se govori i o tu\u017ebama, na koje svakako, svaki poslodavac ima pravo. Samo Savezu slijepih koji zapo\u0161ljava 14 osoba s invaliditetom, Fond je dugovao iznose iz 2021, koje je uplatio 2022, isto se odnosi i na 2022, \u010dije isplate sti\u017eu u 2023, a trenutna dugovanja iznose preko 50000.00 EUR.<\/p>\n<p>Kako ne bismo kalkulisali brojkama, pozivamo odgovorne da iza\u0111u sa konkretnim i istinitim podacima, koji su transparentni. Podsjeti\u0107emo, novac od upla\u0107ivanja posebnog doprinosa poslodavaca u Crnoj Gori upla\u0107uje se od 2009, a da li svi poslodavci koji imaju obavezu istu i ispunjavaju, da li je taj novac uvijek kori\u0161\u0107en samo za svrhe namijenjene Zakonom, ili je pokrivao nedostatak sredstava za druge bud\u017eetske jedinice, poput Fonda PIO je pitanje koje bi novinar istra\u017eiva\u010d trebalo da ispita ukoliko ima dobru namjeru da se rasvijetli oblast zapo\u0161ljavanja\u00a0 osoba s invaliditetom. No, \u010dini nam se da ovdje ima najmanje dobre namjere i novinara i \u010delnika Zavoda za zapo\u0161ljavanje.<\/p>\n<p>Poslodavci, kao i osobe s invaliditetom, nikako ne mogu biti krivci \u0161to Fond ne zapo\u0161ljava dovoljan broj izvr\u0161ilaca, koji bi, prema rije\u010dima na\u010delnika, uspjeli da zavr\u0161e posao na vrijeme.<\/p>\n<p>Pozivati na dobru saradnju, nakon vi\u0161e godina jako lo\u0161e prakse, dugovanja ogromnog iznosa sredstava, ponovnog slanja dokumentacije, nemogu\u0107nosti uspostavljanja komunikacije, nije ni fer ni kolegijalno, s obzirom na to, da se ve\u0107ina poslodavaca targetira kao neko ko zloupotrebljava Zakon.<\/p>\n<p>Na kraju, za Savez slijepih, koji svoj rad temelji na odredbama i postulatima Konvencije Ujedinjenih nacija o pravima osoba s invaliditetom je nedopustivo ograni\u010denje zarade osoba s invaliditetom, kao i diskriminatoran pristup prema istima.<\/p>\n","protected":false},"excerpt":{"rendered":"<p>U Crnoj Gori nastavlja se kr\u0161enje ljudskih prava, a naro\u010dito prava osoba s invaliditetom. Naime, osim ukidanja Direktorata za prava osoba s invaliditetom u okviru&#8230;<\/p>\n<div class=\"more-link-wrapper\"><a class=\"more-link\" href=\"https:\/\/ss-cg.org\/?p=4261\">Op\u0161irnije<span class=\"screen-reader-text\">Reagovanje na tekst \u201cNastavljena plja\u010dka bud\u017eeta preko osoba sa invaliditetom\u201d koji je objavljen u subotu 20.05.2023. na portalu www.vijesti.me<\/span><\/a><\/div>\n","protected":false},"author":3,"featured_media":4167,"comment_status":"open","ping_status":"open","sticky":false,"template":"","format":"standard","meta":{"footnotes":""},"categories":[1],"tags":[],"class_list":["post-4261","post","type-post","status-publish","format-standard","has-post-thumbnail","hentry","category-uncategorized","ratio-2-1","entry"],"_links":{"self":[{"href":"https:\/\/ss-cg.org\/index.php?rest_route=\/wp\/v2\/posts\/4261","targetHints":{"allow":["GET"]}}],"collection":[{"href":"https:\/\/ss-cg.org\/index.php?rest_route=\/wp\/v2\/posts"}],"about":[{"href":"https:\/\/ss-cg.org\/index.php?rest_route=\/wp\/v2\/types\/post"}],"author":[{"embeddable":true,"href":"https:\/\/ss-cg.org\/index.php?rest_route=\/wp\/v2\/users\/3"}],"replies":[{"embeddable":true,"href":"https:\/\/ss-cg.org\/index.php?rest_route=%2Fwp%2Fv2%2Fcomments&post=4261"}],"version-history":[{"count":1,"href":"https:\/\/ss-cg.org\/index.php?rest_route=\/wp\/v2\/posts\/4261\/revisions"}],"predecessor-version":[{"id":4262,"href":"https:\/\/ss-cg.org\/index.php?rest_route=\/wp\/v2\/posts\/4261\/revisions\/4262"}],"wp:featuredmedia":[{"embeddable":true,"href":"https:\/\/ss-cg.org\/index.php?rest_route=\/wp\/v2\/media\/4167"}],"wp:attachment":[{"href":"https:\/\/ss-cg.org\/index.php?rest_route=%2Fwp%2Fv2%2Fmedia&parent=4261"}],"wp:term":[{"taxonomy":"category","embeddable":true,"href":"https:\/\/ss-cg.org\/index.php?rest_route=%2Fwp%2Fv2%2Fcategories&post=4261"},{"taxonomy":"post_tag","embeddable":true,"href":"https:\/\/ss-cg.org\/index.php?rest_route=%2Fwp%2Fv2%2Ftags&post=4261"}],"curies":[{"name":"wp","href":"https:\/\/api.w.org\/{rel}","templated":true}]}}