{"id":4256,"date":"2023-05-24T07:07:48","date_gmt":"2023-05-24T07:07:48","guid":{"rendered":"https:\/\/ss-cg.org\/?p=4256"},"modified":"2023-05-24T07:07:48","modified_gmt":"2023-05-24T07:07:48","slug":"sad-mogu-lijepo-da-zivim-osjecam-da-sam-medju-ljude","status":"publish","type":"post","link":"https:\/\/ss-cg.org\/?p=4256","title":{"rendered":"SAD MOGU LIJEPO DA \u017dIVIM, OSJE\u0106AM DA SAM ME\u0110U LJUDE"},"content":{"rendered":"<p>Servis \u201eVide\u0107i\/a pratilac\/teljka\u201c sprovodi Savez slijepih Crne Gore aktivno od februara mjeseca u vi\u0161e gradova u Crnoj Gori. Trenutno uslugu koristi vi\u0161e od 80 osoba o\u0161te\u0107enog vida, bez obzira na bilo koje svojstvo.<\/p>\n<p>Uslugu koriste i mladi i stariji, \u0161kolarci i penzioneri, zaposleni, sportisti.<\/p>\n<p>Danas vam prenosimo iskustva i impresije \u017eene o\u0161te\u0107enog vida koja koristi uslugu Vide\u0107eg\/e pratioca\/teljke od samog po\u010detka.<\/p>\n<p>\u201eJa stalno ovaj servis koristim, odnosno svaki dan mi dolazi pratiteljka. Pa meni najvi\u0161e <strong>zna\u010di za \u0161etnje<\/strong>, jer \u017eivim sama i nemam rodbine u Nik\u0161i\u0107u, jedna sestra mi \u017eivi u Podgorici i kad je ovo bila korona skoro da nisam uop\u0161te izlazila. Tu mi ova kom\u0161inica nekad kupi hljeb, ali sad stalno ja idem. Iza\u0111emo u \u0161etnju, pa nekad bude da se <strong>plate ra\u010duni<\/strong>, nekad u Biro da odem da se javim, ima ponekad i <strong>do doktora<\/strong> da se po\u0111e. \u201e<\/p>\n<p>Korisnica navodi da se sve realizuje po ustaljenom rasporedu. Stru\u010dna radnica je pozove petkom, dogovore aktivnosti, i kako navodi do sada nije bilo problema.<\/p>\n<p>\u201ePa petkom me ona zove da se dogovorimo u koliko \u0107e pratiteljka da do\u0111e. Ja ve\u0107 tada ka\u017eem \u0161ta mi treba, pa se onda petkom dogovorimo. Ona je jedna ba\u0161 divna, osmjehnuta osoba i prvo me pita za zdravlje, pa se onda dalje sve dogovaramo. Tako popri\u010damo malo svaki put kad me nazove, a meni to mnogo zna\u010di. Ako neko mora kod doktora, mi samo pomjerimo \u0161etnju za kasnije, ali sve se to petkom dogovorimo.\u201c<\/p>\n<p>Sa Vide\u0107om pratiteljkom na terenu korisnica ima lijep odnos. Isti\u010de da nije bilo neprijatnih situacija.<\/p>\n<p>\u201eOna je avion boing, ja je tako zovem, pa se \u0161alimo. Sve sti\u017ee, nikad ne kasni, \u010dak i prije do\u0111e. Mlada, sposobna \u017eena, jaka, nemam zamjerki..\u201c<\/p>\n<p>Korisnica nagla\u0161ava va\u017enost usluge rije\u010dima: \u201eMene je ovaj projekat spasio, potpuno sam bila izolovana, sama \u017eivim, jo\u0161 od one korone niko iz ku\u0107e ne izlazi. Ja sam starno mislila da \u0107u da poludim vi\u0161e sama, nisam imala sa kim da progovorim. Ali evo, dobro je \u0161to ste ovo pokrenuli. Ba\u0161 ste dobro uradili, ja sad \u017eivim druga\u010dije. Znam da \u0107e mi ona do\u0107i, da pri\u010damo, odemo u \u0161etnju i tako, tek sad mogu lijepo da \u017eivim, da osjetim da sam me\u0111u ljudima.\u201e<\/p>\n<p>Intervju je kreiran u okviru projekta: &#8220;Jednako\u0161\u0107u do dostojanstvenog \u017eivota OSI u Crnoj Gori\u201c, koji sprovodi Savez slijepih Crne Gore u partnerstvu sa Udru\u017eenjem za podr\u0161ku osobama sa invaliditetom Bijelo Polje, a finansira Evropska unija kroz podr\u0161ku za civilno dru\u0161tvo (CSF) i Ministarstvo javne uprave, digitalnog dru\u0161tva i medija Crne Gore.<\/p>\n<p>S po\u0161tovanjem,<\/p>\n<p>SAVEZ SLIJEPIH CRNE GORE<\/p>\n<p>Ul. Njego\u0161eva br.6, 81000 Podgorica<\/p>\n<p>Tel: +382 (0)20 665 368, fax: +382 (0)20 665 377<\/p>\n<p>E mail: <a href=\"mailto:savezslijepihcg@gmail.com\">savezslijepihcg@gmail.com<\/a><\/p>\n<p><a href=\"http:\/\/www.ss-cg.org\/\">http:\/\/www.ss-cg.org\/<\/a> , <a href=\"http:\/\/www.zaposliosi.me\/\">http:\/\/www.zaposliosi.me\/<\/a><\/p>\n<p>&nbsp;<\/p>\n","protected":false},"excerpt":{"rendered":"<p>Servis \u201eVide\u0107i\/a pratilac\/teljka\u201c sprovodi Savez slijepih Crne Gore aktivno od februara mjeseca u vi\u0161e gradova u Crnoj Gori. Trenutno uslugu koristi vi\u0161e od 80 osoba&#8230;<\/p>\n<div class=\"more-link-wrapper\"><a class=\"more-link\" href=\"https:\/\/ss-cg.org\/?p=4256\">Op\u0161irnije<span class=\"screen-reader-text\">SAD MOGU LIJEPO DA \u017dIVIM, OSJE\u0106AM DA SAM ME\u0110U LJUDE<\/span><\/a><\/div>\n","protected":false},"author":3,"featured_media":4257,"comment_status":"open","ping_status":"open","sticky":false,"template":"","format":"standard","meta":{"footnotes":""},"categories":[1],"tags":[],"class_list":["post-4256","post","type-post","status-publish","format-standard","has-post-thumbnail","hentry","category-uncategorized","ratio-2-1","entry"],"_links":{"self":[{"href":"https:\/\/ss-cg.org\/index.php?rest_route=\/wp\/v2\/posts\/4256","targetHints":{"allow":["GET"]}}],"collection":[{"href":"https:\/\/ss-cg.org\/index.php?rest_route=\/wp\/v2\/posts"}],"about":[{"href":"https:\/\/ss-cg.org\/index.php?rest_route=\/wp\/v2\/types\/post"}],"author":[{"embeddable":true,"href":"https:\/\/ss-cg.org\/index.php?rest_route=\/wp\/v2\/users\/3"}],"replies":[{"embeddable":true,"href":"https:\/\/ss-cg.org\/index.php?rest_route=%2Fwp%2Fv2%2Fcomments&post=4256"}],"version-history":[{"count":1,"href":"https:\/\/ss-cg.org\/index.php?rest_route=\/wp\/v2\/posts\/4256\/revisions"}],"predecessor-version":[{"id":4258,"href":"https:\/\/ss-cg.org\/index.php?rest_route=\/wp\/v2\/posts\/4256\/revisions\/4258"}],"wp:featuredmedia":[{"embeddable":true,"href":"https:\/\/ss-cg.org\/index.php?rest_route=\/wp\/v2\/media\/4257"}],"wp:attachment":[{"href":"https:\/\/ss-cg.org\/index.php?rest_route=%2Fwp%2Fv2%2Fmedia&parent=4256"}],"wp:term":[{"taxonomy":"category","embeddable":true,"href":"https:\/\/ss-cg.org\/index.php?rest_route=%2Fwp%2Fv2%2Fcategories&post=4256"},{"taxonomy":"post_tag","embeddable":true,"href":"https:\/\/ss-cg.org\/index.php?rest_route=%2Fwp%2Fv2%2Ftags&post=4256"}],"curies":[{"name":"wp","href":"https:\/\/api.w.org\/{rel}","templated":true}]}}