{"id":4246,"date":"2023-05-19T12:28:59","date_gmt":"2023-05-19T12:28:59","guid":{"rendered":"https:\/\/ss-cg.org\/?p=4246"},"modified":"2023-05-19T12:47:04","modified_gmt":"2023-05-19T12:47:04","slug":"saopstenje-obuka-za-predstavnike-lokalnih-organizacija","status":"publish","type":"post","link":"https:\/\/ss-cg.org\/?p=4246","title":{"rendered":"SAOP\u0160TENJE &#8211; OBUKA ZA PREDSTAVNIKE LOKALNIH ORGANIZACIJA"},"content":{"rendered":"<p class=\"yiv9009385433MsoNormal\"><span lang=\"SR-LATN-ME\">Savez slijepih Crne Gore 17. i 18. maja 2023. godine organizovao je obuku namijenjenu predstavnicima Lokalnih organizacija slijepih o servisu &#8220;Vide\u0107i pratilac&#8221;. Obuka je realizovana u hotelu &#8220;Delfin&#8221; u Bijeloj.\u00a0<\/span>Obuku su vodili i njeni treneri bili Goran Macanovi\u0107, izvr\u0161ni direktor Saveza slijepih Crne Gore i Nikolina Milji\u0107, stru\u010dna radnica na ovom servisu.<\/p>\n<p class=\"yiv9009385433MsoNormal\"><span lang=\"SR-LATN-ME\">Cilj servisa \u201cVide\u0107i\/a pratilac\/teljka\u201d je da pru\u017ei podr\u0161ku osobama s o\u0161te\u0107enim vidom, prije svega u samostalnom kretanju,<b>\u00a0<\/b>\u0161to dovodi do socijalizacije, inkluzije u dru\u0161tvu, pove\u0107anju samopouzdanja i motivacije za aktivno u\u010de\u0161\u0107e u dru\u0161tvenom \u017eivotu uklju\u010duju\u0107i motivaciju za tra\u017eenjem posla i zaposlenjem, a \u0161to sve zajedno smanjuje nivo ku\u0107ne institucionalizacije ovih osoba koja je prisutna u zna\u010dajnom obimu.\u00a0\u00a0<\/span><\/p>\n<p class=\"yiv9009385433MsoNormal\"><span lang=\"SR-LATN-ME\">Vide\u0107i\/a pratilac\/teljka\u00a0<\/span><span lang=\"SR-LATN-ME\">podrazumijeva pru\u017eanje pomo\u0107i osobi s o\u0161te\u0107enjem vida (korisniku\/ci) od strane druge osobe (vide\u0107eg\/e pratioca\/teljke) u samostalnom kretanju za obavljanje aktivnosti koje u svakodnevnom \u017eivotu ne mo\u017ee obaviti bez pomo\u0107i drugog lica ili bi ih obavljala znatno sporije i uz puno napora, a nekada i uz ve\u0107e finansijske tro\u0161kove.<\/span><\/p>\n<p class=\"yiv9009385433MsoNormal\"><span lang=\"SR-LATN-ME\">Obuci su prisustvovali predstavnici Lokalnih organizacija koji \u0107e sve pojedinosti o servisu prenijeti zainteresovanim \u010dlanovim, a kako bi \u0161to vi\u0161e njih po\u010delo da koristi asistenciju Vide\u0107eg pratioca i na taj na\u010din pobolj\u0161a produktivnost i sveukupni kvalitet \u017eivota.<\/span><\/p>\n<p class=\"yiv9009385433MsoNormal\"><span lang=\"SR-LATN-ME\">Prvi dan obuke bio je posve\u0107en najve\u0107im dijelom modelima pristupa i terminologiji invaliditeta, filosofiji samostalnog \u017eivota i servisima podr\u0161ke za osobe sa invaliditetom, posebno predstavljaju\u0107i uslugu Vide\u0107eg pratioca, kao i prava i obaveze vide\u0107ih pratioca\/teljki i korisnika usluga.<\/span><\/p>\n<p class=\"yiv9009385433MsoNormal\"><span lang=\"SR-LATN-ME\">U toku drugog dana, neki od sada\u0161njih, ali i budu\u0107i korisnici servisa su se upoznali sa na\u010dinom izrade i sadr\u017eajem sedmi\u010dnog plana aktivnosti, uveli u temu rada sa vide\u0107im pratiocem\/teljkom kroz prakti\u010dan rad u grupama i u paru, \u0161to su u\u010desnici obuke ocijenili kao posebno va\u017eno iskustvo.<\/span><\/p>\n<p class=\"yiv9009385433MsoNormal\"><span lang=\"SR-LATN-ME\">Cilj pru\u017eanja usluge vide\u0107eg\/e pratioca\/teljke, kao usluge za podr\u0161ku za \u017eivot u zajednici, jeste da u\u010dini mogu\u0107im samostalni \u017eivot osobama o\u0161te\u0107enog vida kojima je ta pomo\u0107 neophodna kako bi vodili produktivan \u017eivot. Kori\u0161\u0107enjem usluge\u00a0<\/span><span lang=\"SR-LATN-ME\">Vide\u0107i\/a pratilac\/teljka\u00a0<\/span><span lang=\"SR-LATN-ME\">od strane samog korisnika, korisnik\/ca je u mogu\u0107nosti da vodi \u017eivot na na\u010din koji \u017eeli i da samostalno donosi odluke, \u0161to zna\u010dajno uti\u010de kako na njegovo\/njeno li\u010dno zadovoljstvo sopstvenim \u017eivotom, tako i na njegovu\/njenu ve\u0107u socijalnu participaciju.\u00a0<\/span><span lang=\"SR-LATN-ME\">Kada je rije\u010d o stru\u010dnim radnicima\/cama, cilj njihovog rada jeste usmjereno, ciljano, koordinisano, stru\u010dno i kvalitetno planiranje, obezbje\u0111ivanje i nadgledanje usluge\u00a0<\/span><span lang=\"SR-LATN-ME\">Vide\u0107i\/a pratilac\/teljka.\u00a0<\/span><\/p>\n<p>Obuka je organizovana u okviru projekta\u00a0&#8220;Jednako\u0161\u0107u do dostojanstvenog \u017eivota OSI u Crnoj Gori\u201c, koji sprovodi Savez slijepih Crne Gore u partnerstvu sa Udru\u017eenjem za podr\u0161ku osobama sa invaliditetom Bijelo Polje, a finansira Evropska unija kroz podr\u0161ku za civilno dru\u0161tvo (CSF) i Ministarstvo javne uprave, digitalnog dru\u0161tva i medija Crne Gore.<\/p>\n","protected":false},"excerpt":{"rendered":"<p>Savez slijepih Crne Gore 17. i 18. maja 2023. godine organizovao je obuku namijenjenu predstavnicima Lokalnih organizacija slijepih o servisu &#8220;Vide\u0107i pratilac&#8221;. Obuka je realizovana&#8230;<\/p>\n<div class=\"more-link-wrapper\"><a class=\"more-link\" href=\"https:\/\/ss-cg.org\/?p=4246\">Op\u0161irnije<span class=\"screen-reader-text\">SAOP\u0160TENJE &#8211; OBUKA ZA PREDSTAVNIKE LOKALNIH ORGANIZACIJA<\/span><\/a><\/div>\n","protected":false},"author":3,"featured_media":4249,"comment_status":"open","ping_status":"open","sticky":false,"template":"","format":"standard","meta":{"footnotes":""},"categories":[1],"tags":[],"class_list":["post-4246","post","type-post","status-publish","format-standard","has-post-thumbnail","hentry","category-uncategorized","ratio-2-1","entry"],"_links":{"self":[{"href":"https:\/\/ss-cg.org\/index.php?rest_route=\/wp\/v2\/posts\/4246","targetHints":{"allow":["GET"]}}],"collection":[{"href":"https:\/\/ss-cg.org\/index.php?rest_route=\/wp\/v2\/posts"}],"about":[{"href":"https:\/\/ss-cg.org\/index.php?rest_route=\/wp\/v2\/types\/post"}],"author":[{"embeddable":true,"href":"https:\/\/ss-cg.org\/index.php?rest_route=\/wp\/v2\/users\/3"}],"replies":[{"embeddable":true,"href":"https:\/\/ss-cg.org\/index.php?rest_route=%2Fwp%2Fv2%2Fcomments&post=4246"}],"version-history":[{"count":2,"href":"https:\/\/ss-cg.org\/index.php?rest_route=\/wp\/v2\/posts\/4246\/revisions"}],"predecessor-version":[{"id":4255,"href":"https:\/\/ss-cg.org\/index.php?rest_route=\/wp\/v2\/posts\/4246\/revisions\/4255"}],"wp:featuredmedia":[{"embeddable":true,"href":"https:\/\/ss-cg.org\/index.php?rest_route=\/wp\/v2\/media\/4249"}],"wp:attachment":[{"href":"https:\/\/ss-cg.org\/index.php?rest_route=%2Fwp%2Fv2%2Fmedia&parent=4246"}],"wp:term":[{"taxonomy":"category","embeddable":true,"href":"https:\/\/ss-cg.org\/index.php?rest_route=%2Fwp%2Fv2%2Fcategories&post=4246"},{"taxonomy":"post_tag","embeddable":true,"href":"https:\/\/ss-cg.org\/index.php?rest_route=%2Fwp%2Fv2%2Ftags&post=4246"}],"curies":[{"name":"wp","href":"https:\/\/api.w.org\/{rel}","templated":true}]}}