{"id":4242,"date":"2023-05-16T09:56:45","date_gmt":"2023-05-16T09:56:45","guid":{"rendered":"https:\/\/ss-cg.org\/?p=4242"},"modified":"2023-05-16T09:56:45","modified_gmt":"2023-05-16T09:56:45","slug":"drzavna-izborna-komisija-sa-misijom-oebs-a-u-crnoj-gori-organizovala-trening-za-opstinske-izborne-komisije","status":"publish","type":"post","link":"https:\/\/ss-cg.org\/?p=4242","title":{"rendered":"Dr\u017eavna izborna komisija sa Misijom OEBS-a u Crnoj Gori organizovala trening za op\u0161tinske izborne komisije"},"content":{"rendered":"<p>Nadovezuju\u0107i se na obuku odr\u017eanu u martu, Dr\u017eavna izborna komisija je, zajedno sa Misijom OEBS-a u Crnoj Gori, organizovala radionicu za op\u0161tinske izborne komisije na temu kako da pripreme \u010dlanove bira\u010dkih odbora za parlamentarne izbore 11. juna.<\/p>\n<p>Du\u017enosti i odgovornosti \u010dlanova bira\u010dkih odbora, priprema izbornog materijala, procedure glasanja i brojanja glasa\u010dkih listic\u0301a \u2013 bile su neke od tema o kojima se razgovaralo sa predstavnicima op\u0161tinskih izbornih komisija, koji c\u0301e dalje obu\u010davati \u010dlanove bira\u010dkih odbora \u0161irom zemlje.<\/p>\n<p>Vr\u0161ilac du\u017enosti programskog menad\u017eera za demokratizaciju u Misiji Darko Brajovic\u0301 kazao je da \u010dlanovi bira\u010dkih odbora imaju centralnu ulogu u administraciji izbora. \u201eNjihova uloga je da obezbijede da bira\u010di mogu da glasaju u tajnosti, bez uticaja i u mirnoj atmosferi, izgra\u0111ujuc\u0301i povjerenje javnosti u izborni proces\u201c, rekao je Brajovic\u0301. On je ukazao na Priru\u010dnik za bira\u010dke odbore Dr\u017eavne izborne komisije kao na koristan alat za sve \u010dlanove bira\u010dkih odbora.<\/p>\n<p>Predstavnica Dr\u017eavne izborne komisije Elisa Nurkovi\u0107 dodala je da bi ova obuka trebalo da osigura da \u0107e bira\u010dki odbori biti edukovani i profesionalno odraditi posao na dan izbora. \u201eNaravno, zahvalnost Misiji OEBS- a u Crnoj Gori i Savezu slijepih na kontinuiranoj podr\u0161ci i dobroj saradnji na unapre\u0111enju izbornog procesa i pristupa\u010dnosti bira\u010dkih mjesta osobama sa invaliditetom\u201c, kazala je Nurkovi\u0107.<\/p>\n<p>Kao go\u0161c\u0301a radionice, Katarina Bigovic\u0301-Kulic\u0301 iz Saveza slijepih upoznala je prisutne sa standardima u glasanju za osobe sa invaliditetom i ukazala na neke od naj\u010de\u0161c\u0301ih problema koji se de\u0161avaju na dan izbora.<\/p>\n<p>Misija OEBS-a u Crnoj Gori radi zajedno sa Dr\u017eavnom izbornom komisijom i op\u0161tinskim izbornim komisijama vi\u0161e od \u0161est godina i nastavic\u0301e da podr\u017eava njihov rad u skladu sa obavezama i principima OEBS-a.<\/p>\n<p><em>* Ova aktivnost je dio projekta Misije OEBS-a sa Dr\u017eavnom izbornom komisijom i nije povezana sa trenutnim aktivnostima posmatranja izbora koje sprovodi ODIHR.<\/em><\/p>\n<p>Izvor: Misija OEBS U CG<\/p>\n","protected":false},"excerpt":{"rendered":"<p>Nadovezuju\u0107i se na obuku odr\u017eanu u martu, Dr\u017eavna izborna komisija je, zajedno sa Misijom OEBS-a u Crnoj Gori, organizovala radionicu za op\u0161tinske izborne komisije na&#8230;<\/p>\n<div class=\"more-link-wrapper\"><a class=\"more-link\" href=\"https:\/\/ss-cg.org\/?p=4242\">Op\u0161irnije<span class=\"screen-reader-text\">Dr\u017eavna izborna komisija sa Misijom OEBS-a u Crnoj Gori organizovala trening za op\u0161tinske izborne komisije<\/span><\/a><\/div>\n","protected":false},"author":3,"featured_media":4243,"comment_status":"open","ping_status":"open","sticky":false,"template":"","format":"standard","meta":{"footnotes":""},"categories":[1],"tags":[],"class_list":["post-4242","post","type-post","status-publish","format-standard","has-post-thumbnail","hentry","category-uncategorized","ratio-2-1","entry"],"_links":{"self":[{"href":"https:\/\/ss-cg.org\/index.php?rest_route=\/wp\/v2\/posts\/4242","targetHints":{"allow":["GET"]}}],"collection":[{"href":"https:\/\/ss-cg.org\/index.php?rest_route=\/wp\/v2\/posts"}],"about":[{"href":"https:\/\/ss-cg.org\/index.php?rest_route=\/wp\/v2\/types\/post"}],"author":[{"embeddable":true,"href":"https:\/\/ss-cg.org\/index.php?rest_route=\/wp\/v2\/users\/3"}],"replies":[{"embeddable":true,"href":"https:\/\/ss-cg.org\/index.php?rest_route=%2Fwp%2Fv2%2Fcomments&post=4242"}],"version-history":[{"count":1,"href":"https:\/\/ss-cg.org\/index.php?rest_route=\/wp\/v2\/posts\/4242\/revisions"}],"predecessor-version":[{"id":4244,"href":"https:\/\/ss-cg.org\/index.php?rest_route=\/wp\/v2\/posts\/4242\/revisions\/4244"}],"wp:featuredmedia":[{"embeddable":true,"href":"https:\/\/ss-cg.org\/index.php?rest_route=\/wp\/v2\/media\/4243"}],"wp:attachment":[{"href":"https:\/\/ss-cg.org\/index.php?rest_route=%2Fwp%2Fv2%2Fmedia&parent=4242"}],"wp:term":[{"taxonomy":"category","embeddable":true,"href":"https:\/\/ss-cg.org\/index.php?rest_route=%2Fwp%2Fv2%2Fcategories&post=4242"},{"taxonomy":"post_tag","embeddable":true,"href":"https:\/\/ss-cg.org\/index.php?rest_route=%2Fwp%2Fv2%2Ftags&post=4242"}],"curies":[{"name":"wp","href":"https:\/\/api.w.org\/{rel}","templated":true}]}}