{"id":4232,"date":"2023-05-15T06:54:36","date_gmt":"2023-05-15T06:54:36","guid":{"rendered":"https:\/\/ss-cg.org\/?p=4232"},"modified":"2023-05-15T06:54:36","modified_gmt":"2023-05-15T06:54:36","slug":"makar-i-samo-sto-popricam-sa-nekim-znaci-mi","status":"publish","type":"post","link":"https:\/\/ss-cg.org\/?p=4232","title":{"rendered":"MAKAR I SAMO \u0160TO POPRI\u010cAM SA NEKIM ZNA\u010cI MI"},"content":{"rendered":"<p>&nbsp;<\/p>\n<p><strong>\u00a0<\/strong>Servis \u201eVide\u0107i\/a pratilac\/teljka\u201c sprovodi Savez slijepih Crne Gore aktivno od februara mjeseca u vi\u0161e gradova u Crnoj Gori. Trenutno uslugu koristi vi\u0161e od 80 osoba o\u0161te\u0107enog vida, bez obzira na bilo koje svojstvo.<\/p>\n<p>Uslugu koriste i mladi i stariji, \u0161kolarci i penzioneri, zaposleni, sportisti.<\/p>\n<p>Danas vam prenosimo iskustva i impresije \u017eene o\u0161te\u0107enog vida koja koristi uslugu Vide\u0107eg\/e pratioca\/teljke od samog po\u010detka.<\/p>\n<p>\u201eUslugu koristim vi\u0161e puta sedmi\u010dno, minimum dva puta. Na mjese\u010dnom nivou to bude dosta, nekad i vi\u0161e od 10 puta. Pa meni je ova usluga potrebna skoro <strong>za sve aktivnosti<\/strong>, jer <strong>ne optere\u0107ujem vi\u0161e nikoga od porodice.<\/strong> Najvi\u0161e mi zna\u010di da odem do doktora i na masa\u017eu, ali idem redovno i u prodavnicu, da podignem penziju i sli\u010dno. \u201e<\/p>\n<p>Korisnica navodi da se sve realizuje po ustaljenom rasporedu. Stru\u010dna radnica je pozove petkom, dogovore aktivnosti, i kako navodi do sada nije bilo problema.<\/p>\n<p>\u201eMi imamo dogovor da me zove petkom i svaki put do sad me je zvala. Uvijek lijepo popri\u010damo, pita kako sam, pa se lijepo dogovaramo i za aktivnosti. Naj\u010de\u0161\u0107e je to da odem na masa\u017eu, ali sve \u0161to mi treba ja joj ka\u017eem, pa ako nekad ne\u0161to otka\u017eem ili me bole le\u0111a pa ne mogu da odem, ja nazovem i pomjerimo te aktivnosti.\u201c<\/p>\n<p>Sa Vide\u0107im\/om pratiocem\/teljkom na terenu korisnica ima lijep odnos. Isti\u010de da je sve na profesionalnom nivou.<\/p>\n<p>\u201eSve \u0161to treba zajedno zavr\u0161avamo. Mada ja i ne dam da ide bez mene, meni ove \u0161etnje prijaju i obavezno idem i ja.\u201c<\/p>\n<p>Korisnica nagla\u0161ava va\u017enost usluge rije\u010dima: \u201eNisam imala asistenta, osim nekad kad idem na ljetovanje. Ali obi\u010dno su to prijatelji i porodica, nikad neko sa strane. Ovo je ne\u0161to najbolje \u0161to je Savez do sad napravio. Stvarno nam svima ovaj servis mnogo zna\u010di, jer sad ne moramo da <strong>zavisimo od podr\u0161ke drugih<\/strong>. Ja \u017eivim sa \u0107erkom, ali ona ima svoju djecu i ne mogu jo\u0161 i ja da je optere\u0107ujem. Ovako sve svoje obaveze zavr\u0161avam i lijepo se osje\u0107am. Makar i samo \u0161to popri\u010dam sa nekim zna\u010di mi, a ne sve ovo ostalo \u0161to zavr\u0161avam. \u201e<\/p>\n<p>Intervju je kreiran u okviru projekta: &#8220;Jednako\u0161\u0107u do dostojanstvenog \u017eivota OSI u Crnoj Gori\u201c, koji sprovodi Savez slijepih Crne Gore u partnerstvu sa Udru\u017eenjem za podr\u0161ku osobama sa invaliditetom Bijelo Polje, a finansira Evropska unija kroz podr\u0161ku za civilno dru\u0161tvo (CSF) i Ministarstvo javne uprave, digitalnog dru\u0161tva i medija Crne Gore.<\/p>\n<p>&nbsp;<\/p>\n","protected":false},"excerpt":{"rendered":"<p>&nbsp; \u00a0Servis \u201eVide\u0107i\/a pratilac\/teljka\u201c sprovodi Savez slijepih Crne Gore aktivno od februara mjeseca u vi\u0161e gradova u Crnoj Gori. Trenutno uslugu koristi vi\u0161e od 80&#8230;<\/p>\n<div class=\"more-link-wrapper\"><a class=\"more-link\" href=\"https:\/\/ss-cg.org\/?p=4232\">Op\u0161irnije<span class=\"screen-reader-text\">MAKAR I SAMO \u0160TO POPRI\u010cAM SA NEKIM ZNA\u010cI MI<\/span><\/a><\/div>\n","protected":false},"author":3,"featured_media":3599,"comment_status":"open","ping_status":"open","sticky":false,"template":"","format":"standard","meta":{"footnotes":""},"categories":[1],"tags":[],"class_list":["post-4232","post","type-post","status-publish","format-standard","has-post-thumbnail","hentry","category-uncategorized","ratio-2-1","entry"],"_links":{"self":[{"href":"https:\/\/ss-cg.org\/index.php?rest_route=\/wp\/v2\/posts\/4232","targetHints":{"allow":["GET"]}}],"collection":[{"href":"https:\/\/ss-cg.org\/index.php?rest_route=\/wp\/v2\/posts"}],"about":[{"href":"https:\/\/ss-cg.org\/index.php?rest_route=\/wp\/v2\/types\/post"}],"author":[{"embeddable":true,"href":"https:\/\/ss-cg.org\/index.php?rest_route=\/wp\/v2\/users\/3"}],"replies":[{"embeddable":true,"href":"https:\/\/ss-cg.org\/index.php?rest_route=%2Fwp%2Fv2%2Fcomments&post=4232"}],"version-history":[{"count":1,"href":"https:\/\/ss-cg.org\/index.php?rest_route=\/wp\/v2\/posts\/4232\/revisions"}],"predecessor-version":[{"id":4233,"href":"https:\/\/ss-cg.org\/index.php?rest_route=\/wp\/v2\/posts\/4232\/revisions\/4233"}],"wp:featuredmedia":[{"embeddable":true,"href":"https:\/\/ss-cg.org\/index.php?rest_route=\/wp\/v2\/media\/3599"}],"wp:attachment":[{"href":"https:\/\/ss-cg.org\/index.php?rest_route=%2Fwp%2Fv2%2Fmedia&parent=4232"}],"wp:term":[{"taxonomy":"category","embeddable":true,"href":"https:\/\/ss-cg.org\/index.php?rest_route=%2Fwp%2Fv2%2Fcategories&post=4232"},{"taxonomy":"post_tag","embeddable":true,"href":"https:\/\/ss-cg.org\/index.php?rest_route=%2Fwp%2Fv2%2Ftags&post=4232"}],"curies":[{"name":"wp","href":"https:\/\/api.w.org\/{rel}","templated":true}]}}