{"id":4225,"date":"2023-05-10T12:17:08","date_gmt":"2023-05-10T12:17:08","guid":{"rendered":"https:\/\/ss-cg.org\/?p=4225"},"modified":"2023-05-11T10:42:19","modified_gmt":"2023-05-11T10:42:19","slug":"rodna-ravnopravnost-nedovoljno-zastupljena-na-lokalnom-nivou","status":"publish","type":"post","link":"https:\/\/ss-cg.org\/?p=4225","title":{"rendered":"RODNA RAVNOPRAVNOST NEDOVOLJNO ZASTUPLJENA NA LOKALNOM NIVOU"},"content":{"rendered":"<p class=\"yiv3884603115MsoNormal\"><b><span class=\"yiv3884603115ContentPasted0\" lang=\"SR-LATN-ME\">Rodna ravnopravnost nedovoljno zastupljena na lokalnom nivou<\/span><\/b><\/p>\n<p class=\"yiv3884603115MsoNormal\"><b>\u00a0<\/b><b class=\"yiv3884603115ContentPasted0\">Podgorica, PR pres servi<\/b><b><span class=\"yiv3884603115ContentPasted0\" lang=\"SR-LATN-ME\">s &#8211;\u00a0<\/span><\/b><span class=\"yiv3884603115ContentPasted0\" lang=\"SR-LATN-ME\">Sve lokalne samouprave su u obavezi da imenuju osobu zadu\u017eenu za rodnu ravnopravnost, implementiraju lokalne akcije i rodno odgovorno bud\u017eetiraju, poru\u010deno je na konferenciji\u00a0<b class=\"yiv3884603115ContentPasted0\">Saveza slijepih Crne Gore.<\/b><\/span><\/p>\n<p class=\"yiv3884603115MsoNormal\"><b><span lang=\"SR-LATN-ME\">\u00a0<\/span><\/b><b><span class=\"yiv3884603115ContentPasted0\" lang=\"SR-LATN-ME\">Pomo\u0107nica direktora Saveza slijepih,<\/span><\/b><span class=\"yiv3884603115ContentPasted0\" lang=\"SR-LATN-ME\">\u00a0Katarina Bigovi\u0107 Kuli\u0107, kazala je da su sproveli monitoring<span class=\"yiv3884603115ContentPasted0\">\u00a0\u00a0<\/span>tokom prva \u010detiri mjeseca ove godine, u ukupno 25 lokalnih samouprava, koje su kroz tri konkretna pitanja odgovorila kako sagledavaju i implementiraju pitanje rodne politike.<\/span><\/p>\n<p class=\"yiv3884603115MsoNormal\"><span lang=\"SR-LATN-ME\">\u00a0<\/span><span class=\"yiv3884603115ContentPasted0\" lang=\"SR-LATN-ME\">\u201cNa pitanje da li lokalne samouprave imaju predvi\u0111enu poziciju\/imenovanu osobu za rodnu ravnopravnost i da li je osoba isklju\u010divo zadu\u017eena za rodnu ravnopravnost ili je zadu\u017eena za vi\u0161e oblasti, 20 odsto je odgovorilo da ima, 60 odsto da ima i da je zadu\u017eena za vi\u0161e oblasti, 12 odsto da nema, dok je osam odsto bez podataka\u201d, navela je Bigovi\u0107 Kuli\u0107 predstavljaju\u0107i rezultate\u00a0<b class=\"yiv3884603115ContentPasted0\">istra\u017eivanja.<\/b><\/span><\/p>\n<p class=\"yiv3884603115MsoNormal\"><span lang=\"SR-LATN-ME\">\u00a0<\/span><span class=\"yiv3884603115ContentPasted0\" lang=\"SR-LATN-ME\">Prema njenim rije\u010dima,<span class=\"yiv3884603115ContentPasted0\">\u00a0\u00a0<\/span>u nekim lokalnim samoupravama napominju da se ovim poslovima bave \u201epo potrebi\u201c, a u jednoj jo\u0161 uvijek nemaju osobu koja mijenja koleginicu koja je na porodiljskom bolovanju od februara.<\/span><\/p>\n<p class=\"yiv3884603115MsoNormal\"><span lang=\"SR-LATN-ME\">\u00a0<\/span><span class=\"yiv3884603115ContentPasted0\" lang=\"SR-LATN-ME\">Bigovi\u0107 Kuli\u0107 je istakla da su poslovi na kojima su imenovani za rodnu ravnopravnost naj\u010de\u0161\u0107e raspore\u0111eni i za oblasti: unapre\u0111enje polo\u017eaja LGBTIQ osoba, socijalna i dje\u010dja za\u0161tita, kultura i primarna zdravstvena za\u0161tita, informacioni sistem, sekretari.<\/span><\/p>\n<p class=\"yiv3884603115MsoNormal\"><span lang=\"SR-LATN-ME\">\u00a0<\/span><span class=\"yiv3884603115ContentPasted0\" lang=\"SR-LATN-ME\">\u201cNa pitanje da li su principi rodne ravnopravnosti uklju\u010deni u kreiranje i implementiranje aktivnosti, mjera, strate\u0161kih ciljeva, 44 odsto lokalnih samouprava odgovorilo je da jesu, 16 odsto nijesu, 32 odsto je u fazi izrade podataka, dok 44 odsto nema podataka\u201d, rekla je Bigovi\u0107 Kuli\u0107.<\/span><\/p>\n<p class=\"yiv3884603115MsoNormal\"><span lang=\"SR-LATN-ME\">\u00a0<\/span><span class=\"yiv3884603115ContentPasted0\" lang=\"SR-LATN-ME\">Ona je kazala i da je na pitanje da li kreiraju bud\u017eet u skladu sa principima rodno odgovornog bud\u017eetiranja, 16 odsto je odgovorilo da ima kreiran bud\u017eet, 20 odsto nema podataka, 24 odsto nemaju kreiran bud\u017eet, 28 nema kreiran bud\u017eet u skladu da rodno odgovornim bud\u017eetiranjem.<\/span><\/p>\n<p class=\"yiv3884603115MsoNormal\"><span lang=\"SR-LATN-ME\">\u00a0<\/span><span class=\"yiv3884603115ContentPasted0\" lang=\"SR-LATN-ME\">Bigovi\u0107 Kuli\u0107 je kazala i da su neki od komentara uz odgovor na pitanje bili da bud\u017eet implementiraju u granicama mogu\u0107eg, te\u017ee ka tome da u budu\u0107em periodu kreiraju bud\u017eet i sli\u010dno.<\/span><\/p>\n<p class=\"yiv3884603115MsoNormal\"><span lang=\"SR-LATN-ME\">\u00a0<\/span><span class=\"yiv3884603115ContentPasted0\" lang=\"SR-LATN-ME\">\u201cRodno odgovorno bu\u017eetiranje nije za\u017eivjelo u lokalnim samoupravama, ali ni na dr\u017eavnom nivou jo\u0161 uvijek nemamo rodno odgovorni bud\u017eet koji bi poslu\u017eio lokalnim samoupravama\u201d, istakla je Bigovi\u0107 Kuli\u0107.<\/span><\/p>\n<p class=\"yiv3884603115MsoNormal\"><span lang=\"SR-LATN-ME\">\u00a0<\/span><span class=\"yiv3884603115ContentPasted0\" lang=\"SR-LATN-ME\">U toku\u00a0<b class=\"yiv3884603115ContentPasted0\">diskusije<\/b><span class=\"yiv3884603115ContentPasted0\">\u00a0\u00a0<\/span><i class=\"yiv3884603115ContentPasted0\">\u201cRodna ravnopravnost na nivou lokalnih samouprava\u201d\u00a0<\/i>poru\u010deno je da je vrlo va\u017eno postaviti pravilno principe rodne ravnopravnosti i da je neophodno razumjeti \u0161ta oni zna\u010de kako bi se mogli pravilno implementirati.<\/span><\/p>\n<p class=\"yiv3884603115MsoNormal\"><span lang=\"SR-LATN-ME\">\u00a0<\/span><span class=\"yiv3884603115ContentPasted0\" lang=\"SR-LATN-ME\">Tako\u0111e, u\u010desnici u diskusiji su saglasni da postoje stereotipi da bi se o pitanjima rodne ravnopravnosti trebalo baviti isklju\u010divo \u017eene i da vrlo mali broj mu\u0161karaca govori na ovu temu.<\/span><\/p>\n<p class=\"yiv3884603115MsoNormal\"><span lang=\"SR-LATN-ME\">\u00a0<\/span><span class=\"yiv3884603115ContentPasted0\" lang=\"SR-LATN-ME\">Poru\u010duju da r<\/span>odna ravnopravnost mora biti zastupljena u svim politikama, koje osim nacionalnih, uklju\u010duju i lokalne<span class=\"yiv3884603115ContentPasted0\" lang=\"SR-LATN-ME\">, kao i da\u00a0<\/span>principi rodne ravnopravnosti nijesu uvijek dio aktivnosti, mjera, ciljeva, strate\u0161kih dokumenata, a naj\u010de\u0161\u0107e se o pitanjima \u017eena s invaliditetom akcioni planovi ne bave.<\/p>\n<p class=\"yiv3884603115MsoNormal yiv3884603115ContentPasted0\"><span class=\"yiv3884603115ContentPasted0\" lang=\"SR-LATN-ME\">\u201c<\/span>Rodna ravnopravnost je na jako niskom nivou, neadekvatno se primjenjuju postoje\u0107i standardi, a nedovoljno je zastupljeno u\u010de\u0161\u0107e svih aktera<span class=\"yiv3884603115ContentPasted0\" lang=\"SR-LATN-ME\">\u201d, istaknuto je u toku diskusije.<\/span><\/p>\n<p class=\"yiv3884603115MsoNormal\"><span lang=\"SR-LATN-ME\">\u00a0<\/span><b><span class=\"yiv3884603115ContentPasted0\" lang=\"SR-LATN-ME\">Savez slijepih Crne Gore<\/span><\/b><span class=\"yiv3884603115ContentPasted0\" lang=\"SR-LATN-ME\">\u00a0sprovodi projekat \u201e\u017denske akcije za dru\u0161tvene reakcije\u201c uz podr\u0161ku Ministarstva ljudskih i manjinskih prava.<span class=\"yiv3884603115ContentPasted0\">\u00a0\u00a0<\/span><\/span>Osnovni cilj projekta je smanjenje stepena rodne diskriminacije i rodno zasnovanog nasilja\u00a0<span class=\"yiv3884603115ContentPasted0\" lang=\"SR-LATN-ME\">\u017eena<\/span>\u00a0o\u0161te\u0107enog vida u Crnoj Gori<span class=\"yiv3884603115ContentPasted0\" lang=\"SR-LATN-ME\">.<\/span><\/p>\n<p>Na slede\u0107em linku mo\u017eete preuzeti dokument MONITORING RADA LOKALNIH SAMOUPRAVA U ODNOSU NA RODNU RAVNOPRAVNOST &#8211;\u00a0<a href=\"https:\/\/ss-cg.org\/wp-content\/uploads\/2023\/05\/Rodna-ravnopravnost-monitoring-10.maj-2023.docx\">Rodna ravnopravnost, monitoring, 10.maj 2023.<\/a><\/p>\n","protected":false},"excerpt":{"rendered":"<p>Rodna ravnopravnost nedovoljno zastupljena na lokalnom nivou \u00a0Podgorica, PR pres servis &#8211;\u00a0Sve lokalne samouprave su u obavezi da imenuju osobu zadu\u017eenu za rodnu ravnopravnost, implementiraju&#8230;<\/p>\n<div class=\"more-link-wrapper\"><a class=\"more-link\" href=\"https:\/\/ss-cg.org\/?p=4225\">Op\u0161irnije<span class=\"screen-reader-text\">RODNA RAVNOPRAVNOST NEDOVOLJNO ZASTUPLJENA NA LOKALNOM NIVOU<\/span><\/a><\/div>\n","protected":false},"author":3,"featured_media":4226,"comment_status":"open","ping_status":"open","sticky":false,"template":"","format":"standard","meta":{"footnotes":""},"categories":[1],"tags":[],"class_list":["post-4225","post","type-post","status-publish","format-standard","has-post-thumbnail","hentry","category-uncategorized","ratio-2-1","entry"],"_links":{"self":[{"href":"https:\/\/ss-cg.org\/index.php?rest_route=\/wp\/v2\/posts\/4225","targetHints":{"allow":["GET"]}}],"collection":[{"href":"https:\/\/ss-cg.org\/index.php?rest_route=\/wp\/v2\/posts"}],"about":[{"href":"https:\/\/ss-cg.org\/index.php?rest_route=\/wp\/v2\/types\/post"}],"author":[{"embeddable":true,"href":"https:\/\/ss-cg.org\/index.php?rest_route=\/wp\/v2\/users\/3"}],"replies":[{"embeddable":true,"href":"https:\/\/ss-cg.org\/index.php?rest_route=%2Fwp%2Fv2%2Fcomments&post=4225"}],"version-history":[{"count":4,"href":"https:\/\/ss-cg.org\/index.php?rest_route=\/wp\/v2\/posts\/4225\/revisions"}],"predecessor-version":[{"id":4231,"href":"https:\/\/ss-cg.org\/index.php?rest_route=\/wp\/v2\/posts\/4225\/revisions\/4231"}],"wp:featuredmedia":[{"embeddable":true,"href":"https:\/\/ss-cg.org\/index.php?rest_route=\/wp\/v2\/media\/4226"}],"wp:attachment":[{"href":"https:\/\/ss-cg.org\/index.php?rest_route=%2Fwp%2Fv2%2Fmedia&parent=4225"}],"wp:term":[{"taxonomy":"category","embeddable":true,"href":"https:\/\/ss-cg.org\/index.php?rest_route=%2Fwp%2Fv2%2Fcategories&post=4225"},{"taxonomy":"post_tag","embeddable":true,"href":"https:\/\/ss-cg.org\/index.php?rest_route=%2Fwp%2Fv2%2Ftags&post=4225"}],"curies":[{"name":"wp","href":"https:\/\/api.w.org\/{rel}","templated":true}]}}