{"id":4180,"date":"2023-05-05T11:26:57","date_gmt":"2023-05-05T11:26:57","guid":{"rendered":"https:\/\/ss-cg.org\/?p=4180"},"modified":"2023-05-09T11:29:31","modified_gmt":"2023-05-09T11:29:31","slug":"odrzana-radionica-o-nasilju-nad-zenama-ostecenog-vida","status":"publish","type":"post","link":"https:\/\/ss-cg.org\/?p=4180","title":{"rendered":"ODR\u017dANA RADIONICA O NASILJU NAD \u017dENAMA O\u0160TE\u0106ENOG VIDA"},"content":{"rendered":"<div class=\"yiv9963634335yahoo-signature\">\u2705 ODR\u017dANA RADIONICA O NASILJU NAD \u017dENAMA O\u0160TE\u0106ENOG VIDA<\/div>\n<div class=\"yiv9963634335yahoo-signature\"><\/div>\n<div class=\"yiv9963634335yahoo-signature\">\ud83d\udce2 Danas, 05. 05. odr\u017eana je jednodnevna radionica o nasilju nad \u017eenama o\u0161te\u0107enog vida u prostorijama Saveza slijepih Crne Gore, koju je vodila pomo\u0107nica direktora Katarina Bigovi\u0107 Kuli\u0107.<\/div>\n<div class=\"yiv9963634335yahoo-signature\"><\/div>\n<div class=\"yiv9963634335yahoo-signature\">\ud83e\uddaf Ova aktivnost realizovana je u cilju predstavljanja oblika nasilja, upoznavanja sa mehanizmima za\u0161tite od istog, ja\u010danja za\u0161tite od rodne diskriminacije kod \u017eena o\u0161te\u0107enog vida, smanjenja stepena rodne diskriminacije, ohrabrivanja osoba o\u0161te\u0107enog vida da pokrenu postupke protiv rodne diskriminacije, pru\u017eanja primjera dobre prakse.<\/div>\n<div class=\"yiv9963634335yahoo-signature\"><\/div>\n<div class=\"yiv9963634335yahoo-signature\">\ud83e\uddd1\u200d\ud83e\uddaf Realizovana radionica dio je projekta \u201e\u017denske akcije za dru\u0161tvene reakcije\u201c koji sprovodi Savez slijepih Crne Gore uz finansijsku podr\u0161ku Ministarstva ljudskih i manjinskih prava.<\/div>\n<div><\/div>\n<div><\/div>\n<div>Tekst na engleskom mo\u017eete pro\u010ditati i preuzeti u nastavku \u2013 <a href=\"https:\/\/ss-cg.org\/wp-content\/uploads\/2023\/05\/Workshop.docx\">Workshop<\/a><\/div>\n","protected":false},"excerpt":{"rendered":"<p>\u2705 ODR\u017dANA RADIONICA O NASILJU NAD \u017dENAMA O\u0160TE\u0106ENOG VIDA \ud83d\udce2 Danas, 05. 05. odr\u017eana je jednodnevna radionica o nasilju nad \u017eenama o\u0161te\u0107enog vida u prostorijama&#8230;<\/p>\n<div class=\"more-link-wrapper\"><a class=\"more-link\" href=\"https:\/\/ss-cg.org\/?p=4180\">Op\u0161irnije<span class=\"screen-reader-text\">ODR\u017dANA RADIONICA O NASILJU NAD \u017dENAMA O\u0160TE\u0106ENOG VIDA<\/span><\/a><\/div>\n","protected":false},"author":3,"featured_media":4181,"comment_status":"open","ping_status":"open","sticky":false,"template":"","format":"standard","meta":{"footnotes":""},"categories":[1],"tags":[],"class_list":["post-4180","post","type-post","status-publish","format-standard","has-post-thumbnail","hentry","category-uncategorized","ratio-2-1","entry"],"_links":{"self":[{"href":"https:\/\/ss-cg.org\/index.php?rest_route=\/wp\/v2\/posts\/4180","targetHints":{"allow":["GET"]}}],"collection":[{"href":"https:\/\/ss-cg.org\/index.php?rest_route=\/wp\/v2\/posts"}],"about":[{"href":"https:\/\/ss-cg.org\/index.php?rest_route=\/wp\/v2\/types\/post"}],"author":[{"embeddable":true,"href":"https:\/\/ss-cg.org\/index.php?rest_route=\/wp\/v2\/users\/3"}],"replies":[{"embeddable":true,"href":"https:\/\/ss-cg.org\/index.php?rest_route=%2Fwp%2Fv2%2Fcomments&post=4180"}],"version-history":[{"count":3,"href":"https:\/\/ss-cg.org\/index.php?rest_route=\/wp\/v2\/posts\/4180\/revisions"}],"predecessor-version":[{"id":4220,"href":"https:\/\/ss-cg.org\/index.php?rest_route=\/wp\/v2\/posts\/4180\/revisions\/4220"}],"wp:featuredmedia":[{"embeddable":true,"href":"https:\/\/ss-cg.org\/index.php?rest_route=\/wp\/v2\/media\/4181"}],"wp:attachment":[{"href":"https:\/\/ss-cg.org\/index.php?rest_route=%2Fwp%2Fv2%2Fmedia&parent=4180"}],"wp:term":[{"taxonomy":"category","embeddable":true,"href":"https:\/\/ss-cg.org\/index.php?rest_route=%2Fwp%2Fv2%2Fcategories&post=4180"},{"taxonomy":"post_tag","embeddable":true,"href":"https:\/\/ss-cg.org\/index.php?rest_route=%2Fwp%2Fv2%2Ftags&post=4180"}],"curies":[{"name":"wp","href":"https:\/\/api.w.org\/{rel}","templated":true}]}}