{"id":3904,"date":"2023-02-13T12:59:22","date_gmt":"2023-02-13T12:59:22","guid":{"rendered":"https:\/\/ss-cg.org\/?p=3904"},"modified":"2023-04-19T11:11:36","modified_gmt":"2023-04-19T11:11:36","slug":"rizik-od-siromastva-ili-socijalne-iskljucenosti-za-osobe-s-invaliditetom-je-veci-284-nego-za-osobe-bez-invaliditeta-184","status":"publish","type":"post","link":"https:\/\/ss-cg.org\/?p=3904","title":{"rendered":"Rizik od siroma\u0161tva ili socijalne isklju\u010denosti za osobe s invaliditetom je ve\u0107i, 28,4 %, nego za osobe bez invaliditeta, 18,4 %"},"content":{"rendered":"<p>Strategiju o pravima osoba s invaliditetom za razdoblje 2021. \u2013 2030, u daljem tekstu Strategija, Evropska komisija je usvojila 3. marta 2021. godine, kao strategiju koja se nadogra\u0111uje na dostignu\u0107a prethodne Evropske strategije za OSI 20102020, za koju se mo\u017ee re\u0107i da je postigla zna\u010dajan napredak za stvaranje Evrope bez barijera i osna\u017eivanje OSI, a sve u cilju da bi ove osobe mogle da u\u017eivaju prava koja im pripadaju i da u potpunosti u\u010destvuju u dru\u0161tvu.<br \/>\nCilj ove strategije je da u narednom periodu, obezbijedi da sve osobe s invaliditetom u Evropi, bez obzira na pol, rasu ili etni\u010dku pripadnost i porijeklo, vjeru ili uvjerenje, godine ili seksualnu orijentaciju, u\u017eivaju svoja ljudska prava, imaju jednake mogu\u0107nosti i jednak pristup u\u010de\u0161\u0107u u dru\u0161tvu, kao i privredi, da mogu da odlu\u010duju gdje, kako i sa kim \u017eele da \u017eive, da budu u mogu\u0107nosti da se slobodno kre\u0107u na podru\u010dju Evropske unije, bez obzira na potrebe za podr\u0161kom, te da vi\u0161e nijesu izlo\u017eene diskriminaciji. Uprkos napretku postignutom u posljednjoj deceniji, OSI se i dalje svakodnevno suo\u010davaju sa zna\u010dajnim preprekama i izlo\u017eene su ve\u0107em riziku od siroma\u0161tva i socijalne isklju\u010denosti. Statisti\u010dki podaci prikazani u sadr\u017eaju nove Strategije ukazuju i dokazuju da u dr\u017eavama \u010dlanicama Evropske unije postoji zna\u010dajna razlika u ostvarivanju prava izme\u0111u osoba s i bez invaliditeta, te su OSI izlo\u017eenije ve\u0107em riziku od siroma\u0161tva. I pored mnogobrojnih akcija i mjera, OSI se i dalje nalaze u visoko rizi\u010dnim kategorijama stanovni\u0161tva. Naime, prema EU podacima, rizik od siroma\u0161tva ili socijalne isklju\u010denosti za osobe s invaliditetom je ve\u0107i (28,4 %) nego za osobe bez invaliditeta (18,4 %). Vi\u0161e od polovine OSI izjavilo je da je 2019. bilo izlo\u017eeno diskriminaciji. Tako\u0111e, EU je prepoznala negativan uticaj pandemije KOVID-19 na ove osobe i u skladu s tim preduzela odre\u0111ene mjere, kako bi prevenirala ili umanjila posljedice COVID-a 19 u odnosu na OSI. To se prije svega odnosi na pove\u0107an broj zara\u017eenih OSI koji se nalazi u ustanovama, a s druge strane, restriktivan broj li\u010dnih usluga smanjio je kvalitet, a negdje doveo u pitanje mogu\u0107nost samostalnog \u017eivota za mnoge OSI. Me\u0111utim, utisak je da su navedene mjere, a samim tim i rezultati istih, mnogo zna\u010dajniji u dr\u017eavama \u010dlanicama EU u odnosu na dr\u017eave van nje, a da posljedice pandemije i drugih globalnih de\u0161avanja koja nijesu ni mogla biti predmet ove Strategije, imaju ogroman negativan uticaj na \u017eivot OSI. S druge strane, ostaje nada i te\u017enja OSI da \u0107e ovom Strategijom zna\u010dajno unaprijediti polo\u017eaj OSI, kako u dr\u017eavama \u010dlanicama EU, tako i van nje. Strategijom je prepoznato da samostalan \u017eivot, kvalitetne socijalne usluge i usluge zapo\u0161ljavanja, pristupa\u010dno i uklju\u010divo stanovanje, u\u010destvovanje u cjelo\u017eivotnom u\u010denju, odgovaraju\u0107a socijalna za\u0161tita i sna\u017enija socijalna ekonomija nu\u017eni su za dostojan \u017eivot svih osoba s invaliditetom. Ne mo\u017eemo re\u0107i da mnoge OSI imaju dostojan i kvalitetan \u017eivot, kao i da \u017eive u skladu s principima samostalnog \u017eivota.<br \/>\nIako Konvencija stavlja naglasak na deinstitucionalizaciju, podaci EU govore da se vi\u0161e od milion djece i odraslih s invaliditetom koji su mla\u0111i od 65 godina i vi\u0161e od 2 miliona starijih od 65 godina, nalaze u ustanovama. Kada je u pitanju zaposlenost, 50,8 % je zaposlenih OSI u odnosu na 75% osoba bez invaliditeta.<br \/>\nNa samostalan \u017eivot i uklju\u010denost u zajednicu, jednako pravo imaju i mlade i starije OSI, kao i na pravo da biraju sa kim \u0107e \u017eivjeti. Da bi se to realizovalo, potrebno je razraditi raznovrsne, kvalitetne, pristupa\u010dne i finansijski prihvatljive usluge, usmjerene na potrebe pojedinca i porodica koje se pru\u017eaju u zajednici. Tako\u0111e, redovne i inkluzivne usluge podr\u0161ke je potrebno obezbijediti i djeci s invaliditetom.<br \/>\nKao posljedicu nedovoljnog pru\u017eanja odgovaraju\u0107ih usluga u zajednici, uo\u010dljivo je da mnoge OSI, i odrasli i djeca, nemaju kontrolu nad svojim svakodnevnim \u017eivotom, posebno osobe koje \u017eive u ustanovama. To je uglavnom posljedica nedovoljnog pru\u017eanja odgovaraju\u0107ih usluga u zajednici, smje\u0161taja i tehni\u010dke pomo\u0107i.<br \/>\nOvi nedostaci su posebno izra\u017eeni na polju mentalnog zdravlja i u udaljenim i ruralnim podru\u010djima.<\/p>\n<p>Zato Komisija poziva dr\u017eave \u010dlanice da:<\/p>\n<p><em>\u2022 da primijene dobru praksu deinstitucionalizacije u podru\u010dju mentalnog zdravlja i u odnosu na sve OSI, uklju\u010duju\u0107i djecu, kako bi se olak\u0161ao prelazak iz institucionalnog zbrinjavanja na usluge za pru\u017eanje podr\u0161ke u zajednici,<\/em><\/p>\n<p><em>\u2022 promovi\u0161u i osiguraju finansiranje pristupa\u010dnog socijalnog stanovanja koje uzima u obzir pitanje invaliditeta, uklju\u010duju\u0107i starije OSI i raditi na rje\u0161avanju problema s kojima se suo\u010davaju besku\u0107nici s <\/em><em>invaliditetom.<\/em><\/p>\n<p><strong>Tekst je kreiran u okviru projekta: &#8220;Jednako\u0161\u0107u do dostojanstvenog \u017eivota OSI u Crnoj Gori\u201c, koji sprovodi Savez slijepih Crne Gore u partnerstvu sa Udru\u017eenjem za podr\u0161ku osobama sa invaliditetom Bijelo Polje, a finansira Evropska unija kroz podr\u0161ku za civilno dru\u0161tvo (CSF) i Ministarstvo javne uprave, digitalnog dru\u0161tva i medija Crne Gore.<\/strong><\/p>\n<p>Intervju na engleskom mo\u017eete pro\u010ditati i preuzeti u nastavku &#8211; <a href=\"https:\/\/ss-cg.org\/wp-content\/uploads\/2023\/02\/Rizik-od-siromastva-i-socijalne-iskljucenosti.docx\">Rizik od siroma\u0161tva i socijalne isklju\u010denosti<\/a><\/p>\n<p>S po\u0161tovanjem,<br \/>\nSAVEZ SLIJEPIH CRNE GORE<br \/>\nUl. Njego\u0161eva br.6, 81000 Podgorica<br \/>\nTel: +382 (0)20 665 368, fax: +382 (0)20 665 377<br \/>\nE mail: <a href=\"mailto:savezslijepihcg@gmail.com\">savezslijepihcg@gmail.com<\/a><br \/>\n<a href=\"http:\/\/www.ss-cg.org\/\">http:\/\/www.ss-cg.org\/<\/a> , <a href=\"http:\/\/www.zaposliosi.me\/\">http:\/\/www.zaposliosi.me\/<\/a><\/p>\n","protected":false},"excerpt":{"rendered":"<p>Strategiju o pravima osoba s invaliditetom za razdoblje 2021. \u2013 2030, u daljem tekstu Strategija, Evropska komisija je usvojila 3. marta 2021. godine, kao strategiju&#8230;<\/p>\n<div class=\"more-link-wrapper\"><a class=\"more-link\" href=\"https:\/\/ss-cg.org\/?p=3904\">Op\u0161irnije<span class=\"screen-reader-text\">Rizik od siroma\u0161tva ili socijalne isklju\u010denosti za osobe s invaliditetom je ve\u0107i, 28,4 %, nego za osobe bez invaliditeta, 18,4 %<\/span><\/a><\/div>\n","protected":false},"author":3,"featured_media":3135,"comment_status":"open","ping_status":"open","sticky":false,"template":"","format":"standard","meta":{"footnotes":""},"categories":[23],"tags":[498,120,28,1327,1328,32,1211],"class_list":["post-3904","post","type-post","status-publish","format-standard","has-post-thumbnail","hentry","category-aktuelnosti","tag-eu","tag-ministarstvo-javne-uprave","tag-osi","tag-siromastvo","tag-socijalna-iskljucenost","tag-sscg","tag-uposi-bp","ratio-2-1","entry"],"_links":{"self":[{"href":"https:\/\/ss-cg.org\/index.php?rest_route=\/wp\/v2\/posts\/3904","targetHints":{"allow":["GET"]}}],"collection":[{"href":"https:\/\/ss-cg.org\/index.php?rest_route=\/wp\/v2\/posts"}],"about":[{"href":"https:\/\/ss-cg.org\/index.php?rest_route=\/wp\/v2\/types\/post"}],"author":[{"embeddable":true,"href":"https:\/\/ss-cg.org\/index.php?rest_route=\/wp\/v2\/users\/3"}],"replies":[{"embeddable":true,"href":"https:\/\/ss-cg.org\/index.php?rest_route=%2Fwp%2Fv2%2Fcomments&post=3904"}],"version-history":[{"count":2,"href":"https:\/\/ss-cg.org\/index.php?rest_route=\/wp\/v2\/posts\/3904\/revisions"}],"predecessor-version":[{"id":4143,"href":"https:\/\/ss-cg.org\/index.php?rest_route=\/wp\/v2\/posts\/3904\/revisions\/4143"}],"wp:featuredmedia":[{"embeddable":true,"href":"https:\/\/ss-cg.org\/index.php?rest_route=\/wp\/v2\/media\/3135"}],"wp:attachment":[{"href":"https:\/\/ss-cg.org\/index.php?rest_route=%2Fwp%2Fv2%2Fmedia&parent=3904"}],"wp:term":[{"taxonomy":"category","embeddable":true,"href":"https:\/\/ss-cg.org\/index.php?rest_route=%2Fwp%2Fv2%2Fcategories&post=3904"},{"taxonomy":"post_tag","embeddable":true,"href":"https:\/\/ss-cg.org\/index.php?rest_route=%2Fwp%2Fv2%2Ftags&post=3904"}],"curies":[{"name":"wp","href":"https:\/\/api.w.org\/{rel}","templated":true}]}}