{"id":380,"date":"2020-02-27T09:05:00","date_gmt":"2020-02-27T09:05:00","guid":{"rendered":"https:\/\/ss-cg.org\/?p=380"},"modified":"2020-10-26T09:39:08","modified_gmt":"2020-10-26T09:39:08","slug":"macanovic-ministarstvo-ekonomije-da-ne-podlegne-pritiscima-trgovaca","status":"publish","type":"post","link":"https:\/\/ss-cg.org\/?p=380","title":{"rendered":"Macanovi\u0107: Ministarstvo ekonomije da ne podlegne pritiscima trgovaca"},"content":{"rendered":"\r\n<p>Savez slijepih Crne Gore danas je pozvao Ministarstvo ekonomije da ne podlegne pritiscima trgovaca i da ne mijenja Pravilnik o listi proizvoda i na\u010dinu<br \/>isticanja obavje\u0161tenja o robi na Brajevom pismu i ne kreira rje\u0161enja koja \u0107e biti diskriminatorna za osobe sa o\u0161te\u0107enim vidom.<\/p>\r\n\r\n\r\n\r\n<p>Kako je saop\u0161tio izvr\u0161ni direktor Saveza slijepih, Goran Macanovi\u0107, ta organizacija je kao i vi\u0161e puta ranije prinu\u0111ena da reaguje na neutemeljene i neargumentovane<br \/>stavove trgovaca u vezi sa obavezom obilje\u017eavanja informacija o proizvodima na Brajevom pismu.<\/p>\r\n\r\n\r\n\r\n<p>\u201cNa ju\u010dera\u0161njoj sjednici Odbora trgovine Privredne komore, predsjednik Odbora<br \/>Jovan Leki\u0107, koji permanentno vi\u0161e od \u0161est godina kr\u0161i Zakon o za\u0161titi potro\u0161a\u010da ne ispunjavaju\u0107i obaveze koje propisuje, po ko zna koji put je iznio<br \/>niz neistinitih i diskriminatornih stavova koji se odnose na primjenu Pravilnika o listi proizvoda za koje postoji obaveza obilje\u017eavanja na Brajevom pismu\u201d,<br \/>naveo je on.<\/p>\r\n\r\n\r\n\r\n<p>Istakao je da je apsolutno neta\u010dna tvrdnja da je va\u017ee\u0107i Pravilnik neprimjenljiv, nefunkcionalan i ekonomski neracionalan.<\/p>\r\n\r\n\r\n\r\n<p>\u201cOd jula 2019. godine je obilje\u017eeno oko 900.000 artikala, \u0161to govori o njegovoj primjenljivosti uprkos velikom pritisku Privredne komore prema svojim \u010dlanovima.<br \/>O funkcionalnosti je vi\u0161e nego neumjesno da govore trgovci jer o tome mogu ocjenu da daju samo oni na koje se pristupa\u010dne informacije odnose, a to su<br \/>osobe sa o\u0161te\u0107enim vidom. Kad je pak u pitanju ekonomska neracionalnost, obilje\u017eavanje informacija o proizvodima na Brajevom pismu za prethodnih sedam<br \/>mjeseci je trgovce ko\u0161talo prosje\u010dno na mjese\u010dnom nivou najvi\u0161e 30 eura i to jednog proizvo\u0111a\u010da iz regiona, a 65 odsto trgovaca je imalo prosje\u010dan tro\u0161ak<br \/>na mjese\u010dnom nivou po proizvodu manji od 10 eura\u201d, precizirao je Macanovi\u0107.<\/p>\r\n\r\n\r\n\r\n<p>On ocjenjuje da je skandalozna izjava Leki\u0107a da trgovci koji su \u010dlanovi Odbora trgovine PKCG ne\u0107e da primjenjuju Pravilnik, \u0161to ukazuje na to da su oni<br \/>iznad Zakona i da im mo\u017ee biti da javno pozivaju na kr\u0161enje propisa.<\/p>\r\n\r\n\r\n\r\n<p>\u201cOsim \u0161to je skandalozna, ova izjava zahtijeva energi\u010dnu reakciju nadle\u017enih institucija koje moraju da poka\u017eu da su svi pred Zakonom jednaki i da svi,<br \/>pa i trgovci, moraju da primjenjuju i po\u0161tuju propise bez obzira na to da li im se oni svi\u0111aju ili ne. No, da nadle\u017eni organi nijesu uvijek odlu\u010dni u ka\u017enjavanju<br \/>prekr\u0161ilaca Zakona govori i \u010dinjenica da su samo u Podgorici u prethodnoj godini podne\u0161ene prijave inspekciji za neobilje\u017eavanje 185 proizvoda, da je inspekcija<br \/>za njih 74 utvrdila nepravilnost i za 42 proizvoda najavila pokretanje prekr\u0161ajnog postupka pred nadle\u017enim sudom. Me\u0111utim, po informaciji dobijenoj iz<br \/>Suda za prekr\u0161aje u Podgorici, u prethodnoj godini nije vo\u0111en nijedan postupak zbog kr\u0161enja Zakona o za\u0161titi potro\u0161a\u010da u dijelu neobilje\u017eavanja informacija<br \/>o proizvodima na Brajevom pismu\u201d, ukazuje izvr\u0161ni direktor Saveza slijepih.<\/p>\r\n\r\n\r\n\r\n<p>Tako\u0111e, dodaje da Leki\u0107 ne prvi put diskrimini\u0161e osobe sa o\u0161te\u0107enim vidom pozivaju\u0107i i podstrekavaju\u0107i Ministarstvo ekonomije da donese Pravilnik koji<br \/>\u0107e sadr\u017eati diskriminatorne norme.<\/p>\r\n\r\n\r\n\r\n<p>\u201cNjegov predlog da se smanji broj proizvoda i da se obilje\u017eavaju samo \u0161amponi od 1 litar, te da se obaveza odnosi na objekte ve\u0107e od 3.000 kvadratnih metara,<br \/>kojih u Crnoj Gori i nema, najbolje govori o njegovoj \u201cdobroj namjeri\u201c, a Ministarstvo bi vratilo na rje\u0161enja iz prethodnog Pravilnika za koga je Za\u0161titnik<br \/>ljudskih prava i sloboda u svom mi\u0161ljenju ocijenio kao diskriminatoran i tra\u017eio da se izmijeni\u201d, smatra Macanovi\u0107.<\/p>\r\n\r\n\r\n\r\n<p>Kako ka\u017ee, uprkos tome \u0161to je Ministarstvo najavilo da \u0107e se u narednih nekoliko dana staviti van snage va\u017ee\u0107i Pravilnik, pozivaju taj resor da ne podlegne<br \/>pritisku trgovaca i da ne mijenja Pravilnik suprotno proceduri koju propisuje Uredba Vlade Crne Gore po kojoj se mora formirati radna grupa od zainteresovanih<br \/>strana, te da ne kreira rje\u0161enja koja \u0107e biti diskriminatorna za osobe sa o\u0161te\u0107enim vidom.<\/p>\r\n\r\n\r\n\r\n<p>\u201cU vezi sa tim, \u017eelimo da Ministarstvu, ali i \u0161iroj javnosti uka\u017eemo i na to da je Pravilnik o listi proizvoda, na\u010dinu isticanja i vrsti objekata u kojima<br \/>se isti\u010du obavje\u0161tenja o proizvodima na Brajevom pismu, podzakonski akt Zakona o za\u0161titi potro\u0161a\u010da, a ne o za\u0161titi trgovaca i da se pri kreiranju rje\u0161enja<br \/>u njemu mora prvenstveno voditi ra\u010duna o interesima potro\u0161a\u010da, a ne o interesima trgovaca\u201d, rekao je Macanovi\u0107.<\/p>\r\n\r\n\r\n\r\n<p>Tako\u0111e, u Zakonu o zabrani diskriminacije lica sa invaliditetom govori se o diskriminaciji u pru\u017eanju javnih i privatnih dobara i usluga, a propisana je<br \/>i obaveza dr\u017eave da donosi posebne propise i mjere koje su usmjerene na stvaranje uslova za ostvarivanje ravnopravnosti i za\u0161tite lica sa invaliditetom.<\/p>\r\n\r\n\r\n\r\n<p>Podsjetio je i da je Za\u0161titnik ljudskih prava i sloboda u mi\u0161ljenju o prethodno va\u017ee\u017e\u0107em Pravilniku ocijenio da su norme Pravilnika diskriminatorne i preporu\u010dio<br \/>Ministarstvu da izmijeni Pravilnik, pa bi prihvatanje predloga trgovaca i ponovno mijenjanje Pravilnika u skladu sa njihovim predlozima predstavljalo ponavljanje<br \/>diskriminacije prema osobama sa o\u0161te\u0107enim vidom.<\/p>\r\n\r\n\r\n\r\n<p>\u201cNa kraju \u017eelimo da vjerujemo da \u0107e Ministarstvo ekonomije, ali i drugi nadle\u017eni organi svojim postupanjem pokazati da su ljudska prava u ovom slu\u010daju<br \/>prava osoba sa o\u0161te\u0107enim vidom va\u017enija od omogu\u0107avanja jednom broju tajkuna da uve\u0107avaju svoje milionsko bogatstvo, a Savez slijepih Crne Gore \u0107e i dalje<br \/>koristiti sve zakonske mogu\u0107nosti da se bori za \u0161to dostojanstveniji i ravnopravniji \u017eivot osoba sa o\u0161te\u0107enim vidom\u201d, zaklju\u010dio je Macanovi\u0107.<\/p>\r\n\r\n\r\n\r\n<p>Izvor: cdm.com<\/p>\r\n\r\n\r\n\r\n<p>&nbsp;<\/p>\r\n","protected":false},"excerpt":{"rendered":"<p>Savez slijepih Crne Gore danas je pozvao Ministarstvo ekonomije da ne podlegne pritiscima trgovaca i da ne mijenja Pravilnik o listi proizvoda i na\u010dinuisticanja obavje\u0161tenja&#8230;<\/p>\n<div class=\"more-link-wrapper\"><a class=\"more-link\" href=\"https:\/\/ss-cg.org\/?p=380\">Op\u0161irnije<span class=\"screen-reader-text\">Macanovi\u0107: Ministarstvo ekonomije da ne podlegne pritiscima trgovaca<\/span><\/a><\/div>\n","protected":false},"author":4,"featured_media":772,"comment_status":"open","ping_status":"open","sticky":false,"template":"","format":"standard","meta":{"footnotes":""},"categories":[23],"tags":[71,45,48],"class_list":["post-380","post","type-post","status-publish","format-standard","has-post-thumbnail","hentry","category-aktuelnosti","tag-goran-macanovic","tag-ministarstvo-ekonomije","tag-savez-slijepih-crne-gore","ratio-2-1","entry"],"_links":{"self":[{"href":"https:\/\/ss-cg.org\/index.php?rest_route=\/wp\/v2\/posts\/380","targetHints":{"allow":["GET"]}}],"collection":[{"href":"https:\/\/ss-cg.org\/index.php?rest_route=\/wp\/v2\/posts"}],"about":[{"href":"https:\/\/ss-cg.org\/index.php?rest_route=\/wp\/v2\/types\/post"}],"author":[{"embeddable":true,"href":"https:\/\/ss-cg.org\/index.php?rest_route=\/wp\/v2\/users\/4"}],"replies":[{"embeddable":true,"href":"https:\/\/ss-cg.org\/index.php?rest_route=%2Fwp%2Fv2%2Fcomments&post=380"}],"version-history":[{"count":2,"href":"https:\/\/ss-cg.org\/index.php?rest_route=\/wp\/v2\/posts\/380\/revisions"}],"predecessor-version":[{"id":773,"href":"https:\/\/ss-cg.org\/index.php?rest_route=\/wp\/v2\/posts\/380\/revisions\/773"}],"wp:featuredmedia":[{"embeddable":true,"href":"https:\/\/ss-cg.org\/index.php?rest_route=\/wp\/v2\/media\/772"}],"wp:attachment":[{"href":"https:\/\/ss-cg.org\/index.php?rest_route=%2Fwp%2Fv2%2Fmedia&parent=380"}],"wp:term":[{"taxonomy":"category","embeddable":true,"href":"https:\/\/ss-cg.org\/index.php?rest_route=%2Fwp%2Fv2%2Fcategories&post=380"},{"taxonomy":"post_tag","embeddable":true,"href":"https:\/\/ss-cg.org\/index.php?rest_route=%2Fwp%2Fv2%2Ftags&post=380"}],"curies":[{"name":"wp","href":"https:\/\/api.w.org\/{rel}","templated":true}]}}