{"id":3773,"date":"2022-10-28T10:45:53","date_gmt":"2022-10-28T10:45:53","guid":{"rendered":"https:\/\/ss-cg.org\/?p=3773"},"modified":"2023-01-13T10:53:57","modified_gmt":"2023-01-13T10:53:57","slug":"lokalna-organizacija-slijepih-za-bijelo-polje-i-mojkovac-poziv-na-prezentaciju-servisa-videci-a-pratilac-teljka","status":"publish","type":"post","link":"https:\/\/ss-cg.org\/?p=3773","title":{"rendered":"LOKALNA ORGANIZACIJA SLIJEPIH ZA BIJELO POLJE I MOJKOVAC &#8211; Poziv na prezentaciju servisa \u201cVide\u0107i\/a pratilac\/teljka\u201d"},"content":{"rendered":"<p>Po\u0161tovani\/e,<\/p>\n<p>Pozivamo vas na prezentaciju servisa \u201cVide\u0107i\/a pratilac\/teljka\u201d koja \u0107e se odr\u017eati u hotelu \u201eFranca\u201c, ulica Muniba Ku\u010devi\u0107a, u \u010detvrtak 3.novembra sa po\u010detkom u 12.45 \u010dasova.<br \/>\nPrezentacija servisa \u201cVide\u0107i pratilac\u201d koji se realizuje u okviru projekta \u201eJednako\u0161\u0107u do dostojanstvenog \u017eivota OSI u Crnoj Gori\u201c, koji sprovodi Savez slijepih Crne Gore u partnerstvu sa Udru\u017eenjem za podr\u0161ku osobama sa invaliditetom Bijelo Polje, a finansira Evropska unija kroz podr\u0161ku za civilno dru\u0161tvo (CSF) i Ministarstvo javne uprave, digitalnog<br \/>\ndru\u0161tva i medija Crne Gore.<br \/>\nOsnovni cilj projekta je unapre\u0111enje polo\u017eaja osoba o\u0161te\u0107enog vida u Crnoj Gori uz stvaranje uslova za uklju\u010divanje u sve oblasti dru\u0161tva na ravnopravnoj osnovi, kroz kreiranje nove usluge \u201cVide\u0107i\/a pratilac\/teljka\u201d.<br \/>\nKreiranje ove usluge omogu\u0107ilo je da se osobe o\u0161te\u0107enog vida koje je do sada koriste, bilo mlade ili starije, koje se kre\u0107u uz pomo\u0107 bijelog \u0161tapa ili ne, osamostale i uklju\u010de u dru\u0161tvene tokove, a da ne zavise od volje i raspolo\u017eivosti srodnika, prijatelja, kom\u0161ija\u2026<\/p>\n<p>U prethodnom periodu ovu uslugu koristilo je oko 30 osoba iz Podgorice, Nik\u0161i\u0107a i Bijelog Polja, a na prezentaciji \u0107e osim predstavljanja usluge \u201cVide\u0107i\/a pratilac\/teljka\u201d biti rije\u010di i o trenutnom stanju, na\u010dinu komunikacije i rada izme\u0111u sve tri strane (stru\u010dna radnica, saradnica i korisnici) i simuliranje konkretnih situacija koje se de\u0161avaju na terenu.<\/p>\n<p>Nadamo se da \u0107ete prepoznati zna\u010daj prezentacije i da \u0107e svi trenutni i budu\u0107i korisnici servisa napraviti jasnu razliku izme\u0111u ove i svih drugih usluga kod drugih pru\u017eaoca.<\/p>\n<p>Molimo da po\u0161aljete spisak u\u010desnika najkasnije do srijede, 02. novembra 2022. godine, do 13h, na mejl savezslijepihcg@gmail.com.<\/p>\n<p>Za sve dodatne informacije budite slobodni da nas kontaktirate.<\/p>\n<p>S po\u0161tovanjem,<br \/>\nNikolina Millji\u0107, stru\u010dna radnica<\/p>\n<p>SAVEZ SLIJEPIH CRNE GORE<br \/>\nUl.Njego\u0161eva br.6, 81000 Podgorica<br \/>\nTel: +382 (0)20 665 368, fax: +382 (0)20 665 377<br \/>\nE mail: <a href=\"mailto:savezslijepihcg@gmail.com\">savezslijepihcg@gmail.com<\/a><br \/>\n<a href=\"http:\/\/www.ss-cg.org\/\">http:\/\/www.ss-cg.org\/<\/a> , <a href=\"http:\/\u00a0\/www.zaposliosi.me\/\">http:\/<span style=\"background-color: #ffffff; color: #666666;\">\u00a0<\/span><span style=\"background-color: #ffffff; color: #666666;\">\/www.zaposliosi.me\/<\/span><\/a><\/p>\n","protected":false},"excerpt":{"rendered":"<p>Po\u0161tovani\/e, Pozivamo vas na prezentaciju servisa \u201cVide\u0107i\/a pratilac\/teljka\u201d koja \u0107e se odr\u017eati u hotelu \u201eFranca\u201c, ulica Muniba Ku\u010devi\u0107a, u \u010detvrtak 3.novembra sa po\u010detkom u 12.45&#8230;<\/p>\n<div class=\"more-link-wrapper\"><a class=\"more-link\" href=\"https:\/\/ss-cg.org\/?p=3773\">Op\u0161irnije<span class=\"screen-reader-text\">LOKALNA ORGANIZACIJA SLIJEPIH ZA BIJELO POLJE I MOJKOVAC &#8211; Poziv na prezentaciju servisa \u201cVide\u0107i\/a pratilac\/teljka\u201d<\/span><\/a><\/div>\n","protected":false},"author":3,"featured_media":2980,"comment_status":"open","ping_status":"open","sticky":false,"template":"","format":"standard","meta":{"footnotes":""},"categories":[23],"tags":[1236,120,866,1211,224],"class_list":["post-3773","post","type-post","status-publish","format-standard","has-post-thumbnail","hentry","category-aktuelnosti","tag-jednakoscu-do-dostojanstvenog-zivota-osi","tag-ministarstvo-javne-uprave","tag-organizacija-slijepih-za-bijelo-polje-i-mojkovac","tag-uposi-bp","tag-videci-pratilac","ratio-2-1","entry"],"_links":{"self":[{"href":"https:\/\/ss-cg.org\/index.php?rest_route=\/wp\/v2\/posts\/3773","targetHints":{"allow":["GET"]}}],"collection":[{"href":"https:\/\/ss-cg.org\/index.php?rest_route=\/wp\/v2\/posts"}],"about":[{"href":"https:\/\/ss-cg.org\/index.php?rest_route=\/wp\/v2\/types\/post"}],"author":[{"embeddable":true,"href":"https:\/\/ss-cg.org\/index.php?rest_route=\/wp\/v2\/users\/3"}],"replies":[{"embeddable":true,"href":"https:\/\/ss-cg.org\/index.php?rest_route=%2Fwp%2Fv2%2Fcomments&post=3773"}],"version-history":[{"count":1,"href":"https:\/\/ss-cg.org\/index.php?rest_route=\/wp\/v2\/posts\/3773\/revisions"}],"predecessor-version":[{"id":3774,"href":"https:\/\/ss-cg.org\/index.php?rest_route=\/wp\/v2\/posts\/3773\/revisions\/3774"}],"wp:featuredmedia":[{"embeddable":true,"href":"https:\/\/ss-cg.org\/index.php?rest_route=\/wp\/v2\/media\/2980"}],"wp:attachment":[{"href":"https:\/\/ss-cg.org\/index.php?rest_route=%2Fwp%2Fv2%2Fmedia&parent=3773"}],"wp:term":[{"taxonomy":"category","embeddable":true,"href":"https:\/\/ss-cg.org\/index.php?rest_route=%2Fwp%2Fv2%2Fcategories&post=3773"},{"taxonomy":"post_tag","embeddable":true,"href":"https:\/\/ss-cg.org\/index.php?rest_route=%2Fwp%2Fv2%2Ftags&post=3773"}],"curies":[{"name":"wp","href":"https:\/\/api.w.org\/{rel}","templated":true}]}}