{"id":3742,"date":"2022-12-27T10:05:23","date_gmt":"2022-12-27T10:05:23","guid":{"rendered":"https:\/\/ss-cg.org\/?p=3742"},"modified":"2022-12-29T10:51:19","modified_gmt":"2022-12-29T10:51:19","slug":"3742","status":"publish","type":"post","link":"https:\/\/ss-cg.org\/?p=3742","title":{"rendered":"Osobe o\u0161te\u0107enog vida nedovoljno uklju\u010dene u muzi\u010dkoj industriji Crne Gore"},"content":{"rendered":"<p style=\"font-weight: 400;\">Predstavnica Saveza slijepih An\u0111ela Dragovi\u0107 u\u010destvovala je na okruglom stolu &#8220;Osobe sa invaliditetom u muzi\u010dkoj industriji&#8221; koji je u utorak 27.12.2022. odr\u017eala nevladina organizacija Art 365 kroz projekat \u201eMusic for all\u201c uz finansijsku podr\u0161ku &#8220;Prava autora muzike &#8211; PAM&#8221;. Pored predstavnice Saveza slijepih okruglom stolu su prisustvovali Dejan Bo\u017eovi\u0107 ispred Prava autora muzike, Tanja \u0160eter ispred Udru\u017eenja estradnih umjetnika, etnomuzikolog Nikola Zeki\u0107, urednica muzi\u010dkog programa radija Crne Gore Stana \u0160algo, kompozitor Predrag Nedeljkovi\u0107, Mihailo Radonji\u0107 vlasnik studija M sound i An\u0111elija Savi\u0107 iz Udru\u017eenja mladih sa hendikepom Crne Gore. Na pomenutom okruglom stolu, predstavljeni su primjeri dobre prakse kao i mogu\u0107a rje\u0161enja za unaprje\u0111enje polo\u017eaja osoba sa invaliditetom u ovoj oblasti.<\/p>\n<p style=\"font-weight: 400;\">An\u0111ela Dragovi\u0107 iz Saveza slijepih predstavila je orkestar koji je oformljen krajem 70-tih godina pro\u0161log vijeka, a reaktiviran 2014. godine. Navela je da je orkestar odr\u017eao niz nastupa kako prilikom obilje\u017eavanja zna\u010dajnih datuma za OSI tako i prezentuju\u0107i svoje potencijale \u0161iroj dru\u0161tvenoj zajednici. Kazala je i da je realizovan niz humanitarnih koncerata, nastupa u ustanovama socijalne i dje\u010dije za\u0161tite kao i me\u0111unarodnih koncerata u Beogradu i Skoplju. Upoznala je prisutne i da je orkestar snimio pjesmu pod nazivom &#8220;Svjetlost du\u0161e&#8221; po tekstu \u010dlana Saveza slijepih Aleksandra To\u0161i\u0107a, kojiu je komponovao Stjepan Malenovi\u0107 \u0160tef, u vokalnom izvo\u0111enju Veselina Vukovi\u0107a. Istakla je i da pomenuta pjesma za koju je snimljen spot predstavlja svojevrsnu himnu Saveza slijepih Crne Gore. Ukazala je i na podr\u0161ku Ministarstva kulture koje je kroz pozitivno ocjenjivanje vi\u0161e projektnih ideja Saveza podr\u017ealo rad samog orkestra.<\/p>\n<p style=\"font-weight: 400;\">Nikola Zeki\u0107, magistar etnomuzikologije objasnio je sa kojim se preprekama suo\u010davao prilikom obrazovanja istakav\u0161i kao klju\u010dnu nepristupa\u010dnost literature. Istakao je pozitivnim saradnju sa profesorima koji su u elektornskom formatu sa njim dijelili predvi\u0111ene materijale. Kazao je i da je u odnosu na temu okruglog stola jednako bitna vidljivost osoba sa invaliditetom koliko i podr\u0161ka institucija.<\/p>\n<p style=\"font-weight: 400;\">An\u0111elija Savi\u0107 iz Udru\u017eenja mladih sa hendikepom kazala je da se UMHCG kontinuirano bavi kulturom kroz razli\u010dite projektne ideje, te istakla da trenutno sprovode projekat \u010dija je klju\u010dna aktivnost razmjena umjetnika na teritoriji Crne Gore, Bosne i Srbije u cilju stvaranja novih umjetni\u010dkih djela.<\/p>\n<p style=\"font-weight: 400;\">Dejan Bo\u017eovi\u0107 iz PAM-a pohvalio je postojanje Saveza, te predlo\u017eio u\u010dlanjivanje orkestra u udru\u017eenja Prava autora muzike, snimanje novih autorskih kompozicija i samim tim mogu\u0107nost za prijavljivanje sa projektnim idejama na konkurs PAM-a koji se raspisuje u novembru.<\/p>\n<p style=\"font-weight: 400;\">Tanja \u0160eter iz Udru\u017eenja estradnih umjetnika navela je da je nastupala sa orkestrom, te da \u0107e uvijek podr\u017eati rad istog kako li\u010dno tako i kroz rad udru\u017eenja.<\/p>\n<p style=\"font-weight: 400;\">Kompozitor Predrag Nedeljkovi\u0107 kazao je da du\u017ee vrijeme sara\u0111uje sa orkestrom Saveza slijepih te da je upravo autorska pjesma snimljena u njegovom studiju, istakao njihov profesionalizam i posve\u0107enost radu i izrazio otvorenost za dalju saradnju i dalja snimanja u pomenutom studiju.<\/p>\n","protected":false},"excerpt":{"rendered":"<p>Predstavnica Saveza slijepih An\u0111ela Dragovi\u0107 u\u010destvovala je na okruglom stolu &#8220;Osobe sa invaliditetom u muzi\u010dkoj industriji&#8221; koji je u utorak 27.12.2022. odr\u017eala nevladina organizacija Art&#8230;<\/p>\n<div class=\"more-link-wrapper\"><a class=\"more-link\" href=\"https:\/\/ss-cg.org\/?p=3742\">Op\u0161irnije<span class=\"screen-reader-text\">Osobe o\u0161te\u0107enog vida nedovoljno uklju\u010dene u muzi\u010dkoj industriji Crne Gore<\/span><\/a><\/div>\n","protected":false},"author":3,"featured_media":3745,"comment_status":"open","ping_status":"open","sticky":false,"template":"","format":"standard","meta":{"footnotes":""},"categories":[23],"tags":[1263,1262,28,124,1264,32],"class_list":["post-3742","post","type-post","status-publish","format-standard","has-post-thumbnail","hentry","category-aktuelnosti","tag-music-for-all","tag-muzicka-industrija","tag-osi","tag-osobe-ostecenog-vida","tag-pam","tag-sscg","ratio-2-1","entry"],"_links":{"self":[{"href":"https:\/\/ss-cg.org\/index.php?rest_route=\/wp\/v2\/posts\/3742","targetHints":{"allow":["GET"]}}],"collection":[{"href":"https:\/\/ss-cg.org\/index.php?rest_route=\/wp\/v2\/posts"}],"about":[{"href":"https:\/\/ss-cg.org\/index.php?rest_route=\/wp\/v2\/types\/post"}],"author":[{"embeddable":true,"href":"https:\/\/ss-cg.org\/index.php?rest_route=\/wp\/v2\/users\/3"}],"replies":[{"embeddable":true,"href":"https:\/\/ss-cg.org\/index.php?rest_route=%2Fwp%2Fv2%2Fcomments&post=3742"}],"version-history":[{"count":3,"href":"https:\/\/ss-cg.org\/index.php?rest_route=\/wp\/v2\/posts\/3742\/revisions"}],"predecessor-version":[{"id":3746,"href":"https:\/\/ss-cg.org\/index.php?rest_route=\/wp\/v2\/posts\/3742\/revisions\/3746"}],"wp:featuredmedia":[{"embeddable":true,"href":"https:\/\/ss-cg.org\/index.php?rest_route=\/wp\/v2\/media\/3745"}],"wp:attachment":[{"href":"https:\/\/ss-cg.org\/index.php?rest_route=%2Fwp%2Fv2%2Fmedia&parent=3742"}],"wp:term":[{"taxonomy":"category","embeddable":true,"href":"https:\/\/ss-cg.org\/index.php?rest_route=%2Fwp%2Fv2%2Fcategories&post=3742"},{"taxonomy":"post_tag","embeddable":true,"href":"https:\/\/ss-cg.org\/index.php?rest_route=%2Fwp%2Fv2%2Ftags&post=3742"}],"curies":[{"name":"wp","href":"https:\/\/api.w.org\/{rel}","templated":true}]}}