{"id":3736,"date":"2022-12-27T11:35:42","date_gmt":"2022-12-27T11:35:42","guid":{"rendered":"https:\/\/ss-cg.org\/?p=3736"},"modified":"2022-12-28T13:04:52","modified_gmt":"2022-12-28T13:04:52","slug":"2-sadrzaj-casopisa-zvucna-revija-broj-491-za-decembar-2022-godine","status":"publish","type":"post","link":"https:\/\/ss-cg.org\/?p=3736","title":{"rendered":"2. Sadr\u017eaj \u010dasopisa \u201eZvu\u010dna revija\u201c broj 491 za decembar 2022. godine"},"content":{"rendered":"<p>1. Najava \u010dasopisa<br \/>\n2. Sadr\u017eaj \u010dasopisa \u201eZvu\u010dna revija\u201c broj 491. za decembar 2022. godine<\/p>\n<p>I TIFLOSKOP<\/p>\n<p>3. Novogodi\u0161nja \u010destitka<br \/>\n4. Aktuelnosti u SSCG za decembar 2022.<br \/>\n5. U decembarskom fokusu Organizacije slijepih za Bar i Ulcinj<br \/>\n6. Organizacija slijepih za Bar i Ulcinj, zajedno sa prijateljima proslavila 20. godina<br \/>\n\u010dasopisa \u201cPravo na rije\u010d\u201d (audio prilog)<br \/>\n7. In memoriam, napustio nas je Mirsad \u0160ahmanovi\u0107<br \/>\n8. Mirsadu<\/p>\n<p>II DRU\u0160TVO I EKONOMIJA<\/p>\n<p>9. HAP\u0160ENJE SA\u0160E \u010cA\u0110ENOVI\u0106A: Specijalac u tu\u017eila\u0161tvu<br \/>\n10. Kugla za gatanje<br \/>\n11. Pri\u010da o Crnoj Gori kroz vino i rakiju<br \/>\n12. Ra\u0111aju i umiru mlade<br \/>\n13. VELEMAJSTORI NEODGOVORNOSTI: Potpaljivanje vatre na buretu baruta<\/p>\n<p>III REGION I SVIJET<\/p>\n<p>14. BELGIJSKI \u0160ERIF KOJI JE RAZOTKRIO VELIKU AFERU U EU: Gonio bankare<br \/>\nplemi\u0107e i dilere<br \/>\n15. \u201cBila sam u paklu tih sedam dana u Gr\u010dkoj\u201d<\/p>\n<p>16. BRUXELLES GRAD \u0160PIJUNA: Evropska Unija ima problem sa \u0161pijunima &#8211; Evo za\u0161to<br \/>\nih je tako te\u0161ko uhvatiti<br \/>\n17. Samoprozvani prorok<br \/>\n18. Zamor umjesto toplog do\u010deka ukrajinskih izbjeglica<\/p>\n<p>IV MEDICINA I ZDRAVLJE<\/p>\n<p>19. KAFA NA PRAZAN STOMAK: Pro\u010ditajte koliko je opasno za zdravlje<br \/>\n20. Na \u0161ta ukazuje jutarnja glavobolja?<br \/>\n21. Za\u0161to nam je potreban vitamin D tokom zime?<\/p>\n<p>V KNJI\u017dEVNOST I OKO NJE<\/p>\n<p>22. Andrija Tihi, professor istorije \u2013 no\u0107ni program radio Beograda 202 (audio prilog)<\/p>\n<p>23. Antologija pesnika \u2013 Zlata Koci\u0107 (audio prilog)<br \/>\n24. Dimitrije Kokanov \u2013 \u201cBoli kolo\u201d \u2013 DRAMA (audio prilog)<br \/>\n25. Ljubavni roman, bestseller Meri Balog \u201cNeodoljive\u201d V dio<\/p>\n<p>VI KULTURA<\/p>\n<p>26. Knjiga koja \u0107e \u017eivjeti mora imati duha<br \/>\n27. Navija\u010dka potkultura \u2013 od anti\u010dkih arena do modernih stadiona<br \/>\n28. Ora\u0161\u010di\u0107 je hit ukras ove godine &#8211; a znate li \u0161ta simbolizuje?<br \/>\n29. Bojan Kova\u010devi\u0107 \u2013 \u201cPri\u010de o politi\u010dkom\u201d tre\u0107i dio (audio prilog)<br \/>\n30. Divna Vuksanovi\u0107 \u2013 \u201cSavremeni mediji praksa emancipacije\u201d (audio prilog)<\/p>\n<p>VII NAUKA I TEHNIKA<\/p>\n<p>31. \u0160ta je nuklearna fuzija i kako funkcioni\u0161e<br \/>\n32. \u201cLutanje misli\u201d (audio prilog)<\/p>\n<p>VIII SPORT I \u0160AH<\/p>\n<p>33. Nebo se otvorilo, emocije su eksplodirale<br \/>\n34. Katar je mnogim \u0161efovima fudbala do\u0161ao \u201cglave\u201d: Mra\u010dna strana mundijala<\/p>\n<p>IX ZANIMLJIVOSTI<\/p>\n<p>35. Divlji majmuni na stijeni kao \u010duvari britanskog identiteta<br \/>\n36. PO\u010cIVALI\u0160TE SVETOG NIKOLE ZAVR\u0160ILO U PRIVATNOM IMANJU<br \/>\n37. Uginuo najuspe\u0161niji pacov na svetu<\/p>\n<p>X HUMOR I ZABAVA<\/p>\n<p>38. Aforizmi<\/p>\n<p>XI NA PODIJUMU<\/p>\n<p>39. Pjeva, Branko-Banjo Nikoli\u0107 \u201cNakon svega \u0161to je bilo\u201d<\/p>\n<p>40. Odjava \u010dasopisa<\/p>\n<p>XII DODATAK<br \/>\n&#8211; Energija kroz povijest \u2013 prvi dio<br \/>\n&#8211; Jabuka<br \/>\n&#8211; Umjetni\u010dko tkanje Indije kroz vijekove<\/p>\n","protected":false},"excerpt":{"rendered":"<p>1. Najava \u010dasopisa 2. Sadr\u017eaj \u010dasopisa \u201eZvu\u010dna revija\u201c broj 491. za decembar 2022. godine I TIFLOSKOP 3. Novogodi\u0161nja \u010destitka 4. Aktuelnosti u SSCG za decembar&#8230;<\/p>\n<div class=\"more-link-wrapper\"><a class=\"more-link\" href=\"https:\/\/ss-cg.org\/?p=3736\">Op\u0161irnije<span class=\"screen-reader-text\">2. Sadr\u017eaj \u010dasopisa \u201eZvu\u010dna revija\u201c broj 491 za decembar 2022. godine<\/span><\/a><\/div>\n","protected":false},"author":3,"featured_media":2980,"comment_status":"open","ping_status":"open","sticky":false,"template":"","format":"standard","meta":{"footnotes":""},"categories":[23],"tags":[1260,1261,124,527,60],"class_list":["post-3736","post","type-post","status-publish","format-standard","has-post-thumbnail","hentry","category-aktuelnosti","tag-broj-491","tag-decembar-2022","tag-osobe-ostecenog-vida","tag-sadrzaj","tag-zvucna-revija","ratio-2-1","entry"],"_links":{"self":[{"href":"https:\/\/ss-cg.org\/index.php?rest_route=\/wp\/v2\/posts\/3736","targetHints":{"allow":["GET"]}}],"collection":[{"href":"https:\/\/ss-cg.org\/index.php?rest_route=\/wp\/v2\/posts"}],"about":[{"href":"https:\/\/ss-cg.org\/index.php?rest_route=\/wp\/v2\/types\/post"}],"author":[{"embeddable":true,"href":"https:\/\/ss-cg.org\/index.php?rest_route=\/wp\/v2\/users\/3"}],"replies":[{"embeddable":true,"href":"https:\/\/ss-cg.org\/index.php?rest_route=%2Fwp%2Fv2%2Fcomments&post=3736"}],"version-history":[{"count":3,"href":"https:\/\/ss-cg.org\/index.php?rest_route=\/wp\/v2\/posts\/3736\/revisions"}],"predecessor-version":[{"id":3741,"href":"https:\/\/ss-cg.org\/index.php?rest_route=\/wp\/v2\/posts\/3736\/revisions\/3741"}],"wp:featuredmedia":[{"embeddable":true,"href":"https:\/\/ss-cg.org\/index.php?rest_route=\/wp\/v2\/media\/2980"}],"wp:attachment":[{"href":"https:\/\/ss-cg.org\/index.php?rest_route=%2Fwp%2Fv2%2Fmedia&parent=3736"}],"wp:term":[{"taxonomy":"category","embeddable":true,"href":"https:\/\/ss-cg.org\/index.php?rest_route=%2Fwp%2Fv2%2Fcategories&post=3736"},{"taxonomy":"post_tag","embeddable":true,"href":"https:\/\/ss-cg.org\/index.php?rest_route=%2Fwp%2Fv2%2Ftags&post=3736"}],"curies":[{"name":"wp","href":"https:\/\/api.w.org\/{rel}","templated":true}]}}