{"id":3716,"date":"2022-12-21T07:59:46","date_gmt":"2022-12-21T07:59:46","guid":{"rendered":"https:\/\/ss-cg.org\/?p=3716"},"modified":"2023-02-16T12:55:39","modified_gmt":"2023-02-16T12:55:39","slug":"opstina-kotor-konstruktivan-partner-u-procesu-unapredjenja-zastite-od-nasilja-djevojcica-i-zena-s-invaliditetom-na-lokalnom-nivou","status":"publish","type":"post","link":"https:\/\/ss-cg.org\/?p=3716","title":{"rendered":"OP\u0160TINA KOTOR KONSTRUKTIVAN PARTNER U PROCESU UNAPRE\u0110ENJA ZA\u0160TITE OD NASILJA DJEVOJ\u010cICA I \u017dENA S INVALIDITETOM NA LOKALNOM NIVOU"},"content":{"rendered":"<p>An\u0111ela Dragovi\u0107 koordinatorka projekta \u201e\u017dene s invaliditetom dostojanstveno\u201c koji Savez slijepih Crne Gore sprovodi uz finansijsku podr\u0161ku Centra za \u017eenska prava i Austrijska agencije za razvojnu saradnju, sastala se u utorak 20.12.2022. sa predstavnicom op\u0161tine Kotor, vi\u0161om savjetnicom za socijalnu i dje\u010diju za\u0161titu i predsjednicom savjeta za osobe s invaliditetom Ana Marijom Brajkovi\u0107<br \/>\nKoordinatorka projekta An\u0111ela Dragovi\u0107 predstavila je aktivnosti projekta sa posebnim osvrtom na prepreke sa kojima se suo\u010davaju \u017eene i djevoj\u010dice s invaliditetom, \u017ertve nasilja. Posebno se osvrnula na njihovu nedovoljnu informisanost o vrstama nasilja, mehanizmima za\u0161tite od istog, kao i \u010dinjenicu da se sistem prevencije, za\u0161tite i podr\u0161ke za reintegraciju i rehabilitaciju \u017ertava nasilja i dalje neadekvatno adresira u normativnim okvirima. Tako\u0111e je kao prepreke navela nepristupa\u010dnost informacija u pristupa\u010dnim formatima, fizi\u010dku nepristupa\u010dnost u vidu nedostatka taktilnih staza vodilja. Kazala je i da je pristup prema \u017ertvama nasilja neadekvatan, pa se \u010desto istima i ne vjeruje da su do\u017eivjele nasilje od strane porodice, ponajvi\u0161e ekonomsko koje podrazumijeva uskra\u0107ivanje i raspolaganje finansijama, socijalnim davanjima. Tako\u0111e je navela da je \u010dlan porodice koji vr\u0161i nasilje naj\u010de\u0161\u0107e i asistent \u017eeni ili djevoj\u010dici s invaliditetom, \u0161to dodatno ote\u017eava dolazak do nadle\u017ene institucije zbog nedostatka pristupa\u010dnog transporta. Istakla je i da su \u017eene s invaliditetom nedovoljno ohrabrene nedostaje im samopouzdanja jer se od njih ne o\u010dekuje da budu supruge, majke. Ana Marija Brajkovi\u0107 je objasnila da u okviru sekretarijata za kulturu, sport i dru\u0161tvene djelatnosti djeluje kancelarija za prevenciju narkomanije, djece u riziku, rodne ravnopravnosti, realizuje aktivnosti za pripadnike Romske i Egip\u010danske populacije, djecu \u010diji su roditelji korisnici jednokratne pomo\u0107i, korisnike materijalnog obezbje\u0111enja porodice i li\u010dne invalidnine. Objasnila je da kancelarija za prevenciju realizuje brojne edukacije u osnovnim i srednjim \u0161kolama u saradnji sa domovima zdravlja, Zavodu za zapo\u0161ljavanje. Pored edukacija u cilju prevencije, kancelarija podsti\u010de i obrazovanje Romske populacije, istima je obezbije\u0111en besplatni taksi prevoz od ku\u0107e do \u0161kole i obrnuto \u010dime se djeca motivi\u0161u da budu obrazovani, ukoliko \u017eele da se nakon \u0161kolovanja zaposle i obezbijede sebi egzistenciju. Brajkovi\u0107 je kazala i da je sekretarijat u okviru kog radi izradio lokalni akcioni plan za unaprje\u0111enje socijalne i dje\u010dije za\u0161tite za op\u0161tinu Kotor na period 2021-2024. gdje su se anketom mapirale grupe koje su najvi\u0161e pogo\u0111ene na nivou op\u0161tine i to: djecu i mlade u riziku, RE populaciju, materijalno ugro\u017eena lica i starija lica. Kazala je i da je Lokalni akcioni plan za osobe s invaliditetom u pripremi od strane ciljne grupe kojom je ista namijenjena.<br \/>\nBrajkovi\u0107 je objasnila da u okviru op\u0161tine djeluje i savjet za osobe s invaliditetom u okviru kojeg je na Me\u0111unarodni dan osoba s invaliditetom odr\u017eana sve\u010dana sjednica na kojoj je dogovoreno da organizacije osoba s invaliditetom kojih je 7 na nivou op\u0161tine naprave spisak klju\u010dnih aktivnosti za koje bi op\u0161tina bud\u017eetom opredijelila odre\u0111eni iznos sredstava, poput personalne asistencije. Kazala je i da u Kotoru nedostaje licenciranih usluga za osobe s invaliditetom, te kao ustanovu koja sprovodi uslugu geronto doma\u0107ice Dom starih Grabovac u Risnu. Kazala je i da se rad pomenutog savjeta mora intezivirati kako bi se sprovele predvi\u0111ene aktivnosti.<br \/>\nBrajkovi\u0107 je navela i da je izra\u0111ena Nacionalna strategija o rodnoj ravnopravnosti 2021-2025. U odnosu na navedeno, Dragovi\u0107 je predlo\u017eila da se u okviru kreiranja predstoje\u0107ih dokumenata, akcionih planova, uvrsti i tematika nasilja nad \u017eenama i djevoj\u010dicama s invaliditetom, radi \u0161to kvalitetnijeg djelovanja i zagovaranja.<br \/>\nBilo je rije\u010di i o fizi\u010dkoj pristupa\u010dnosti, ta\u010dnije o mogu\u0107nosti da se u starom gradu ugrade taktilne staze vodilje koje bi vodiile do najva\u017enijih institucija ukoliko to UNESCO dozvoli.<br \/>\nTako\u0111e, Brajkovi\u0107 je upoznala predstavnicu SSCG da su u samoj op\u0161tini obezbije\u0111eni elementi pristupa\u010dnosti u vidu natpisa na ulazu vratima kancelarija na Brajevom pismu, pristupa\u010dnim rampama, liftu. Dogovoreno je proslije\u0111ivanje informacija sa sastanka kancelariji za prevenciju u cilju saradnje, zagovaranja i obezbje\u0111ivanja \u0161to boljeg polo\u017eaja za \u017eene i djevoj\u010dice sa invaliditetom \u017ertve nasilja.<\/p>\n","protected":false},"excerpt":{"rendered":"<p>An\u0111ela Dragovi\u0107 koordinatorka projekta \u201e\u017dene s invaliditetom dostojanstveno\u201c koji Savez slijepih Crne Gore sprovodi uz finansijsku podr\u0161ku Centra za \u017eenska prava i Austrijska agencije za&#8230;<\/p>\n<div class=\"more-link-wrapper\"><a class=\"more-link\" href=\"https:\/\/ss-cg.org\/?p=3716\">Op\u0161irnije<span class=\"screen-reader-text\">OP\u0160TINA KOTOR KONSTRUKTIVAN PARTNER U PROCESU UNAPRE\u0110ENJA ZA\u0160TITE OD NASILJA DJEVOJ\u010cICA I \u017dENA S INVALIDITETOM NA LOKALNOM NIVOU<\/span><\/a><\/div>\n","protected":false},"author":3,"featured_media":3717,"comment_status":"open","ping_status":"open","sticky":false,"template":"","format":"standard","meta":{"footnotes":""},"categories":[23],"tags":[1324,1192,376,818,28,32,843],"class_list":["post-3716","post","type-post","status-publish","format-standard","has-post-thumbnail","hentry","category-aktuelnosti","tag-austrijska-agencija-za-razvojnu-saradnju","tag-centar-za-zenska-prava","tag-nasilje-nad-zenama","tag-opstina-kotor","tag-osi","tag-sscg","tag-zene-s-invaliditetom","ratio-2-1","entry"],"_links":{"self":[{"href":"https:\/\/ss-cg.org\/index.php?rest_route=\/wp\/v2\/posts\/3716","targetHints":{"allow":["GET"]}}],"collection":[{"href":"https:\/\/ss-cg.org\/index.php?rest_route=\/wp\/v2\/posts"}],"about":[{"href":"https:\/\/ss-cg.org\/index.php?rest_route=\/wp\/v2\/types\/post"}],"author":[{"embeddable":true,"href":"https:\/\/ss-cg.org\/index.php?rest_route=\/wp\/v2\/users\/3"}],"replies":[{"embeddable":true,"href":"https:\/\/ss-cg.org\/index.php?rest_route=%2Fwp%2Fv2%2Fcomments&post=3716"}],"version-history":[{"count":2,"href":"https:\/\/ss-cg.org\/index.php?rest_route=\/wp\/v2\/posts\/3716\/revisions"}],"predecessor-version":[{"id":3890,"href":"https:\/\/ss-cg.org\/index.php?rest_route=\/wp\/v2\/posts\/3716\/revisions\/3890"}],"wp:featuredmedia":[{"embeddable":true,"href":"https:\/\/ss-cg.org\/index.php?rest_route=\/wp\/v2\/media\/3717"}],"wp:attachment":[{"href":"https:\/\/ss-cg.org\/index.php?rest_route=%2Fwp%2Fv2%2Fmedia&parent=3716"}],"wp:term":[{"taxonomy":"category","embeddable":true,"href":"https:\/\/ss-cg.org\/index.php?rest_route=%2Fwp%2Fv2%2Fcategories&post=3716"},{"taxonomy":"post_tag","embeddable":true,"href":"https:\/\/ss-cg.org\/index.php?rest_route=%2Fwp%2Fv2%2Ftags&post=3716"}],"curies":[{"name":"wp","href":"https:\/\/api.w.org\/{rel}","templated":true}]}}