{"id":3711,"date":"2022-12-20T11:46:58","date_gmt":"2022-12-20T11:46:58","guid":{"rendered":"https:\/\/ss-cg.org\/?p=3711"},"modified":"2022-12-20T11:46:58","modified_gmt":"2022-12-20T11:46:58","slug":"najava-umhcg-u-saradnji-s-konzorcijumom-organizacija-osoba-s-invaliditetom-i-roditeljskim-udruzenjima-zapocinje-realizaciju-projekta-za-bolju-inkluziju-i-ucesce-osoba-s-invaliditetom-u-radu-ujedinjen","status":"publish","type":"post","link":"https:\/\/ss-cg.org\/?p=3711","title":{"rendered":"NAJAVA: UMHCG U SARADNJI S KONZORCIJUMOM ORGANIZACIJA OSOBA S INVALIDITETOM I RODITELJSKIM UDRU\u017dENJIMA ZAPO\u010cINJE REALIZACIJU PROJEKTA ZA BOLJU INKLUZIJU I U\u010cE\u0160\u0106E OSOBA S INVALIDITETOM U RADU UJEDINJENIH NACIJA U CRNOJ GORI"},"content":{"rendered":"<div class=\"itemImageBlock\">\n<div class=\"clr\"><b><span>Udru\u017eenje mladih sa hendikepom Crne Gore (UMHCG)<\/span><\/b><span>\u00a0zapo\u010dinje realizaciju projekta\u00a0<\/span><i><span>za bolju inkluziju i u\u010de\u0161\u0107e osoba s invaliditetom u programima Ujedinjenih nacija u Crnoj Gori u saradnji s partnerima<\/span><\/i><span>:\u00a0<\/span><b><span>Savez slijepih Crne Gore (SSCG<\/span><\/b><span>),\u00a0<\/span><b><span>Inicijativa mladih s invaliditetom Boke, Naconalna asocijacija roditelja, djece i omladine sa smetnjama u razvoju Crne Gore (NARDOS), Savez udru\u017eenja roditelja djece i omladine sa te\u0161ko\u0107ama u razvoju \u201eNa\u0161a Inicijativa\u201c, Savez udru\u017eenja paraplegi\u010dara Crne Gore i Nacionalno udru\u017eenje osoba sa intelektualnim smetnjama \u201eSamozastupnici\u201c<\/span><\/b><span>.\u00a0<\/span><\/div>\n<\/div>\n<div class=\"itemFullText\">\n<p><span>Projekat predstavlja dio dvogodi\u0161nje inicijative ,,<\/span><b><span>Unaprje\u0111enje inkluzije djece s invaliditetom i odraslih sa invaliditetom u Crnoj Gori<\/span><\/b><span>\u201d koju finansira Partnerstvo Ujedinjenih nacija za prava osoba sa invaliditetom\u00a0<\/span><b><span>(UNPRPD)<\/span><\/b><span>\u00a0a realizuju\u00a0<\/span><b><span>UNICEF, UNDP i Kancelarija rezidentnog koordinatora Ujedinjenih nacija u Crnoj Gori.\u00a0<\/span><\/b><\/p>\n<p><span>Projekat \u0107e se sprovoditi \u010detiri mjeseca,\u00a0<\/span><b><span>od 18. novembra 2022. do 18. marta 2023.<\/span><\/b><\/p>\n<\/div>\n","protected":false},"excerpt":{"rendered":"<p>Udru\u017eenje mladih sa hendikepom Crne Gore (UMHCG)\u00a0zapo\u010dinje realizaciju projekta\u00a0za bolju inkluziju i u\u010de\u0161\u0107e osoba s invaliditetom u programima Ujedinjenih nacija u Crnoj Gori u saradnji&#8230;<\/p>\n<div class=\"more-link-wrapper\"><a class=\"more-link\" href=\"https:\/\/ss-cg.org\/?p=3711\">Op\u0161irnije<span class=\"screen-reader-text\">NAJAVA: UMHCG U SARADNJI S KONZORCIJUMOM ORGANIZACIJA OSOBA S INVALIDITETOM I RODITELJSKIM UDRU\u017dENJIMA ZAPO\u010cINJE REALIZACIJU PROJEKTA ZA BOLJU INKLUZIJU I U\u010cE\u0160\u0106E OSOBA S INVALIDITETOM U RADU UJEDINJENIH NACIJA U CRNOJ GORI<\/span><\/a><\/div>\n","protected":false},"author":3,"featured_media":3712,"comment_status":"open","ping_status":"open","sticky":false,"template":"","format":"standard","meta":{"footnotes":""},"categories":[23],"tags":[1248,863,1246,134,1247,1249,32,140,125],"class_list":["post-3711","post","type-post","status-publish","format-standard","has-post-thumbnail","hentry","category-aktuelnosti","tag-inicijativa-mladih-s-invaliditetom-boka","tag-nardos","tag-nasa-inicijativa","tag-projekat","tag-samozastupnici","tag-savez-udruzenja-paraplegicara-cg","tag-sscg","tag-ujedinjene-nacije","tag-umhcg","ratio-2-1","entry"],"_links":{"self":[{"href":"https:\/\/ss-cg.org\/index.php?rest_route=\/wp\/v2\/posts\/3711","targetHints":{"allow":["GET"]}}],"collection":[{"href":"https:\/\/ss-cg.org\/index.php?rest_route=\/wp\/v2\/posts"}],"about":[{"href":"https:\/\/ss-cg.org\/index.php?rest_route=\/wp\/v2\/types\/post"}],"author":[{"embeddable":true,"href":"https:\/\/ss-cg.org\/index.php?rest_route=\/wp\/v2\/users\/3"}],"replies":[{"embeddable":true,"href":"https:\/\/ss-cg.org\/index.php?rest_route=%2Fwp%2Fv2%2Fcomments&post=3711"}],"version-history":[{"count":1,"href":"https:\/\/ss-cg.org\/index.php?rest_route=\/wp\/v2\/posts\/3711\/revisions"}],"predecessor-version":[{"id":3713,"href":"https:\/\/ss-cg.org\/index.php?rest_route=\/wp\/v2\/posts\/3711\/revisions\/3713"}],"wp:featuredmedia":[{"embeddable":true,"href":"https:\/\/ss-cg.org\/index.php?rest_route=\/wp\/v2\/media\/3712"}],"wp:attachment":[{"href":"https:\/\/ss-cg.org\/index.php?rest_route=%2Fwp%2Fv2%2Fmedia&parent=3711"}],"wp:term":[{"taxonomy":"category","embeddable":true,"href":"https:\/\/ss-cg.org\/index.php?rest_route=%2Fwp%2Fv2%2Fcategories&post=3711"},{"taxonomy":"post_tag","embeddable":true,"href":"https:\/\/ss-cg.org\/index.php?rest_route=%2Fwp%2Fv2%2Ftags&post=3711"}],"curies":[{"name":"wp","href":"https:\/\/api.w.org\/{rel}","templated":true}]}}