{"id":3691,"date":"2022-12-19T11:12:07","date_gmt":"2022-12-19T11:12:07","guid":{"rendered":"https:\/\/ss-cg.org\/?p=3691"},"modified":"2022-12-20T11:16:12","modified_gmt":"2022-12-20T11:16:12","slug":"jednakoscu-do-dostojanstvenog-zivota-osi-u-crnoj-gori","status":"publish","type":"post","link":"https:\/\/ss-cg.org\/?p=3691","title":{"rendered":"JEDNAKO\u0160\u0106U DO DOSTOJANSTVENOG \u017dIVOTA OSI U CRNOJ GORI"},"content":{"rendered":"<p>Projekat \u201eJednako\u0161\u0107u do dostojanstvenog \u017eivota OSI u Crnoj Gori\u201c finansiran od strane Evropske unija, realizuje Savez slijepih Crne Gore (SSCG) u partnerstvu sa Udru\u017eenjem za podr\u0161ku osobama sa invaliditetom Bijelo Polje (UPOSI BP).<br \/>\nNaziv konkursa: Subgranting program dodjele malih grantova za organizacije osoba s invaliditetom, sa ciljem pove\u0107anja kapaciteta lokalnih organizacija za promovisanje i razvoj usluga podr\u0161ke za osobe s invaliditetom.<\/p>\n<p>PITANJA I ODGOVORI<\/p>\n<p>Projekat finansira Ministarstvo javne uprave Crne Gore, Udru\u017eenje za podr\u0161ku osoba s invaliditetom Bijelo Polje, Savez slijepih Crne Gore, Evropska Unija.<\/p>\n<p>Projekat \u201cJednako\u0161\u0107u do dostojanstvenog \u017eivota OSI u Crnoj Gori\u201d finansiran od strane Evropske unije i konfinansiran od strane Ministartsva javne uprave Crne Gore.<\/p>\n<p>PITANJA I ODGOVORI<br \/>\n1. Da li projektni prijedlog za Subgranting mogu poslati i organizacije \u010dija je oblast djelovanja dru\u0161tvena briga za djecu i mlade (kroz ciljeve se obuhvata Statutom za\u0161tita prava OSI, inkluzija lica sa invaliditetom itd. )?<br \/>\nDa. Projektni predlog za subgranting mogu poslati organizacije koje ispunjavaju uslove predstavljene u Vodi\u010du, u odjeljku 2.5.<br \/>\nPravo u\u010de\u0161\u0107a na ovom konkursu imaju OCD koje ispunjavaju sljede\u0107e kumulativne uslove:<br \/>\n\u2022 da imaju status pravnog lica;<br \/>\n\u2022 da su neprofitnog tipa;<br \/>\n\u2022 da su organizacije civilnog dru\u0161tva;<br \/>\n\u2022 da su registrovane u Crnoj Gori najmanje 12 mjeseci prije roka za dostavljanje prijedloga projekta i da imaju sjedi\u0161te u Crnoj Gori;<br \/>\n\u2022 da su direktno odgovorne za pripremu i upravljanje projektom;<br \/>\n\u2022 da imaju iskustva u radu sa osobama s invaliditetom u oblasti servisa podr\u0161ke,<br \/>\nkoje \u0107e dokazati u skladu sa odjeljkom 3.Vodi\u010da.<\/p>\n<p>2. Na koji na\u010din je potrebno dokazati iskustvo u ovom konkursu? Da li je potrebno u prethodnim godinama realizovan projekat ili prihvatate u ovoj godini?<br \/>\nKao \u0161to stoji u odjeljku 3. Vodi\u010da, potrebno je izme\u0111u ostalog dostaviti:<br \/>\n(4) dokaz o iskustvu u oblasti servisa podr\u0161ke za osobe s invaliditetom (mo\u017ee biti napisan u vidu dopisa ili kopija ugovora, visibility aktivnosti i sl.) .<br \/>\nProjekti mogu biti realizovani u prethodne dvije godine, uklju\u010duju\u0107i 2022, dakle 2020, 2021.i 2022.<\/p>\n<p>3. Da li kopija dokumentacije koja se predaje mora biti ovjerena kod notara ili u op\u0161tini?<br \/>\nNe. Kako stoji u Vodi\u010du, u odeljku 3.<br \/>\nUz prijavni paket, podnosioci prijedloga projekata treba da podnesu sljede\u0107u prate\u0107u dokumentaciju u jednom primjerku:<br \/>\n(1) kopiju Rje\u0161enja o registraciji organizacije, (2) kopiju Statuta organizacije, (3) kopiju bilansa stanja i bilansa uspjeha organizacije za prethodnu 2021. godinu, (4) dokaz o iskustvu u oblasti servisa podr\u0161ke za osobe s invaliditetom (mo\u017ee biti napisan u vidu dopisa ili koprija ugovora, visibility aktivnosti i sl.), (5) potpisanu i ovjerenu izjavu o tome da vi\u0161e od polovine \u010dlanova organa upravljanja organizacije nijesu \u010dlanovi organa politi\u010dkih partija, javni funkcioneri, rukovode\u0107a lica ili dr\u017eavni slu\u017ebenici, odnosno namje\u0161tenici.<br \/>\nDakle, nigdje se ne tra\u017ei ovjerena kopija dokumentacije.<\/p>\n<p>4. Da li se predaje kompletan Statut organizacije ili se kopiraju samo ciljevi i djelatnost?<br \/>\nDa, dostavlja se kompletan tekst Statuta. Kako je definisano u Vodi\u010du, u odeljku 3. gdje je nabrojano koju sve prate\u0107u dokumentaciju, uz prijavni paket, podnosilac treba da dostavi, izme\u0111u ostaloga dostavlja se:<br \/>\n(2) kopiju Statuta organizacije,<\/p>\n<p>5. Da li poziv obuhvata servise podr\u0161ke personalnog asistenta?<br \/>\nKako stoji u napomeni u Vodi\u010du, u odeljku 4.<br \/>\nNapomena: SSCG i UPOSI ne mogu davati mi\u0161ljenje o ciljevima, o\u010dekivanim rezultatima i aktivnostima predlo\u017eenih projekata, kao i o drugim elementima prijedloga projekata, a sve u cilju obezbje\u0111ivanja ravnopravnog polo\u017eaja svih podnosilaca prijedloga projekata.<\/p>\n<p>6. Da li mo\u017eemo istovremeno da tra\u017eimo vi\u0161e servisa podr\u0161ke (na primer: tuma\u010da znakovnog jezika i servis podr\u0161ke pomo\u0107 u ku\u0107i, ili personalnu asistenciju)?<br \/>\nKako stoji u napomeni u Vodi\u010du, u odeljku 4.<br \/>\nNapomena: SSCG i UPOSI ne mogu davati mi\u0161ljenje o ciljevima, o\u010dekivanim rezultatima i aktivnostima predlo\u017eenih projekata, kao i o drugim elementima prijedloga projekata, a sve u cilju obezbje\u0111ivanja ravnopravnog polo\u017eaja svih podnosilaca prijedloga projekata.<\/p>\n<p>7. Kako se finansiraju putni tro\u0161kovi, recimo do Podgorice, kada je potrebno da uz korisnika ide i personalni asistent (je li tro\u0161ak puta za asistenta snosi korisnik\/organizacija ili postoji mogu\u0107nost da se takav tro\u0161ak bud\u017eetira projektom)?<br \/>\nZavisi od okolnosti i razloga putovanja.<br \/>\nAko je vezano za realizaciju aktivnosti projekta, postoji mogu\u0107nost bud\u017eetiranja putnih tro\u0161kova za odlazak u drugi grad. I taj tro\u0161ak se bud\u017eetira u okviru stavke 2. Prijedloga bud\u017eeta, na ime putnih tro\u0161kova. Ali to ne podrazumjeva posebno bud\u017eetiranje putnih tro\u0161kova za personalnog asistenta.<br \/>\nA ako je putovanja personalnog asistenta vezano za potrebe organizacije mimo projekta, tro\u0161ak putovanja i personalnog asistenta i korisnika snosi organizacija ili sam korisnik.<\/p>\n<p>8. Treba li na mail da se \u0161alje samo prijavni formular i prijedlog bud\u017eeta, ili se \u0161alje i propratna dokumentacija? Da li za slanje na mail treba da budu potpisani prijavni formular i prijedlog bud\u017eeta, ili je dovoljno samo da budu potpisani za slanje putem po\u0161te na adresu Saveza?<br \/>\nKao \u0161to stoji u Vodi\u010du, u odeljku 3.<br \/>\nPrijavni paket se \u0161alje u dva \u0161tampana primjerka, ovjerena pe\u010datom organizacije i potpisom lica ovla\u0161\u0107enog za zastupanje (jedan original, jedna kopija) i elektronska verzija, koja po svom sadr\u017eaju mora biti identi\u010dna \u0161tampanom primjerku prijavnog paketa na email adresu subgranting.sscg@gmail.com .<br \/>\n\u0160to zna\u010di na mail adresu se \u0161alje identi\u010dna dokumentacija koja se \u0161alje i u \u0161tampanoj verziji na adresu Saveza.<br \/>\nTo zna\u010di na adresu Saveza i putem emaila se \u0161alju: Prijavni formular i Prijedlog bud\u017eeta, sa prate\u0107om dokumentacijom:<br \/>\n(1) kopiju Rje\u0161enja o registraciji organizacije,<br \/>\n(2) kopiju Statuta organizacije, (3) kopiju bilansa stanja i bilansa uspjeha organizacije za prethodnu 2021. godinu, (4) dokaz o iskustvu u oblasti servisa podr\u0161ke za osobe s invaliditetom (mo\u017ee biti napisan u vidu dopisa ili koprija ugovora, visibility aktivnosti i sl.) (5) potpisanu i ovjerenu izjavu o tome da vi\u0161e od polovine \u010dlanova organa upravljanja organizacije nijesu \u010dlanovi organa politi\u010dkih partija, javni funkcioneri, rukovode\u0107a lica ili dr\u017eavni slu\u017ebenici, odnosno namje\u0161tenici.<\/p>\n<p>9. Da li se radi matrica logi\u010dkog okvira? U dokumentaciji je ne vidimo.<br \/>\nLogi\u010dka matrica se ne radi.<\/p>\n<p>10. Da li je poziv namijenjen samo za servise podr\u0161ke za osobe o\u0161te\u010denog vida?<br \/>\nNije. Poziv je namijenjen za sve osobe s invaliditetom.<\/p>\n<p>11. Mo\u017ee li servis podr\u0161ke realizovan kroz javne radove da se smatra iskustvom organizacije? Ili je potrebno i iskustvo kod pru\u017eanja servisa podr\u0161ke podr\u017eanih od Ministarstva ili nekog dr.donatora?<br \/>\nKao \u0161to stoji u odjeljku 3. Vodi\u010da, potrebno je izme\u0111u ostalog dostaviti:<br \/>\n(4) dokaz o iskustvu u oblasti servisa podr\u0161ke za osobe s invaliditetom (mo\u017ee biti napisan u vidu dopisa ili kopija ugovora, visibility aktivnosti i sl.) .<br \/>\nDokazi se dostavljaju za realizovane projekte u prethodne dvije godine, uklju\u010duju\u0107i i 2022, dakle 2020, 2021. i 2022.godina.<\/p>\n<p>12. Da li \u0107e prioritet kod podr\u017eavanja projekta imati organizacije sa sjevera u odnosu na organizacije iz drugih podru\u010dja (sa juga ili centralnog dijela Crne Gore)? Interesuje me jo\u0161, kako i na koji na\u010din \u0107e se obezbijediti taj prioritet? Ho\u0107e li dodatnim bodovanjem ili mo\u017eda imate neki drugi na\u010din<br \/>\nda to obezbijedite?<br \/>\nU okviru ovog poziva nema prioritetnih organizacija, te tako nema ni na\u010dina na koji se obezbje\u0111uje prioritetnost.<\/p>\n<p>13. Molim Vas da mi pojasnite da li NVO Media Most ,koju ja predstavljam, moze aplicirati na aktuelnom konkursu, ako u svom programu, izmedju ostalog, ima i rad sa djecom sa ostenjem vida. Namjera je snimanje zvucne revije za djecu , u kojoj ce biti price i pjesme za uzrast od 2 do 10 godina.<br \/>\nSubgranting program dodjele malih grantova za organizacije osoba s invaliditetom, sa ciljem pove\u0107anja kapaciteta lokalnih organizacija za promovisanje i razvoj usluga podr\u0161ke za osobe s invaliditetom.<\/p>\n<p>Kao \u0161to stoji u Vodi\u010du, u odjeljku 2.5. Projektni predlog za subgranting mogu poslati organizacije koje ispunjavaju sljede\u0107e kumulativne uslove:<br \/>\n\u2022 da imaju status pravnog lica;<br \/>\n\u2022 da su neprofitnog tipa;<br \/>\n\u2022 da su organizacije civilnog dru\u0161tva;<br \/>\n\u2022 da su registrovane u Crnoj Gori najmanje 12 mjeseci prije roka za dostavljanje prijedloga projekta i da imaju sjedi\u0161te u Crnoj Gori;<br \/>\n\u2022 da su direktno odgovorne za pripremu i upravljanje projektom;<br \/>\n\u2022 da imaju iskustva u radu sa osobama s invaliditetom u oblasti servisa podr\u0161ke, koje \u0107e dokazati u skladu sa odjeljkom 3.Vodi\u010da.<\/p>\n<p>\u0160to se ti\u010de aktivnosti, kako stoji u napomeni u Vodi\u010du, u odeljku 4, napomena: SSCG i<br \/>\nUPOSI ne mogu davati mi\u0161ljenje o ciljevima, o\u010dekivanim rezultatima i aktivnostima<br \/>\npredlo\u017eenih projekata, kao i o drugim elementima prijedloga projekata, a sve u cilju<br \/>\nobezbje\u0111ivanja ravnopravnog polo\u017eaja svih podnosilaca prijedloga projekata.<\/p>\n","protected":false},"excerpt":{"rendered":"<p>Projekat \u201eJednako\u0161\u0107u do dostojanstvenog \u017eivota OSI u Crnoj Gori\u201c finansiran od strane Evropske unija, realizuje Savez slijepih Crne Gore (SSCG) u partnerstvu sa Udru\u017eenjem za&#8230;<\/p>\n<div class=\"more-link-wrapper\"><a class=\"more-link\" href=\"https:\/\/ss-cg.org\/?p=3691\">Op\u0161irnije<span class=\"screen-reader-text\">JEDNAKO\u0160\u0106U DO DOSTOJANSTVENOG \u017dIVOTA OSI U CRNOJ GORI<\/span><\/a><\/div>\n","protected":false},"author":3,"featured_media":3677,"comment_status":"open","ping_status":"open","sticky":false,"template":"","format":"standard","meta":{"footnotes":""},"categories":[23],"tags":[498,1236,120,28,1237,32,1135,1029],"class_list":["post-3691","post","type-post","status-publish","format-standard","has-post-thumbnail","hentry","category-aktuelnosti","tag-eu","tag-jednakoscu-do-dostojanstvenog-zivota-osi","tag-ministarstvo-javne-uprave","tag-osi","tag-pitanja-i-odgovori","tag-sscg","tag-subgranting","tag-uposi","ratio-2-1","entry"],"_links":{"self":[{"href":"https:\/\/ss-cg.org\/index.php?rest_route=\/wp\/v2\/posts\/3691","targetHints":{"allow":["GET"]}}],"collection":[{"href":"https:\/\/ss-cg.org\/index.php?rest_route=\/wp\/v2\/posts"}],"about":[{"href":"https:\/\/ss-cg.org\/index.php?rest_route=\/wp\/v2\/types\/post"}],"author":[{"embeddable":true,"href":"https:\/\/ss-cg.org\/index.php?rest_route=\/wp\/v2\/users\/3"}],"replies":[{"embeddable":true,"href":"https:\/\/ss-cg.org\/index.php?rest_route=%2Fwp%2Fv2%2Fcomments&post=3691"}],"version-history":[{"count":3,"href":"https:\/\/ss-cg.org\/index.php?rest_route=\/wp\/v2\/posts\/3691\/revisions"}],"predecessor-version":[{"id":3710,"href":"https:\/\/ss-cg.org\/index.php?rest_route=\/wp\/v2\/posts\/3691\/revisions\/3710"}],"wp:featuredmedia":[{"embeddable":true,"href":"https:\/\/ss-cg.org\/index.php?rest_route=\/wp\/v2\/media\/3677"}],"wp:attachment":[{"href":"https:\/\/ss-cg.org\/index.php?rest_route=%2Fwp%2Fv2%2Fmedia&parent=3691"}],"wp:term":[{"taxonomy":"category","embeddable":true,"href":"https:\/\/ss-cg.org\/index.php?rest_route=%2Fwp%2Fv2%2Fcategories&post=3691"},{"taxonomy":"post_tag","embeddable":true,"href":"https:\/\/ss-cg.org\/index.php?rest_route=%2Fwp%2Fv2%2Ftags&post=3691"}],"curies":[{"name":"wp","href":"https:\/\/api.w.org\/{rel}","templated":true}]}}