{"id":3592,"date":"2022-10-31T10:46:36","date_gmt":"2022-10-31T10:46:36","guid":{"rendered":"https:\/\/ss-cg.org\/?p=3592"},"modified":"2022-12-29T11:29:37","modified_gmt":"2022-12-29T11:29:37","slug":"socijalna-inkluzija-osoba-s-invaliditetom","status":"publish","type":"post","link":"https:\/\/ss-cg.org\/?p=3592","title":{"rendered":"Socijalna inkluzija osoba s invaliditetom"},"content":{"rendered":"<div>U petak, 28. oktobra na Fakultetu politi\u010dkih nauka odr\u017ean je forum na temu &#8220;Socijalna inkluzija osoba s invaliditetom&#8221; sa studentima tre\u0107e godine odsjeka za Socijalnu politiku i socijalni rad.<\/div>\n<div><\/div>\n<div>Na na\u0161u radost, nastavlja se dobra saradnja izme\u0111u Saveza slijepih Crne Gore i Fakulteta politi\u010dkih nauka sa kojima ve\u0107 godinama kao prakti\u010dni dio nastave za predmet Socijalni rad sa osobama s invaliditetom upoznajemo studente\/kinje sa terminologijom i modelima pristupa invaliditetu, UN konvencijom o pravima OSI, Brajevim pismom i zapo\u0161ljavanjem, kulturnim i sportskim aktivnostima koje kreiraju i u njima aktivno u\u010destvuju OSI i za njih vjerovatno najzna\u010dajnijim uslugama iz oblasti socijalne i dje\u010dje za\u0161tite. Iskreno se nadamo da nenametljivo dajemo smjernice za dobro i adekvatno pripremanje budu\u0107ih socijalnih radnika\/ca za profesionalne izazove.<\/div>\n<div><\/div>\n<div>Ovakav vid obuke i aktivnog uklju\u010divanja osoba s invaliditetom veoma je zna\u010dajan kako bi se studenti koji \u0107e najve\u0107im dijelom biti usmjereni na rad sa razli\u010ditim dru\u0161tvenim kategorijama, me\u0111u kojima zna\u010dajno mjesto i ulogu zauzimaju i OSI upoznali sa pravima osoba s invaliditetom, pote\u0161ko\u0107ama na putu njihovog punog ostvarivanja i na\u010dinima ostvarivnja socijalnih kontakata u \u0161iroj dru\u0161tvenoj zajednici.<\/div>\n<div><\/div>\n<div>Okosnicu ovog doga\u0111aja \u010dinile su sljede\u0107e teme:<\/div>\n<div>1) Usluge i servisi socijalne i dje\u010dje za\u0161tite (Zakon o socijalnoj i dje\u010djoj za\u0161titi)<\/div>\n<div>2) Ostvarivanje socijalnih kontakata kroz proces obrazovanja i zapo\u0161ljavanja (\u0161ta konkretno ote\u017eava socijalnu inkluziju OSI, a \u0161ta vide kao potencijalne mogu\u0107nosti za njihovo savladavanje)<\/div>\n<div>3) Dru\u0161tveni \u017eivot (prijateljski i partnerski odnosi \u2013 na kojim osnovama se zasnivaju i da li opstaju)<\/div>\n<div><\/div>\n<div>4) Ispunjavanje slobodnog vremena (\u010dime se mogu baviti, koji sadr\u017eaji su pristupa\u010dni za OSI, a koje ne mogu da koriste i za\u0161to).<\/div>\n<div><\/div>\n<div>Studentkinje anga\u017eovane kao moderatori ovog foruma potrudile su se da na zanimljiv na\u010din, kroz igre asocijjacije i primjere iz prakse motivi\u0161u ostale da aktivno razmi\u0161ljaju i u\u010destvuju u svim navedenim temama i na konstruktivan na\u010din do\u0111u do valjanih zaklju\u010daka i preispitju prvenstveno svoje stavove kako bi nau\u010deno mogli prenositi na druge ljude iz okru\u017eenja.<\/div>\n<div><\/div>\n<div>Ovaj forum jedna je od aktivnosti projekta &#8220;Jednako\u0161\u0107u do dostojanstvenog \u017eivota OSI u Crnoj Gori&#8221; koji sprovodi Savez slijepih Crne Gore u partnerstvu sa Udru\u017eenjem za podr\u0161ku osobama sa invaliditetom Bijelo Polje, a finansira ga Evropska unija kroz podr\u0161ku za civilno dru\u0161tvo (CSF) i Ministarstvo javne uprave, digitalnog dru\u0161tva i medija Crne Gore.<\/div>\n","protected":false},"excerpt":{"rendered":"<p>U petak, 28. oktobra na Fakultetu politi\u010dkih nauka odr\u017ean je forum na temu &#8220;Socijalna inkluzija osoba s invaliditetom&#8221; sa studentima tre\u0107e godine odsjeka za Socijalnu&#8230;<\/p>\n<div class=\"more-link-wrapper\"><a class=\"more-link\" href=\"https:\/\/ss-cg.org\/?p=3592\">Op\u0161irnije<span class=\"screen-reader-text\">Socijalna inkluzija osoba s invaliditetom<\/span><\/a><\/div>\n","protected":false},"author":3,"featured_media":3594,"comment_status":"open","ping_status":"open","sticky":false,"template":"","format":"standard","meta":{"footnotes":""},"categories":[23],"tags":[1196,388,28,1195,32],"class_list":["post-3592","post","type-post","status-publish","format-standard","has-post-thumbnail","hentry","category-aktuelnosti","tag-forum","tag-fpn","tag-osi","tag-socijalna-inkluzija","tag-sscg","ratio-2-1","entry"],"_links":{"self":[{"href":"https:\/\/ss-cg.org\/index.php?rest_route=\/wp\/v2\/posts\/3592","targetHints":{"allow":["GET"]}}],"collection":[{"href":"https:\/\/ss-cg.org\/index.php?rest_route=\/wp\/v2\/posts"}],"about":[{"href":"https:\/\/ss-cg.org\/index.php?rest_route=\/wp\/v2\/types\/post"}],"author":[{"embeddable":true,"href":"https:\/\/ss-cg.org\/index.php?rest_route=\/wp\/v2\/users\/3"}],"replies":[{"embeddable":true,"href":"https:\/\/ss-cg.org\/index.php?rest_route=%2Fwp%2Fv2%2Fcomments&post=3592"}],"version-history":[{"count":1,"href":"https:\/\/ss-cg.org\/index.php?rest_route=\/wp\/v2\/posts\/3592\/revisions"}],"predecessor-version":[{"id":3593,"href":"https:\/\/ss-cg.org\/index.php?rest_route=\/wp\/v2\/posts\/3592\/revisions\/3593"}],"wp:featuredmedia":[{"embeddable":true,"href":"https:\/\/ss-cg.org\/index.php?rest_route=\/wp\/v2\/media\/3594"}],"wp:attachment":[{"href":"https:\/\/ss-cg.org\/index.php?rest_route=%2Fwp%2Fv2%2Fmedia&parent=3592"}],"wp:term":[{"taxonomy":"category","embeddable":true,"href":"https:\/\/ss-cg.org\/index.php?rest_route=%2Fwp%2Fv2%2Fcategories&post=3592"},{"taxonomy":"post_tag","embeddable":true,"href":"https:\/\/ss-cg.org\/index.php?rest_route=%2Fwp%2Fv2%2Ftags&post=3592"}],"curies":[{"name":"wp","href":"https:\/\/api.w.org\/{rel}","templated":true}]}}