{"id":3584,"date":"2022-10-24T13:04:33","date_gmt":"2022-10-24T13:04:33","guid":{"rendered":"https:\/\/ss-cg.org\/?p=3584"},"modified":"2022-10-24T13:04:33","modified_gmt":"2022-10-24T13:04:33","slug":"neobezbjedjivanjem-adekvatnih-sablona-za-glasanje-izvrsena-sramna-diskriminacija-osoba-ostecenog-vida","status":"publish","type":"post","link":"https:\/\/ss-cg.org\/?p=3584","title":{"rendered":"Neobezbje\u0111ivanjem adekvatnih \u0161ablona za glasanje, izvr\u0161ena sramna diskriminacija osoba o\u0161te\u0107enog vida"},"content":{"rendered":"<p class=\"s3\"><span class=\"s4\"><span class=\"bumpedFont15\">Nakon odr\u017eanih lokalnih izbora u 14 crnogorskih op\u0161tina, Savez slijepih Crne Gore upu\u0107uje najo\u0161trije kritike na ra\u010dun rada Op\u0161tinskih izbornih komisija (OIK), koje nijesu obezbijedile elementarne preduslove za samostalno i tajno glasanje bira\u010da o\u0161te\u0107enog vida.<\/span><\/span><\/p>\n<p class=\"s3\">\n<p class=\"s3\"><span class=\"s4\"><span class=\"bumpedFont15\">Podsje<\/span><\/span><span class=\"s4\"><span class=\"bumpedFont15\">\u0107amo javnost da je od strane OIK<\/span><\/span><span class=\"s4\"><span class=\"bumpedFont15\"> bilo najavljeno obezbje\u0111ivanje \u0161ablona za glasanje u tamno plavoj <\/span><\/span><span class=\"s4\"><span class=\"bumpedFont15\">boji i sa metalnim prstenovima. <\/span><\/span><span class=\"s4\"><span class=\"bumpedFont15\">Ipak, uprkos najavama, i ovaj izborni proces protekao je u znaku kr\u0161enja osnovnih ljudskih prava i elementarnog dostojanstva osoba o\u0161te\u0107enog vida.<\/span><\/span><\/p>\n<p class=\"s3\">\n<p class=\"s3\"><span class=\"s4\"><span class=\"bumpedFont15\">Napominjemo da je izmjenama podzakonskih akata koje je Dr\u017eavna izborna komisija (DIK) usvojila po\u010detkom marta, predvi\u0111eno da \u0161abloni za glasanje moraju biti u tamno plavoj boji, te da na istima moraju biti umetnuti metalni prstenovi, kako trag<\/span><\/span><span class=\"s4\"><span class=\"bumpedFont15\"> olovke vi\u0161e ne bi bio vidljiv <\/span><\/span><span class=\"s4\"><span class=\"bumpedFont15\">na glasa\u010dkom listi\u0107u, \u010dime bi se izbjeglo naru\u0161avanje tajnosti glasanja.<\/span><\/span><\/p>\n<p class=\"s3\">\n<p class=\"s3\"><span class=\"s4\"><span class=\"bumpedFont15\">Ovom prilikom, obavje\u0161tava<\/span><\/span><span class=\"s4\"><span class=\"bumpedFont15\">mo javnost da se adekvatni \u0161abloni za glasanje nijesu na\u0161li ni na jednom bira\u010dkom mjestu u 14 op\u0161tina<\/span><\/span><span class=\"s4\"><span class=\"bumpedFont15\">, prema podacima koji su dobijeni od osoba o<\/span><\/span><span class=\"s4\"><span class=\"bumpedFont15\">\u0161te\u0107enog vida<\/span><\/span><span class=\"s4\"><span class=\"bumpedFont15\">. N<\/span><\/span><span class=\"s4\"><span class=\"bumpedFont15\">a ovaj na\u010din, izvr\u0161ena je direktna diskriminacija osoba o\u0161te\u0107enog vida i iskazano najgrublje nepo\u0161tovanje podzakonskih akata i preporuka Dr\u017eavne izborne komisije.<\/span><\/span><\/p>\n<p class=\"s3\">\n<p class=\"s3\"><span class=\"s4\"><span class=\"bumpedFont15\">N<\/span><\/span><span class=\"s4\"><span class=\"bumpedFont15\">adali smo se da \u0107e data obe\u0107anja biti ispunjena i da \u0107emo svjedo\u010diti primjerima dobre prakse, koji bi podstakli ostatak izbornih komisija da u budu\u0107im izbornim c<\/span><\/span><span class=\"s4\"><span class=\"bumpedFont15\">iklusima postupe na isti na\u010din. <\/span><\/span><span class=\"s4\"><span class=\"bumpedFont15\">Me\u0111utim, sa \u017ealjenjem mo\u017eemo konstatovati da je sramno kr\u0161enje prava bira\u010da o\u0161te\u0107enog vida, jo\u0161 jedan dokaz nespremnosti institucija da se pozabave su\u0161tinskim \u00a0rje\u0161avanjem problema koji poga\u0111aju ovaj dio populacije.<\/span><\/span><\/p>\n<p class=\"s3\">\n<p class=\"s3\"><span class=\"s4\"><span class=\"bumpedFont15\">Pitamo se, za\u0161to su predstavnici <\/span><\/span><span class=\"s4\"><span class=\"bumpedFont15\">pojedinih <\/span><\/span><span class=\"s4\"><span class=\"bumpedFont15\">Op\u0161tinskih izbornih komisija kroz javno dostupne podatke saop\u0161tili da su obezbije\u0111eni \u0161abloni, \u010dime su obmanuli na\u0161e \u010dlanstvo, ali i cjelokupnu crnogorsku javnost.<\/span><\/span><\/p>\n<p class=\"s3\">\n<p class=\"s3\"><span class=\"s4\"><span class=\"bumpedFont15\">Isti\u010demo da nije bilo zna\u010dajnijih pomaka ni kada je rije\u010d o ostalim element<\/span><\/span><span class=\"s4\"><span class=\"bumpedFont15\">ima pristupa\u010dnosti za osobe s in<\/span><\/span><span class=\"s4\"><span class=\"bumpedFont15\">validiitetom, \u0161to je pokazatelj da se preko odluka koje imaju za cilj unaprje\u0111enje polo\u017eaja i prava OSI i dalje olako i besprizorno prelazi.<\/span><\/span><\/p>\n<p class=\"s3\">\n<p class=\"s3\"><span class=\"s4\"><span class=\"bumpedFont15\">Sigurno je da se, nakon ovih de\u0161avanja, vi\u0161e ne\u0107emo oslanjati na puka obe\u0107anja, ve\u0107 \u0107e svako kr\u0161enje prava osoba o\u0161te\u0107enog vida na samostalno, tajno i dostojanstveno glasanje biti propra\u0107eno adekvatnom reakcijom, odnosno, pritu\u017ebama i tu\u017ebama, kojima \u0107emo poku\u0161ati da na\u0161im \u010dlanovima obezbijedimo za\u0161titu od diskriminacije i samovolje nadle\u017enih institucija.<\/span><\/span><\/p>\n","protected":false},"excerpt":{"rendered":"<p>Nakon odr\u017eanih lokalnih izbora u 14 crnogorskih op\u0161tina, Savez slijepih Crne Gore upu\u0107uje najo\u0161trije kritike na ra\u010dun rada Op\u0161tinskih izbornih komisija (OIK), koje nijesu obezbijedile&#8230;<\/p>\n<div class=\"more-link-wrapper\"><a class=\"more-link\" href=\"https:\/\/ss-cg.org\/?p=3584\">Op\u0161irnije<span class=\"screen-reader-text\">Neobezbje\u0111ivanjem adekvatnih \u0161ablona za glasanje, izvr\u0161ena sramna diskriminacija osoba o\u0161te\u0107enog vida<\/span><\/a><\/div>\n","protected":false},"author":3,"featured_media":3580,"comment_status":"open","ping_status":"open","sticky":false,"template":"","format":"standard","meta":{"footnotes":""},"categories":[1],"tags":[1193,181,823,189,28,124,32],"class_list":["post-3584","post","type-post","status-publish","format-standard","has-post-thumbnail","hentry","category-uncategorized","tag-14-opstina","tag-dik","tag-lokalni-izbori","tag-oik","tag-osi","tag-osobe-ostecenog-vida","tag-sscg","ratio-2-1","entry"],"_links":{"self":[{"href":"https:\/\/ss-cg.org\/index.php?rest_route=\/wp\/v2\/posts\/3584","targetHints":{"allow":["GET"]}}],"collection":[{"href":"https:\/\/ss-cg.org\/index.php?rest_route=\/wp\/v2\/posts"}],"about":[{"href":"https:\/\/ss-cg.org\/index.php?rest_route=\/wp\/v2\/types\/post"}],"author":[{"embeddable":true,"href":"https:\/\/ss-cg.org\/index.php?rest_route=\/wp\/v2\/users\/3"}],"replies":[{"embeddable":true,"href":"https:\/\/ss-cg.org\/index.php?rest_route=%2Fwp%2Fv2%2Fcomments&post=3584"}],"version-history":[{"count":1,"href":"https:\/\/ss-cg.org\/index.php?rest_route=\/wp\/v2\/posts\/3584\/revisions"}],"predecessor-version":[{"id":3585,"href":"https:\/\/ss-cg.org\/index.php?rest_route=\/wp\/v2\/posts\/3584\/revisions\/3585"}],"wp:featuredmedia":[{"embeddable":true,"href":"https:\/\/ss-cg.org\/index.php?rest_route=\/wp\/v2\/media\/3580"}],"wp:attachment":[{"href":"https:\/\/ss-cg.org\/index.php?rest_route=%2Fwp%2Fv2%2Fmedia&parent=3584"}],"wp:term":[{"taxonomy":"category","embeddable":true,"href":"https:\/\/ss-cg.org\/index.php?rest_route=%2Fwp%2Fv2%2Fcategories&post=3584"},{"taxonomy":"post_tag","embeddable":true,"href":"https:\/\/ss-cg.org\/index.php?rest_route=%2Fwp%2Fv2%2Ftags&post=3584"}],"curies":[{"name":"wp","href":"https:\/\/api.w.org\/{rel}","templated":true}]}}