{"id":3581,"date":"2022-10-21T12:02:51","date_gmt":"2022-10-21T12:02:51","guid":{"rendered":"https:\/\/ss-cg.org\/?p=3581"},"modified":"2022-10-21T12:02:51","modified_gmt":"2022-10-21T12:02:51","slug":"sistemi-prevencije-zastite-i-podrske-za-zrtve-nasilja-moraju-da-adresiraju-zsi","status":"publish","type":"post","link":"https:\/\/ss-cg.org\/?p=3581","title":{"rendered":"Sistemi prevencije, za\u0161tite i podr\u0161ke za \u017ertve nasilja moraju da adresiraju \u017dSI"},"content":{"rendered":"<p>Savez slijepih Crne Gore po\u010dinje realizaciju projekta \u201e\u017dene s invaliditetom, dostojanstveno\u201c, koji je podr\u017ean kroz poziv \u201eInstitucionalizacija kvalitetnih usluga rehabilitacije i integracije za \u017ertve nasilja\u201c, finansiran od strane Austrijske Razvojne Agencije, a traja\u0107e dva mjeseca.<br \/>\nSistem prevencije, za\u0161tite i podr\u0161ke za reintegraciju i rehabilitaciju \u017ertava nasilja i dalje neadekvatno adresira teme koje se ti\u010du nasilja nad osobama s invaliditetom, s posebnim fokusom na djevoj\u010dice i \u017eene s invaliditetom (\u017dSI). U korijenu ovakve situacije dominantno le\u017ei neprepoznavanje oblika i vrsta koje se temelji na nedostatku znanja o specifi\u010dnim oblicima nasilja kojima su izlo\u017eene \u017dSI i propu\u0161tanje preventivnog i za\u0161titnog djelovanja.<br \/>\nOvakvu situaciju prati i nevjerovanje \u017dSI \u017ertvama nasilja kad ga prijave, zbog pogre\u0161ne pretpostavke da nasilje nad OSI niko ne bi izvr\u0161io, a dodatno je uslo\u017enjena i zbog neadekvatnog ispitivanja potreba i planiranja aktivnosti na prevenciji i procesuiranju nasilja nad OSI.<br \/>\nOp\u0161ti cilj projekta je doprinijeti unapre\u0111enju sistema prevencije, za\u0161tite, rehabilitacije i reintegracije za \u017eene s invaliditetom \u017ertve nasilja u Crnoj Gori, kroz:<br \/>\n&#8211; pove\u0107anje stepena pristupa\u010dnosti i po\u0161tovanja fenomena invaliditeta kroz usluge rehabilitacije i integracije \u017ertava nasilja u Crnoj Gori<br \/>\n&#8211; podizanje nivoa informisanosti \u0161ire dru\u0161tvene zajednice o va\u017enosti pru\u017eanja kvalitetnih usluga rehabilitacije i integracije \u017ertava nasilja, \u017dSI<br \/>\nDirektnu ciljnu grupu projekta \u010dine zaposleni u lokalnim institucijama, Op\u0161tini Nik\u0161i\u0107 i Kotor, donosioci odluka i zaposleni u oblasti pru\u017eanja servisa podr\u0161ke i pomo\u0107i \u017eenama sa iskustvom rodno zasnovanog nasilja, dok su indirektna ciljna grupa djevoj\u010dice i \u017eene s invaliditetom, sve osobe s invaliditetom (OSI) u Crnoj Gori, \u010dlanovi porodica OSI,<\/p>\n<p>OOSI, \u017eenske organizacije, mediji, organi dr\u017eavne uprave, Vlada, dru\u0161tvo u cjelini.<br \/>\nO\u010dekuje se da \u0107e realizacijom projekta biti ostvareni sljede\u0107i rezultati:<br \/>\n&#8211; Izra\u0111ene preporuke za fizi\u010dku, informacionu pristupa\u010dnost usluga rehabilitacije i integracije \u017ertava nasilja u skladu sa fenomenom invaliditeta.<br \/>\n&#8211; Odr\u017eani sastanci sa predstavnicima Op\u0161ina Kotor i Nik\u0161i\u0107, u cilju zagovaranja za unapre\u0111enje za\u0161tite od nasilja djevoj\u010dica i \u017eena s invaliditetom na lokalnom nivou.<br \/>\n&#8211; Podignut nivo svijesti \u0161ire dru\u0161tvene zajednice o va\u017enosti pru\u017eanja kvalitetnih usluga rehabilitacije i integracije \u017ertava nasilja, \u017dSI kroz pet postova i jedan video spot.<\/p>\n","protected":false},"excerpt":{"rendered":"<p>Savez slijepih Crne Gore po\u010dinje realizaciju projekta \u201e\u017dene s invaliditetom, dostojanstveno\u201c, koji je podr\u017ean kroz poziv \u201eInstitucionalizacija kvalitetnih usluga rehabilitacije i integracije za \u017ertve nasilja\u201c,&#8230;<\/p>\n<div class=\"more-link-wrapper\"><a class=\"more-link\" href=\"https:\/\/ss-cg.org\/?p=3581\">Op\u0161irnije<span class=\"screen-reader-text\">Sistemi prevencije, za\u0161tite i podr\u0161ke za \u017ertve nasilja moraju da adresiraju \u017dSI<\/span><\/a><\/div>\n","protected":false},"author":3,"featured_media":2980,"comment_status":"open","ping_status":"open","sticky":false,"template":"","format":"standard","meta":{"footnotes":""},"categories":[23],"tags":[1191,1192,28,32,843],"class_list":["post-3581","post","type-post","status-publish","format-standard","has-post-thumbnail","hentry","category-aktuelnosti","tag-austrijska-razvojna-agencija","tag-centar-za-zenska-prava","tag-osi","tag-sscg","tag-zene-s-invaliditetom","ratio-2-1","entry"],"_links":{"self":[{"href":"https:\/\/ss-cg.org\/index.php?rest_route=\/wp\/v2\/posts\/3581","targetHints":{"allow":["GET"]}}],"collection":[{"href":"https:\/\/ss-cg.org\/index.php?rest_route=\/wp\/v2\/posts"}],"about":[{"href":"https:\/\/ss-cg.org\/index.php?rest_route=\/wp\/v2\/types\/post"}],"author":[{"embeddable":true,"href":"https:\/\/ss-cg.org\/index.php?rest_route=\/wp\/v2\/users\/3"}],"replies":[{"embeddable":true,"href":"https:\/\/ss-cg.org\/index.php?rest_route=%2Fwp%2Fv2%2Fcomments&post=3581"}],"version-history":[{"count":1,"href":"https:\/\/ss-cg.org\/index.php?rest_route=\/wp\/v2\/posts\/3581\/revisions"}],"predecessor-version":[{"id":3582,"href":"https:\/\/ss-cg.org\/index.php?rest_route=\/wp\/v2\/posts\/3581\/revisions\/3582"}],"wp:featuredmedia":[{"embeddable":true,"href":"https:\/\/ss-cg.org\/index.php?rest_route=\/wp\/v2\/media\/2980"}],"wp:attachment":[{"href":"https:\/\/ss-cg.org\/index.php?rest_route=%2Fwp%2Fv2%2Fmedia&parent=3581"}],"wp:term":[{"taxonomy":"category","embeddable":true,"href":"https:\/\/ss-cg.org\/index.php?rest_route=%2Fwp%2Fv2%2Fcategories&post=3581"},{"taxonomy":"post_tag","embeddable":true,"href":"https:\/\/ss-cg.org\/index.php?rest_route=%2Fwp%2Fv2%2Ftags&post=3581"}],"curies":[{"name":"wp","href":"https:\/\/api.w.org\/{rel}","templated":true}]}}