{"id":3534,"date":"2022-10-10T09:46:54","date_gmt":"2022-10-10T09:46:54","guid":{"rendered":"https:\/\/ss-cg.org\/?p=3534"},"modified":"2022-10-10T09:46:54","modified_gmt":"2022-10-10T09:46:54","slug":"niksicani-ostecenog-vida-zadovoljni-servisom-videci-pratilac","status":"publish","type":"post","link":"https:\/\/ss-cg.org\/?p=3534","title":{"rendered":"Nik\u0161i\u0107ani o\u0161te\u0107enog vida zadovoljni servisom Vide\u0107i pratilac"},"content":{"rendered":"<div dir=\"auto\">Savjetnica za me\u0111unarodne odnose Katarina Bigovi\u0107 Kuli\u0107 i stru\u010dna radnica Nikolina Milji\u0107 predstavile su i razgovarale o servisu \u201eVide\u0107i\/a pratilac\/ljka\u201c sa predstavnicima i \u010dlanovima lokalne organizacije za Nik\u0161i\u0107, \u0160avnik i Plu\u017eine.<\/div>\n<div dir=\"auto\"><\/div>\n<div dir=\"auto\">Cilj servisa \u201cVide\u0107i\/a pratilac\/teljka\u201d je- da pru\u017ei podr\u0161ku osobama s o\u0161te\u0107enim vidom, prije svega u samostalnom kretanju, \u0161to dovodi do socijalizacije, inkluzije u dru\u0161tvu, pove\u0107anju samopouzdanja i motivacije za aktivno u\u010de\u0161\u0107e u dru\u0161tvenom \u017eivotu uklju\u010duju\u0107i motivaciju za tra\u017eenjem posla i zaposlenjem, a \u0161to sve zajedno smanjuje nivo ku\u0107ne institucionalizacije ovih osoba koja je prisutna u zna\u010dajnom obimu.<\/div>\n<div dir=\"auto\">Vide\u0107i\/a pratilac\/teljka podrazumijeva pru\u017eanje pomo\u0107i osobi s o\u0161te\u0107enjem vida (korisniku\/ci) od strane druge osobe (vide\u0107eg\/e pratioca\/teljke) u samostalnom kretanju za obavljanje aktivnosti koje u svakodnevnom \u017eivotu ne mo\u017ee obaviti bez pomo\u0107i drugog lica, ili bi ih obavljala znatno sporije i uz puno napora, a nekada i uz ve\u0107e finansijske tro\u0161kove.<\/div>\n<div dir=\"auto\"><\/div>\n<div dir=\"auto\">Svi prisutni \u010dlanovi koji su ujedno i korisnici servisa izrazili su veliko zadovoljstvo trenutnim na\u010dinom rada i svakodnevnog funkcionisanja i izrazili nadu da \u0107e se broj korisnika i vide\u0107ih pratilaca u budu\u0107nosti pove\u0107ati, kako bi sve osobe koje imaju potrebu za samostalnim \u017eivotom mogle i da je zadovolje. Korisnici usluge su prenijeli svoje pozitivno iskustvo i zna\u010daj koji sami servis ima za njih i na najbolji na\u010din je preporu\u010dili ostalim osobama o\u0161te\u0107enog vida da u\u017eivaju u benefitima koje im ovaj servis pru\u017ea.<\/div>\n<div dir=\"auto\"><\/div>\n<div dir=\"auto\">Vide\u0107i\/a pratilac\/teljka omogu\u0107ava osobama s o\u0161te\u0107enjem vida da dobiju spoljnu podr\u0161ku kojom kompenzuju stvari koje im se \u010dine te\u0161ke ili nemogu\u0107e u samostalnom \u017eivotu, posebno zbog vrste i nivoa prepreka nametnutim od dru\u0161tva, a s kojima se suo\u010davaju. Usluga Vide\u0107i\/a pratilac\/teljka se defini\u0161e prema specifi\u010dnim i individualnim potrebama svakog korisnika, koju on sam defini\u0161e i obu\u010dava svog pratioca\/teljku kako da na najbolji na\u010din asistira, prati u zadovoljenju potreba.<\/div>\n<div dir=\"auto\"><\/div>\n<div dir=\"auto\">Ovo je nova vrsta usluge koja se sprovodi na teritoriji Crne Gore, ali se nadamo da \u0107e osobe sa o\u0161te\u0107enim vidom, institucije, ustanove i organizacije prepoznati njen zna\u010daj, te da \u0107e se u narednom priodu sistemski unaprijediti i biti dostupna svim osobama koje ne koriste druge vrste asistencije.<\/div>\n<div dir=\"auto\"><\/div>\n<div dir=\"auto\">Prezentacija servisa realizovana je u petak 7.oktobra 2022, u hotelu Onogo\u0161t u Nik\u0161i\u0107u, a\u00a0 realizuje se u okviru projekta: &#8220;Jednako\u0161\u0107u do dostojanstvenog \u017eivota OSI u Crnoj Gori\u201c, koji sprovodi Savez slijepih Crne Gore u partnerstvu sa Udru\u017eenjem za podr\u0161ku osobama sa invaliditetom Bijelo Polje, a finansira Evropska unija kroz podr\u0161ku za civilno dru\u0161tvo (CSF) i Ministarstvo javne uprave, digitalnog dru\u0161tva i medija Crne Gore.<\/div>\n","protected":false},"excerpt":{"rendered":"<p>Savjetnica za me\u0111unarodne odnose Katarina Bigovi\u0107 Kuli\u0107 i stru\u010dna radnica Nikolina Milji\u0107 predstavile su i razgovarale o servisu \u201eVide\u0107i\/a pratilac\/ljka\u201c sa predstavnicima i \u010dlanovima lokalne&#8230;<\/p>\n<div class=\"more-link-wrapper\"><a class=\"more-link\" href=\"https:\/\/ss-cg.org\/?p=3534\">Op\u0161irnije<span class=\"screen-reader-text\">Nik\u0161i\u0107ani o\u0161te\u0107enog vida zadovoljni servisom Vide\u0107i pratilac<\/span><\/a><\/div>\n","protected":false},"author":3,"featured_media":3535,"comment_status":"open","ping_status":"open","sticky":false,"template":"","format":"standard","meta":{"footnotes":""},"categories":[23],"tags":[1173,179,28,124,32,224],"class_list":["post-3534","post","type-post","status-publish","format-standard","has-post-thumbnail","hentry","category-aktuelnosti","tag-hotel-onogost","tag-niksic","tag-osi","tag-osobe-ostecenog-vida","tag-sscg","tag-videci-pratilac","ratio-2-1","entry"],"_links":{"self":[{"href":"https:\/\/ss-cg.org\/index.php?rest_route=\/wp\/v2\/posts\/3534","targetHints":{"allow":["GET"]}}],"collection":[{"href":"https:\/\/ss-cg.org\/index.php?rest_route=\/wp\/v2\/posts"}],"about":[{"href":"https:\/\/ss-cg.org\/index.php?rest_route=\/wp\/v2\/types\/post"}],"author":[{"embeddable":true,"href":"https:\/\/ss-cg.org\/index.php?rest_route=\/wp\/v2\/users\/3"}],"replies":[{"embeddable":true,"href":"https:\/\/ss-cg.org\/index.php?rest_route=%2Fwp%2Fv2%2Fcomments&post=3534"}],"version-history":[{"count":1,"href":"https:\/\/ss-cg.org\/index.php?rest_route=\/wp\/v2\/posts\/3534\/revisions"}],"predecessor-version":[{"id":3536,"href":"https:\/\/ss-cg.org\/index.php?rest_route=\/wp\/v2\/posts\/3534\/revisions\/3536"}],"wp:featuredmedia":[{"embeddable":true,"href":"https:\/\/ss-cg.org\/index.php?rest_route=\/wp\/v2\/media\/3535"}],"wp:attachment":[{"href":"https:\/\/ss-cg.org\/index.php?rest_route=%2Fwp%2Fv2%2Fmedia&parent=3534"}],"wp:term":[{"taxonomy":"category","embeddable":true,"href":"https:\/\/ss-cg.org\/index.php?rest_route=%2Fwp%2Fv2%2Fcategories&post=3534"},{"taxonomy":"post_tag","embeddable":true,"href":"https:\/\/ss-cg.org\/index.php?rest_route=%2Fwp%2Fv2%2Ftags&post=3534"}],"curies":[{"name":"wp","href":"https:\/\/api.w.org\/{rel}","templated":true}]}}