{"id":3310,"date":"2022-06-21T11:29:22","date_gmt":"2022-06-21T11:29:22","guid":{"rendered":"https:\/\/ss-cg.org\/?p=3310"},"modified":"2022-06-23T09:33:54","modified_gmt":"2022-06-23T09:33:54","slug":"samostalan-zivot","status":"publish","type":"post","link":"https:\/\/ss-cg.org\/?p=3310","title":{"rendered":"Samostalan \u017eivot"},"content":{"rendered":"<div>Asistivne tehnologije su nezamjenjive u svakodnevnom \u017eivotu mnogih osoba o\u0161te\u0107enog vida.<\/div>\n<div>Me\u0111utim, u EU se jo\u0161 uvijek suo\u010davaju s brojnim preprekama u pristupu i punom kori\u0161\u0107enju ove bitne tehnologije.<\/div>\n<div>Na primjer: Osoba potpuno o\u0161te\u0107enog vida u Francuskoj mora platiti 400 eura za isti softver za \u010ditanje ekrana koji osoba potpuno o\u0161te\u0107enog vida u \u0160paniji mo\u017ee dobiti besplatno preko organizacije osoba o\u0161te\u0107enog vida \u0160panije.<\/div>\n<div>Osobe potpuno i djelimi\u010dno o\u0161te\u0107enog vida trebale bi imati koristi od jedinstvenog tr\u017ei\u0161ta EU za asistivne tehnologije, kako bi mogli odabrati najprikladniju za njih, koja mora biti kvalitetna, dostupna i pristupa\u010dna svim osobama o\u0161te\u0107enog vida.<\/div>\n<div>O ovom pravu, preprekama i rje\u0161enjima govori nam Nata\u0161a Truhiljo iz \u0160panije.<\/div>\n<div><\/div>\n<div>Pogledajte video:\u00a0<a href=\"https:\/\/www.youtube.com\/watch?v=aTtQ21AkOQE\" target=\"_blank\" rel=\"noopener\" data-saferedirecturl=\"https:\/\/www.google.com\/url?q=https:\/\/www.youtube.com\/watch?v%3DaTtQ21AkOQE&amp;source=gmail&amp;ust=1655983141501000&amp;usg=AOvVaw0ai-AjDYlr2VYNLwB6e67L\">\u010clan 19, samostalan \u017eivot<\/a><\/div>\n","protected":false},"excerpt":{"rendered":"<p>Asistivne tehnologije su nezamjenjive u svakodnevnom \u017eivotu mnogih osoba o\u0161te\u0107enog vida. Me\u0111utim, u EU se jo\u0161 uvijek suo\u010davaju s brojnim preprekama u pristupu i punom&#8230;<\/p>\n<div class=\"more-link-wrapper\"><a class=\"more-link\" href=\"https:\/\/ss-cg.org\/?p=3310\">Op\u0161irnije<span class=\"screen-reader-text\">Samostalan \u017eivot<\/span><\/a><\/div>\n","protected":false},"author":3,"featured_media":3318,"comment_status":"open","ping_status":"open","sticky":false,"template":"","format":"standard","meta":{"footnotes":""},"categories":[23],"tags":[124,846,1096,32,1095],"class_list":["post-3310","post","type-post","status-publish","format-standard","has-post-thumbnail","hentry","category-aktuelnosti","tag-osobe-ostecenog-vida","tag-parvis","tag-smostalan-zivot","tag-sscg","tag-video-spot","ratio-2-1","entry"],"_links":{"self":[{"href":"https:\/\/ss-cg.org\/index.php?rest_route=\/wp\/v2\/posts\/3310","targetHints":{"allow":["GET"]}}],"collection":[{"href":"https:\/\/ss-cg.org\/index.php?rest_route=\/wp\/v2\/posts"}],"about":[{"href":"https:\/\/ss-cg.org\/index.php?rest_route=\/wp\/v2\/types\/post"}],"author":[{"embeddable":true,"href":"https:\/\/ss-cg.org\/index.php?rest_route=\/wp\/v2\/users\/3"}],"replies":[{"embeddable":true,"href":"https:\/\/ss-cg.org\/index.php?rest_route=%2Fwp%2Fv2%2Fcomments&post=3310"}],"version-history":[{"count":1,"href":"https:\/\/ss-cg.org\/index.php?rest_route=\/wp\/v2\/posts\/3310\/revisions"}],"predecessor-version":[{"id":3311,"href":"https:\/\/ss-cg.org\/index.php?rest_route=\/wp\/v2\/posts\/3310\/revisions\/3311"}],"wp:featuredmedia":[{"embeddable":true,"href":"https:\/\/ss-cg.org\/index.php?rest_route=\/wp\/v2\/media\/3318"}],"wp:attachment":[{"href":"https:\/\/ss-cg.org\/index.php?rest_route=%2Fwp%2Fv2%2Fmedia&parent=3310"}],"wp:term":[{"taxonomy":"category","embeddable":true,"href":"https:\/\/ss-cg.org\/index.php?rest_route=%2Fwp%2Fv2%2Fcategories&post=3310"},{"taxonomy":"post_tag","embeddable":true,"href":"https:\/\/ss-cg.org\/index.php?rest_route=%2Fwp%2Fv2%2Ftags&post=3310"}],"curies":[{"name":"wp","href":"https:\/\/api.w.org\/{rel}","templated":true}]}}