{"id":3279,"date":"2022-06-07T11:06:06","date_gmt":"2022-06-07T11:06:06","guid":{"rendered":"https:\/\/ss-cg.org\/?p=3279"},"modified":"2022-09-29T11:12:42","modified_gmt":"2022-09-29T11:12:42","slug":"podkast-pravo-na-politicko-ucesce-osoba-ostecenog-vida","status":"publish","type":"post","link":"https:\/\/ss-cg.org\/?p=3279","title":{"rendered":"PODCAST, Pravo na politi\u010dko u\u010de\u0161\u0107e osoba o\u0161te\u0107enog vida"},"content":{"rendered":"<div>\n<p>Ova epizoda podcasta fokusira se na va\u017eno pravo na mogu\u0107nost u\u010de\u0161\u0107a u politi\u010dkom i javnom \u017eivotu, kao i na samostalno glasanje, koje je propisano Konvencijom Ujedinjenih nacija o pravima osoba s invaliditetom (UN CRPD), \u010dlan 29. Na\u017ealost, politi\u010dke vizije se, me\u0111utim, ne pretvaraju uvijek u stvarnost i vidimo da implementacija ovog prava \u010desto nije na odgovaraju\u0107i na\u010din.<\/p>\n<div><\/div>\n<div>U ovoj epizodi, Tracy Dearing &#8211; politi\u010darka o\u0161te\u0107enog vida iz Hulla u Velikoj Britaniji, govori nam o svom iskustvu kada je izabrana za odbornicu 2021. U ovoj epizodi su i dva stru\u010dnjaka; Diana Stentoft \u2013 generalna sekretarka Svjetskog saveza slijepih, Danska i James Adams \u2013 direktor Kraljevskog nacionalnog instituta slijepih u \u0160kotskoj, koji \u0107e razgovarati o preprekama i izazovima, kao i o mogu\u0107nostima, alatima i rje\u0161enjima za pobolj\u0161anje politi\u010dkog u\u010de\u0161\u0107a.<\/div>\n<div><\/div>\n<div>Podcast vodi Neven Milivojevi\u0107 iz \u0160vedske asocijacije za osobe o\u0161te\u0107enog vida. Neven, sa iskustvom od vi\u0161e od 30 godina u zagovaranju, radio je kao direktor zastupanja na SRF-u, predava\u010d na Univerzitetu Upsala i u \u0161vedskoj politici dugi niz godina. On je tako\u0111e bio odgovoran za me\u0111unarodne programe obuke koje finansira SIDA s ciljem podr\u0161ke globalnoj ratifikaciji i implementaciji UNCRPD-a, a trenutno je nezavisni konsultant.<\/div>\n<div><\/div>\n<p>Ovaj podcast je dio evropskog PARVIS projekta koji vode Evropska unija slijepih (EBU), \u0160vedsko udru\u017eenje sosoba o\u0161te\u0107enog vida \u200b\u200b(SRF) i Asocijacija Holandije (Oogvereniging). Projekat je podr\u017ean od strane Programa za prava, ravnopravnost i gra\u0111anstvo Evropske unije.<\/p>\n<\/div>\n<div><\/div>\n<div>U prilogu verzija na engleskom i na crnogorskom.<\/div>\n<div><\/div>\n<div>\n<div>Na linku, podcast:\u00a0<a href=\"https:\/\/www.podbean.com\/media\/share\/pb-crfw4-122ec1a?utm_campaign=w_share_ep&amp;utm_medium=dlink&amp;utm_source=w_share\">https:\/\/www.podbean.<wbr \/>com\/media\/share\/pb-crfw4-<wbr \/>122ec1a?utm_campaign=w_share_<wbr \/>ep&amp;utm_medium=dlink&amp;utm_<wbr \/>source=w_share<\/a><\/div>\n<\/div>\n<div><\/div>\n<div>Engleski &#8211; <a href=\"https:\/\/ss-cg.org\/wp-content\/uploads\/2022\/06\/the_rights_reporting_podcast_ep_4_-_political_and_public_participation_1_eng.docx\">the_rights_reporting_podcast_ep_4_-_political_and_public_participation_1_eng<\/a><\/div>\n<div>Crnogorski &#8211; <a href=\"https:\/\/ss-cg.org\/wp-content\/uploads\/2022\/06\/Pravo-na-ucesce-u-politickom-i-javnom-zivotu_-mne.docx\">Pravo na u\u010de\u0161\u0107e u politi\u010dkom i javnom \u017eivotu_ mne<\/a><\/div>\n","protected":false},"excerpt":{"rendered":"<p>Ova epizoda podcasta fokusira se na va\u017eno pravo na mogu\u0107nost u\u010de\u0161\u0107a u politi\u010dkom i javnom \u017eivotu, kao i na samostalno glasanje, koje je propisano Konvencijom&#8230;<\/p>\n<div class=\"more-link-wrapper\"><a class=\"more-link\" href=\"https:\/\/ss-cg.org\/?p=3279\">Op\u0161irnije<span class=\"screen-reader-text\">PODCAST, Pravo na politi\u010dko u\u010de\u0161\u0107e osoba o\u0161te\u0107enog vida<\/span><\/a><\/div>\n","protected":false},"author":3,"featured_media":3116,"comment_status":"open","ping_status":"open","sticky":false,"template":"","format":"standard","meta":{"footnotes":""},"categories":[23],"tags":[137,124,846,947,1086,32],"class_list":["post-3279","post","type-post","status-publish","format-standard","has-post-thumbnail","hentry","category-aktuelnosti","tag-ebu","tag-osobe-ostecenog-vida","tag-parvis","tag-podcast","tag-pravo-na-politicko-ucesce","tag-sscg","ratio-2-1","entry"],"_links":{"self":[{"href":"https:\/\/ss-cg.org\/index.php?rest_route=\/wp\/v2\/posts\/3279","targetHints":{"allow":["GET"]}}],"collection":[{"href":"https:\/\/ss-cg.org\/index.php?rest_route=\/wp\/v2\/posts"}],"about":[{"href":"https:\/\/ss-cg.org\/index.php?rest_route=\/wp\/v2\/types\/post"}],"author":[{"embeddable":true,"href":"https:\/\/ss-cg.org\/index.php?rest_route=\/wp\/v2\/users\/3"}],"replies":[{"embeddable":true,"href":"https:\/\/ss-cg.org\/index.php?rest_route=%2Fwp%2Fv2%2Fcomments&post=3279"}],"version-history":[{"count":2,"href":"https:\/\/ss-cg.org\/index.php?rest_route=\/wp\/v2\/posts\/3279\/revisions"}],"predecessor-version":[{"id":3499,"href":"https:\/\/ss-cg.org\/index.php?rest_route=\/wp\/v2\/posts\/3279\/revisions\/3499"}],"wp:featuredmedia":[{"embeddable":true,"href":"https:\/\/ss-cg.org\/index.php?rest_route=\/wp\/v2\/media\/3116"}],"wp:attachment":[{"href":"https:\/\/ss-cg.org\/index.php?rest_route=%2Fwp%2Fv2%2Fmedia&parent=3279"}],"wp:term":[{"taxonomy":"category","embeddable":true,"href":"https:\/\/ss-cg.org\/index.php?rest_route=%2Fwp%2Fv2%2Fcategories&post=3279"},{"taxonomy":"post_tag","embeddable":true,"href":"https:\/\/ss-cg.org\/index.php?rest_route=%2Fwp%2Fv2%2Ftags&post=3279"}],"curies":[{"name":"wp","href":"https:\/\/api.w.org\/{rel}","templated":true}]}}